{"id":10214,"date":"2020-06-03T19:15:50","date_gmt":"2020-06-03T18:15:50","guid":{"rendered":"https:\/\/vjxk6z2tznz.c.updraftclone.com\/web\/?p=10214"},"modified":"2020-09-02T16:51:01","modified_gmt":"2020-09-02T15:51:01","slug":"la-gazette-des-regates-n5","status":"publish","type":"post","link":"https:\/\/caen-yacht-club.com\/web\/la-gazette-des-regates-n5\/","title":{"rendered":"La gazette des r\u00e9gates n\u00b05"},"content":{"rendered":"\n<h3>&nbsp;<\/h3>\n<h3><span style=\"color: #000000\">Bien que tr\u00e8s sp\u00e9cial, le premier semestre 2020 a aussi droit a son \u00e9dition sp\u00e9ciale de l<\/span>a&nbsp;<em>Gazette<\/em><em>&nbsp;des<\/em> <em>r\u00e9gates<\/em>, le bulletin d&#8217;information de l\u2019actualit\u00e9 sportive du Caen Yacht Club.&nbsp;<br><br><\/h3>\n<h3>Un num\u00e9ro (on l&#8217;esp\u00e8re) collector. Bonne lecture !<br><br><\/h3>\n\n\n\n\n\n<div class=\"wp-block-image\"><figure class=\"aligncenter\"><img data-recalc-dims=\"1\" loading=\"lazy\" decoding=\"async\" width=\"723\" height=\"1024\" data-attachment-id=\"10223\" data-permalink=\"https:\/\/caen-yacht-club.com\/web\/la-gazette-des-regates-n5\/5812d564-c0ca-45b5-9de6-5d45035ebd8b\/\" data-orig-file=\"https:\/\/i0.wp.com\/caen-yacht-club.com\/web\/wp-content\/uploads\/5812D564-C0CA-45B5-9DE6-5D45035EBD8B-scaled.jpeg?fit=1809%2C2560&amp;ssl=1\" data-orig-size=\"1809,2560\" data-comments-opened=\"1\" data-image-meta=\"{&quot;aperture&quot;:&quot;0&quot;,&quot;credit&quot;:&quot;&quot;,&quot;camera&quot;:&quot;&quot;,&quot;caption&quot;:&quot;&quot;,&quot;created_timestamp&quot;:&quot;0&quot;,&quot;copyright&quot;:&quot;&quot;,&quot;focal_length&quot;:&quot;0&quot;,&quot;iso&quot;:&quot;0&quot;,&quot;shutter_speed&quot;:&quot;0&quot;,&quot;title&quot;:&quot;&quot;,&quot;orientation&quot;:&quot;1&quot;}\" data-image-title=\"5812D564-C0CA-45B5-9DE6-5D45035EBD8B\" data-image-description=\"\" data-image-caption=\"\" data-large-file=\"https:\/\/i0.wp.com\/caen-yacht-club.com\/web\/wp-content\/uploads\/5812D564-C0CA-45B5-9DE6-5D45035EBD8B-scaled.jpeg?fit=723%2C1024&amp;ssl=1\" src=\"https:\/\/i0.wp.com\/caen-yacht-club.com\/web\/wp-content\/uploads\/5812D564-C0CA-45B5-9DE6-5D45035EBD8B.jpeg?resize=723%2C1024&#038;ssl=1\" alt=\"Gazette des r\u00e9gates du Caen Yacht Club\" class=\"wp-image-10223\" srcset=\"https:\/\/i0.wp.com\/caen-yacht-club.com\/web\/wp-content\/uploads\/5812D564-C0CA-45B5-9DE6-5D45035EBD8B-scaled.jpeg?resize=723%2C1024&amp;ssl=1 723w, https:\/\/i0.wp.com\/caen-yacht-club.com\/web\/wp-content\/uploads\/5812D564-C0CA-45B5-9DE6-5D45035EBD8B-scaled.jpeg?resize=212%2C300&amp;ssl=1 212w, https:\/\/i0.wp.com\/caen-yacht-club.com\/web\/wp-content\/uploads\/5812D564-C0CA-45B5-9DE6-5D45035EBD8B-scaled.jpeg?resize=768%2C1087&amp;ssl=1 768w, https:\/\/i0.wp.com\/caen-yacht-club.com\/web\/wp-content\/uploads\/5812D564-C0CA-45B5-9DE6-5D45035EBD8B-scaled.jpeg?resize=1085%2C1536&amp;ssl=1 1085w, https:\/\/i0.wp.com\/caen-yacht-club.com\/web\/wp-content\/uploads\/5812D564-C0CA-45B5-9DE6-5D45035EBD8B-scaled.jpeg?resize=1447%2C2048&amp;ssl=1 1447w, https:\/\/i0.wp.com\/caen-yacht-club.com\/web\/wp-content\/uploads\/5812D564-C0CA-45B5-9DE6-5D45035EBD8B-scaled.jpeg?resize=600%2C849&amp;ssl=1 600w, https:\/\/i0.wp.com\/caen-yacht-club.com\/web\/wp-content\/uploads\/5812D564-C0CA-45B5-9DE6-5D45035EBD8B-scaled.jpeg?w=1809&amp;ssl=1 1809w\" sizes=\"auto, (max-width: 723px) 100vw, 723px\" \/><\/figure><\/div>\n\n\n\n<div class=\"wp-block-file\"><a href=\"https:\/\/caen-yacht-club.com\/web\/wp-content\/uploads\/gazette-5.pdf\">gazette n\u00b05<\/a><a href=\"https:\/\/caen-yacht-club.com\/web\/wp-content\/uploads\/gazette-5.pdf\" class=\"wp-block-file__button\" download>LIRE LA GAZETTE<\/a><\/div>\n\n\n","protected":false},"excerpt":{"rendered":"<p>&nbsp; Bien que tr\u00e8s sp\u00e9cial, le premier semestre 2020 a aussi droit a son \u00e9dition sp\u00e9ciale de la&nbsp;Gazette&nbsp;des r\u00e9gates, le bulletin d&#8217;information de l\u2019actualit\u00e9 sportive du&#8230;<\/p>\n","protected":false},"author":287,"featured_media":10311,"comment_status":"open","ping_status":"open","sticky":false,"template":"","format":"standard","meta":{"_exactmetrics_skip_tracking":false,"_exactmetrics_sitenote_active":false,"_exactmetrics_sitenote_note":"","_exactmetrics_sitenote_category":0,"jetpack_post_was_ever_published":false,"_jetpack_newsletter_access":"","_jetpack_dont_email_post_to_subs":false,"_jetpack_newsletter_tier_id":0,"_jetpack_memberships_contains_paywalled_content":false,"_jetpack_memberships_contains_paid_content":false,"footnotes":""},"categories":[1,9,69,57],"tags":[249,13,250],"class_list":["post-10214","post","type-post","status-publish","format-standard","has-post-thumbnail","hentry","category-actualite","category-ecole-j80","category-regate","category-vie-du-club","tag-actualite","tag-regate","tag-sport"],"yoast_head":"<!-- This site is optimized with the Yoast SEO plugin v27.5 - https:\/\/yoast.com\/product\/yoast-seo-wordpress\/ -->\n<title>Caen Yacht Club Actualit\u00e9s<\/title>\n<meta name=\"description\" content=\"Les actualit\u00e9s et \u00e9v\u00e8nements du Caen Yacht Club. R\u00e9gates, Cours de voile, Conf\u00e9rences\" \/>\n<meta name=\"robots\" content=\"index, follow, max-snippet:-1, max-image-preview:large, max-video-preview:-1\" \/>\n<link rel=\"canonical\" href=\"https:\/\/caen-yacht-club.com\/web\/la-gazette-des-regates-n5\/\" \/>\n<meta property=\"og:locale\" content=\"fr_FR\" \/>\n<meta property=\"og:type\" content=\"article\" \/>\n<meta property=\"og:title\" content=\"Caen Yacht Club Actualit\u00e9s\" \/>\n<meta property=\"og:description\" content=\"Les actualit\u00e9s et \u00e9v\u00e8nements du Caen Yacht Club. R\u00e9gates, Cours de voile, Conf\u00e9rences\" \/>\n<meta property=\"og:url\" content=\"https:\/\/caen-yacht-club.com\/web\/la-gazette-des-regates-n5\/\" \/>\n<meta property=\"og:site_name\" content=\"Caen Yacht Club\" \/>\n<meta property=\"article:published_time\" content=\"2020-06-03T18:15:50+00:00\" \/>\n<meta property=\"article:modified_time\" content=\"2020-09-02T15:51:01+00:00\" \/>\n<meta property=\"og:image\" content=\"https:\/\/i0.wp.com\/caen-yacht-club.com\/web\/wp-content\/uploads\/Capture-d\u2019\u00e9cran-2020-06-26-\u00e0-17.29.44.png?fit=228%2C200&ssl=1\" \/>\n\t<meta property=\"og:image:width\" content=\"228\" \/>\n\t<meta property=\"og:image:height\" content=\"200\" \/>\n\t<meta property=\"og:image:type\" content=\"image\/png\" \/>\n<meta name=\"author\" content=\"Jean-Edouard\" \/>\n<meta name=\"twitter:card\" content=\"summary_large_image\" \/>\n<meta name=\"twitter:label1\" content=\"\u00c9crit par\" \/>\n\t<meta name=\"twitter:data1\" content=\"Jean-Edouard\" \/>\n<script type=\"application\/ld+json\" class=\"yoast-schema-graph\">{\"@context\":\"https:\\\/\\\/schema.org\",\"@graph\":[{\"@type\":\"NewsArticle\",\"@id\":\"https:\\\/\\\/caen-yacht-club.com\\\/web\\\/la-gazette-des-regates-n5\\\/#article\",\"isPartOf\":{\"@id\":\"https:\\\/\\\/caen-yacht-club.com\\\/web\\\/la-gazette-des-regates-n5\\\/\"},\"author\":{\"name\":\"Jean-Edouard\",\"@id\":\"https:\\\/\\\/caen-yacht-club.com\\\/web\\\/#\\\/schema\\\/person\\\/af87a4c0a8c723cb75bbb14437e658a5\"},\"headline\":\"La gazette des r\u00e9gates n\u00b05\",\"datePublished\":\"2020-06-03T18:15:50+00:00\",\"dateModified\":\"2020-09-02T15:51:01+00:00\",\"mainEntityOfPage\":{\"@id\":\"https:\\\/\\\/caen-yacht-club.com\\\/web\\\/la-gazette-des-regates-n5\\\/\"},\"wordCount\":58,\"commentCount\":0,\"publisher\":{\"@id\":\"https:\\\/\\\/caen-yacht-club.com\\\/web\\\/#organization\"},\"image\":{\"@id\":\"https:\\\/\\\/caen-yacht-club.com\\\/web\\\/la-gazette-des-regates-n5\\\/#primaryimage\"},\"thumbnailUrl\":\"https:\\\/\\\/i0.wp.com\\\/caen-yacht-club.com\\\/web\\\/wp-content\\\/uploads\\\/Capture-d%E2%80%99%C3%A9cran-2020-06-26-%C3%A0-17.29.44.png?fit=228%2C200&ssl=1\",\"keywords\":[\"actualit\u00e9\",\"r\u00e9gate\",\"sport\"],\"articleSection\":[\"Actualit\u00e9\",\"Ecole J80\",\"R\u00e9gate\",\"Vie du club\"],\"inLanguage\":\"fr-FR\",\"potentialAction\":[{\"@type\":\"CommentAction\",\"name\":\"Comment\",\"target\":[\"https:\\\/\\\/caen-yacht-club.com\\\/web\\\/la-gazette-des-regates-n5\\\/#respond\"]}]},{\"@type\":\"WebPage\",\"@id\":\"https:\\\/\\\/caen-yacht-club.com\\\/web\\\/la-gazette-des-regates-n5\\\/\",\"url\":\"https:\\\/\\\/caen-yacht-club.com\\\/web\\\/la-gazette-des-regates-n5\\\/\",\"name\":\"Caen Yacht Club Actualit\u00e9s\",\"isPartOf\":{\"@id\":\"https:\\\/\\\/caen-yacht-club.com\\\/web\\\/#website\"},\"primaryImageOfPage\":{\"@id\":\"https:\\\/\\\/caen-yacht-club.com\\\/web\\\/la-gazette-des-regates-n5\\\/#primaryimage\"},\"image\":{\"@id\":\"https:\\\/\\\/caen-yacht-club.com\\\/web\\\/la-gazette-des-regates-n5\\\/#primaryimage\"},\"thumbnailUrl\":\"https:\\\/\\\/i0.wp.com\\\/caen-yacht-club.com\\\/web\\\/wp-content\\\/uploads\\\/Capture-d%E2%80%99%C3%A9cran-2020-06-26-%C3%A0-17.29.44.png?fit=228%2C200&ssl=1\",\"datePublished\":\"2020-06-03T18:15:50+00:00\",\"dateModified\":\"2020-09-02T15:51:01+00:00\",\"description\":\"Les actualit\u00e9s et \u00e9v\u00e8nements du Caen Yacht Club. R\u00e9gates, Cours de voile, Conf\u00e9rences\",\"breadcrumb\":{\"@id\":\"https:\\\/\\\/caen-yacht-club.com\\\/web\\\/la-gazette-des-regates-n5\\\/#breadcrumb\"},\"inLanguage\":\"fr-FR\",\"potentialAction\":[{\"@type\":\"ReadAction\",\"target\":[\"https:\\\/\\\/caen-yacht-club.com\\\/web\\\/la-gazette-des-regates-n5\\\/\"]}]},{\"@type\":\"ImageObject\",\"inLanguage\":\"fr-FR\",\"@id\":\"https:\\\/\\\/caen-yacht-club.com\\\/web\\\/la-gazette-des-regates-n5\\\/#primaryimage\",\"url\":\"https:\\\/\\\/i0.wp.com\\\/caen-yacht-club.com\\\/web\\\/wp-content\\\/uploads\\\/Capture-d%E2%80%99%C3%A9cran-2020-06-26-%C3%A0-17.29.44.png?fit=228%2C200&ssl=1\",\"contentUrl\":\"https:\\\/\\\/i0.wp.com\\\/caen-yacht-club.com\\\/web\\\/wp-content\\\/uploads\\\/Capture-d%E2%80%99%C3%A9cran-2020-06-26-%C3%A0-17.29.44.png?fit=228%2C200&ssl=1\",\"width\":228,\"height\":200},{\"@type\":\"BreadcrumbList\",\"@id\":\"https:\\\/\\\/caen-yacht-club.com\\\/web\\\/la-gazette-des-regates-n5\\\/#breadcrumb\",\"itemListElement\":[{\"@type\":\"ListItem\",\"position\":1,\"name\":\"Accueil\",\"item\":\"https:\\\/\\\/caen-yacht-club.com\\\/web\\\/\"},{\"@type\":\"ListItem\",\"position\":2,\"name\":\"La gazette des r\u00e9gates n\u00b05\"}]},{\"@type\":\"WebSite\",\"@id\":\"https:\\\/\\\/caen-yacht-club.com\\\/web\\\/#website\",\"url\":\"https:\\\/\\\/caen-yacht-club.com\\\/web\\\/\",\"name\":\"Caen Yacht Club\",\"description\":\"Naviguez en ville\",\"publisher\":{\"@id\":\"https:\\\/\\\/caen-yacht-club.com\\\/web\\\/#organization\"},\"potentialAction\":[{\"@type\":\"SearchAction\",\"target\":{\"@type\":\"EntryPoint\",\"urlTemplate\":\"https:\\\/\\\/caen-yacht-club.com\\\/web\\\/?s={search_term_string}\"},\"query-input\":{\"@type\":\"PropertyValueSpecification\",\"valueRequired\":true,\"valueName\":\"search_term_string\"}}],\"inLanguage\":\"fr-FR\"},{\"@type\":\"Organization\",\"@id\":\"https:\\\/\\\/caen-yacht-club.com\\\/web\\\/#organization\",\"name\":\"Caen Yacht Club\",\"url\":\"https:\\\/\\\/caen-yacht-club.com\\\/web\\\/\",\"logo\":{\"@type\":\"ImageObject\",\"inLanguage\":\"fr-FR\",\"@id\":\"https:\\\/\\\/caen-yacht-club.com\\\/web\\\/#\\\/schema\\\/logo\\\/image\\\/\",\"url\":\"https:\\\/\\\/i0.wp.com\\\/caen-yacht-club.com\\\/web\\\/wp-content\\\/uploads\\\/2020\\\/03\\\/Logo_CYC_20170104-e1585662025871.png?fit=500%2C472&ssl=1\",\"contentUrl\":\"https:\\\/\\\/i0.wp.com\\\/caen-yacht-club.com\\\/web\\\/wp-content\\\/uploads\\\/2020\\\/03\\\/Logo_CYC_20170104-e1585662025871.png?fit=500%2C472&ssl=1\",\"width\":500,\"height\":472,\"caption\":\"Caen Yacht Club\"},\"image\":{\"@id\":\"https:\\\/\\\/caen-yacht-club.com\\\/web\\\/#\\\/schema\\\/logo\\\/image\\\/\"}},{\"@type\":\"Person\",\"@id\":\"https:\\\/\\\/caen-yacht-club.com\\\/web\\\/#\\\/schema\\\/person\\\/af87a4c0a8c723cb75bbb14437e658a5\",\"name\":\"Jean-Edouard\",\"image\":{\"@type\":\"ImageObject\",\"inLanguage\":\"fr-FR\",\"@id\":\"https:\\\/\\\/secure.gravatar.com\\\/avatar\\\/2796cd0de27988e13591ad65946f06c8a0a3364e35ad22e382d0fc174b6111be?s=96&d=mm&r=g\",\"url\":\"https:\\\/\\\/secure.gravatar.com\\\/avatar\\\/2796cd0de27988e13591ad65946f06c8a0a3364e35ad22e382d0fc174b6111be?s=96&d=mm&r=g\",\"contentUrl\":\"https:\\\/\\\/secure.gravatar.com\\\/avatar\\\/2796cd0de27988e13591ad65946f06c8a0a3364e35ad22e382d0fc174b6111be?s=96&d=mm&r=g\",\"caption\":\"Jean-Edouard\"},\"url\":\"https:\\\/\\\/caen-yacht-club.com\\\/web\\\/espace-membre\\\/?uid=287\"}]}<\/script>\n<!-- \/ Yoast SEO plugin. -->","yoast_head_json":{"title":"Caen Yacht Club Actualit\u00e9s","description":"Les actualit\u00e9s et \u00e9v\u00e8nements du Caen Yacht Club. R\u00e9gates, Cours de voile, Conf\u00e9rences","robots":{"index":"index","follow":"follow","max-snippet":"max-snippet:-1","max-image-preview":"max-image-preview:large","max-video-preview":"max-video-preview:-1"},"canonical":"https:\/\/caen-yacht-club.com\/web\/la-gazette-des-regates-n5\/","og_locale":"fr_FR","og_type":"article","og_title":"Caen Yacht Club Actualit\u00e9s","og_description":"Les actualit\u00e9s et \u00e9v\u00e8nements du Caen Yacht Club. R\u00e9gates, Cours de voile, Conf\u00e9rences","og_url":"https:\/\/caen-yacht-club.com\/web\/la-gazette-des-regates-n5\/","og_site_name":"Caen Yacht Club","article_published_time":"2020-06-03T18:15:50+00:00","article_modified_time":"2020-09-02T15:51:01+00:00","og_image":[{"width":228,"height":200,"url":"https:\/\/i0.wp.com\/caen-yacht-club.com\/web\/wp-content\/uploads\/Capture-d\u2019\u00e9cran-2020-06-26-\u00e0-17.29.44.png?fit=228%2C200&ssl=1","type":"image\/png"}],"author":"Jean-Edouard","twitter_card":"summary_large_image","twitter_misc":{"\u00c9crit par":"Jean-Edouard"},"schema":{"@context":"https:\/\/schema.org","@graph":[{"@type":"NewsArticle","@id":"https:\/\/caen-yacht-club.com\/web\/la-gazette-des-regates-n5\/#article","isPartOf":{"@id":"https:\/\/caen-yacht-club.com\/web\/la-gazette-des-regates-n5\/"},"author":{"name":"Jean-Edouard","@id":"https:\/\/caen-yacht-club.com\/web\/#\/schema\/person\/af87a4c0a8c723cb75bbb14437e658a5"},"headline":"La gazette des r\u00e9gates n\u00b05","datePublished":"2020-06-03T18:15:50+00:00","dateModified":"2020-09-02T15:51:01+00:00","mainEntityOfPage":{"@id":"https:\/\/caen-yacht-club.com\/web\/la-gazette-des-regates-n5\/"},"wordCount":58,"commentCount":0,"publisher":{"@id":"https:\/\/caen-yacht-club.com\/web\/#organization"},"image":{"@id":"https:\/\/caen-yacht-club.com\/web\/la-gazette-des-regates-n5\/#primaryimage"},"thumbnailUrl":"https:\/\/i0.wp.com\/caen-yacht-club.com\/web\/wp-content\/uploads\/Capture-d%E2%80%99%C3%A9cran-2020-06-26-%C3%A0-17.29.44.png?fit=228%2C200&ssl=1","keywords":["actualit\u00e9","r\u00e9gate","sport"],"articleSection":["Actualit\u00e9","Ecole J80","R\u00e9gate","Vie du club"],"inLanguage":"fr-FR","potentialAction":[{"@type":"CommentAction","name":"Comment","target":["https:\/\/caen-yacht-club.com\/web\/la-gazette-des-regates-n5\/#respond"]}]},{"@type":"WebPage","@id":"https:\/\/caen-yacht-club.com\/web\/la-gazette-des-regates-n5\/","url":"https:\/\/caen-yacht-club.com\/web\/la-gazette-des-regates-n5\/","name":"Caen Yacht Club Actualit\u00e9s","isPartOf":{"@id":"https:\/\/caen-yacht-club.com\/web\/#website"},"primaryImageOfPage":{"@id":"https:\/\/caen-yacht-club.com\/web\/la-gazette-des-regates-n5\/#primaryimage"},"image":{"@id":"https:\/\/caen-yacht-club.com\/web\/la-gazette-des-regates-n5\/#primaryimage"},"thumbnailUrl":"https:\/\/i0.wp.com\/caen-yacht-club.com\/web\/wp-content\/uploads\/Capture-d%E2%80%99%C3%A9cran-2020-06-26-%C3%A0-17.29.44.png?fit=228%2C200&ssl=1","datePublished":"2020-06-03T18:15:50+00:00","dateModified":"2020-09-02T15:51:01+00:00","description":"Les actualit\u00e9s et \u00e9v\u00e8nements du Caen Yacht Club. R\u00e9gates, Cours de voile, Conf\u00e9rences","breadcrumb":{"@id":"https:\/\/caen-yacht-club.com\/web\/la-gazette-des-regates-n5\/#breadcrumb"},"inLanguage":"fr-FR","potentialAction":[{"@type":"ReadAction","target":["https:\/\/caen-yacht-club.com\/web\/la-gazette-des-regates-n5\/"]}]},{"@type":"ImageObject","inLanguage":"fr-FR","@id":"https:\/\/caen-yacht-club.com\/web\/la-gazette-des-regates-n5\/#primaryimage","url":"https:\/\/i0.wp.com\/caen-yacht-club.com\/web\/wp-content\/uploads\/Capture-d%E2%80%99%C3%A9cran-2020-06-26-%C3%A0-17.29.44.png?fit=228%2C200&ssl=1","contentUrl":"https:\/\/i0.wp.com\/caen-yacht-club.com\/web\/wp-content\/uploads\/Capture-d%E2%80%99%C3%A9cran-2020-06-26-%C3%A0-17.29.44.png?fit=228%2C200&ssl=1","width":228,"height":200},{"@type":"BreadcrumbList","@id":"https:\/\/caen-yacht-club.com\/web\/la-gazette-des-regates-n5\/#breadcrumb","itemListElement":[{"@type":"ListItem","position":1,"name":"Accueil","item":"https:\/\/caen-yacht-club.com\/web\/"},{"@type":"ListItem","position":2,"name":"La gazette des r\u00e9gates n\u00b05"}]},{"@type":"WebSite","@id":"https:\/\/caen-yacht-club.com\/web\/#website","url":"https:\/\/caen-yacht-club.com\/web\/","name":"Caen Yacht Club","description":"Naviguez en ville","publisher":{"@id":"https:\/\/caen-yacht-club.com\/web\/#organization"},"potentialAction":[{"@type":"SearchAction","target":{"@type":"EntryPoint","urlTemplate":"https:\/\/caen-yacht-club.com\/web\/?s={search_term_string}"},"query-input":{"@type":"PropertyValueSpecification","valueRequired":true,"valueName":"search_term_string"}}],"inLanguage":"fr-FR"},{"@type":"Organization","@id":"https:\/\/caen-yacht-club.com\/web\/#organization","name":"Caen Yacht Club","url":"https:\/\/caen-yacht-club.com\/web\/","logo":{"@type":"ImageObject","inLanguage":"fr-FR","@id":"https:\/\/caen-yacht-club.com\/web\/#\/schema\/logo\/image\/","url":"https:\/\/i0.wp.com\/caen-yacht-club.com\/web\/wp-content\/uploads\/2020\/03\/Logo_CYC_20170104-e1585662025871.png?fit=500%2C472&ssl=1","contentUrl":"https:\/\/i0.wp.com\/caen-yacht-club.com\/web\/wp-content\/uploads\/2020\/03\/Logo_CYC_20170104-e1585662025871.png?fit=500%2C472&ssl=1","width":500,"height":472,"caption":"Caen Yacht Club"},"image":{"@id":"https:\/\/caen-yacht-club.com\/web\/#\/schema\/logo\/image\/"}},{"@type":"Person","@id":"https:\/\/caen-yacht-club.com\/web\/#\/schema\/person\/af87a4c0a8c723cb75bbb14437e658a5","name":"Jean-Edouard","image":{"@type":"ImageObject","inLanguage":"fr-FR","@id":"https:\/\/secure.gravatar.com\/avatar\/2796cd0de27988e13591ad65946f06c8a0a3364e35ad22e382d0fc174b6111be?s=96&d=mm&r=g","url":"https:\/\/secure.gravatar.com\/avatar\/2796cd0de27988e13591ad65946f06c8a0a3364e35ad22e382d0fc174b6111be?s=96&d=mm&r=g","contentUrl":"https:\/\/secure.gravatar.com\/avatar\/2796cd0de27988e13591ad65946f06c8a0a3364e35ad22e382d0fc174b6111be?s=96&d=mm&r=g","caption":"Jean-Edouard"},"url":"https:\/\/caen-yacht-club.com\/web\/espace-membre\/?uid=287"}]}},"jetpack_featured_media_url":"https:\/\/i0.wp.com\/caen-yacht-club.com\/web\/wp-content\/uploads\/Capture-d%E2%80%99%C3%A9cran-2020-06-26-%C3%A0-17.29.44.png?fit=228%2C200&ssl=1","jetpack_sharing_enabled":true,"jetpack_shortlink":"https:\/\/wp.me\/p7ppuD-2EK","jetpack-related-posts":[{"id":3775,"url":"https:\/\/caen-yacht-club.com\/web\/la-gazette-des-regates-disponible-sur-le-site\/","url_meta":{"origin":10214,"position":0},"title":"La Gazette des R\u00e9gates disponible sur le site","author":"Damien BULLET","date":"22 octobre 2019","format":false,"excerpt":"Tous les num\u00e9ros de la Gazette des R\u00e9gates sont d\u00e9sormais disponibles sur la page de la section r\u00e9gate.","rel":"","context":"Dans &quot;Actualit\u00e9&quot;","block_context":{"text":"Actualit\u00e9","link":"https:\/\/caen-yacht-club.com\/web\/category\/actualite\/"},"img":{"alt_text":"","src":"","width":0,"height":0},"classes":[]},{"id":10302,"url":"https:\/\/caen-yacht-club.com\/web\/calendrier-previsionnel-des-regates-2020\/","url_meta":{"origin":10214,"position":1},"title":"Calendrier pr\u00e9visionnel des r\u00e9gates 2020","author":"Jean-Edouard","date":"26 juin 2020","format":false,"excerpt":"Le calendrier des r\u00e9gates de la rentr\u00e9e est pr\u00eat ! Vous pouvez le consulter\u00a0ici !C'est maintenant \u00e0 vous de vous en emparer: identifiez les \u00e9v\u00e8nements auxquels vous voulez participer, constituez votre \u00e9quipage, et rendez-vous aux entrainements !\u00a0Pour toute question, n'h\u00e9sitez pas \u00e0 demander sur\u00a0le groupe Facebook de l'\u00e9cole de voile\u2026","rel":"","context":"Dans &quot;Actualit\u00e9&quot;","block_context":{"text":"Actualit\u00e9","link":"https:\/\/caen-yacht-club.com\/web\/category\/actualite\/"},"img":{"alt_text":"","src":"https:\/\/i0.wp.com\/caen-yacht-club.com\/web\/wp-content\/uploads\/Capture-d%E2%80%99%C3%A9cran-2020-06-26-%C3%A0-17.00.07-1.png?resize=350%2C200&ssl=1","width":350,"height":200,"srcset":"https:\/\/i0.wp.com\/caen-yacht-club.com\/web\/wp-content\/uploads\/Capture-d%E2%80%99%C3%A9cran-2020-06-26-%C3%A0-17.00.07-1.png?resize=350%2C200&ssl=1 1x, https:\/\/i0.wp.com\/caen-yacht-club.com\/web\/wp-content\/uploads\/Capture-d%E2%80%99%C3%A9cran-2020-06-26-%C3%A0-17.00.07-1.png?resize=525%2C300&ssl=1 1.5x, https:\/\/i0.wp.com\/caen-yacht-club.com\/web\/wp-content\/uploads\/Capture-d%E2%80%99%C3%A9cran-2020-06-26-%C3%A0-17.00.07-1.png?resize=700%2C400&ssl=1 2x"},"classes":[]},{"id":3113,"url":"https:\/\/caen-yacht-club.com\/web\/laser-rc-une-regate-ce-dimanche-11-novembre-a-caen\/","url_meta":{"origin":10214,"position":2},"title":"Laser RC :  une r\u00e9gate ce dimanche 11 novembre \u00e0 Caen","author":"Damien BULLET","date":"8 novembre 2018","format":false,"excerpt":"Le Caen Yacht Club organise ce dimanche 11 novembre de 10h \u00e0 16h sur le plan d'eau devant l'actuelle base nautique municipale, sa premi\u00e8re r\u00e9gate de Laser Radiocommand\u00e9 (RC). N'h\u00e9sitez pas \u00e0 venir d\u00e9couvrir cette nouvelle activit\u00e9 propos\u00e9e par le Caen Yacht Club ! Le Laser RC est un bateau\u2026","rel":"","context":"Dans &quot;Actualit\u00e9&quot;","block_context":{"text":"Actualit\u00e9","link":"https:\/\/caen-yacht-club.com\/web\/category\/actualite\/"},"img":{"alt_text":"","src":"https:\/\/i0.wp.com\/caen-yacht-club.com\/web\/wp-content\/uploads\/2018\/11\/RC2site.jpg?fit=1200%2C800&ssl=1&resize=350%2C200","width":350,"height":200,"srcset":"https:\/\/i0.wp.com\/caen-yacht-club.com\/web\/wp-content\/uploads\/2018\/11\/RC2site.jpg?fit=1200%2C800&ssl=1&resize=350%2C200 1x, https:\/\/i0.wp.com\/caen-yacht-club.com\/web\/wp-content\/uploads\/2018\/11\/RC2site.jpg?fit=1200%2C800&ssl=1&resize=525%2C300 1.5x, https:\/\/i0.wp.com\/caen-yacht-club.com\/web\/wp-content\/uploads\/2018\/11\/RC2site.jpg?fit=1200%2C800&ssl=1&resize=700%2C400 2x, https:\/\/i0.wp.com\/caen-yacht-club.com\/web\/wp-content\/uploads\/2018\/11\/RC2site.jpg?fit=1200%2C800&ssl=1&resize=1050%2C600 3x"},"classes":[]},{"id":13217,"url":"https:\/\/caen-yacht-club.com\/web\/entrainement-pour-la-regate-du-beaujolais-srco\/","url_meta":{"origin":10214,"position":3},"title":"Entra\u00eenement pour la r\u00e9gate du Beaujolais &#8211; SRCO","author":"Anne CHIVOT","date":"6 novembre 2023","format":false,"excerpt":"\u00a0 Le Caen Yacht Club propose \u00e0 ses adh\u00e9rents un week-end de d\u00e9couverte de la pratique de la r\u00e9gate en autonomie, le week-end du 19 novembre, en lien avec la SRCO (Soci\u00e9t\u00e9 des R\u00e9gates de Caen-Ouistreham), club ami et voisin. \u00a0 Au menu: Samedi 18 novembre : Convoyage du ou\u2026","rel":"","context":"Dans &quot;Actualit\u00e9&quot;","block_context":{"text":"Actualit\u00e9","link":"https:\/\/caen-yacht-club.com\/web\/category\/actualite\/"},"img":{"alt_text":"","src":"https:\/\/i0.wp.com\/caen-yacht-club.com\/web\/wp-content\/uploads\/regate.jpg?fit=900%2C1200&ssl=1&resize=350%2C200","width":350,"height":200,"srcset":"https:\/\/i0.wp.com\/caen-yacht-club.com\/web\/wp-content\/uploads\/regate.jpg?fit=900%2C1200&ssl=1&resize=350%2C200 1x, https:\/\/i0.wp.com\/caen-yacht-club.com\/web\/wp-content\/uploads\/regate.jpg?fit=900%2C1200&ssl=1&resize=525%2C300 1.5x, https:\/\/i0.wp.com\/caen-yacht-club.com\/web\/wp-content\/uploads\/regate.jpg?fit=900%2C1200&ssl=1&resize=700%2C400 2x"},"classes":[]},{"id":10653,"url":"https:\/\/caen-yacht-club.com\/web\/prenez-le-depart-du-vendee-globe-avec-le-cyc\/","url_meta":{"origin":10214,"position":4},"title":"Prenez le d\u00e9part du Vend\u00e9e Globe avec le CYC !","author":"Jean-Edouard","date":"8 novembre 2020","format":false,"excerpt":"Priv\u00e9s d\u2019entra\u00eenements en J80 pour les 4 prochaines semaines ? Qu\u2019\u00e0 cela ne tienne ! Le Caen Yacht Yacht Club vous propose une navigation virtuelle pour les 80 jours \u00e0 venir ! Le moment est parfait pour s\u2019\u00e9vader, r\u00eaver de circumnavigation, de se confronter aux syst\u00e8mes m\u00e9t\u00e9o globaux abord\u00e9s en\u2026","rel":"","context":"Dans &quot;Actualit\u00e9&quot;","block_context":{"text":"Actualit\u00e9","link":"https:\/\/caen-yacht-club.com\/web\/category\/actualite\/"},"img":{"alt_text":"","src":"https:\/\/i0.wp.com\/caen-yacht-club.com\/web\/wp-content\/uploads\/Capture-d%E2%80%99%C3%A9cran-2020-11-08-%C3%A0-12.10.34.png?fit=557%2C249&ssl=1&resize=350%2C200","width":350,"height":200,"srcset":"https:\/\/i0.wp.com\/caen-yacht-club.com\/web\/wp-content\/uploads\/Capture-d%E2%80%99%C3%A9cran-2020-11-08-%C3%A0-12.10.34.png?fit=557%2C249&ssl=1&resize=350%2C200 1x, https:\/\/i0.wp.com\/caen-yacht-club.com\/web\/wp-content\/uploads\/Capture-d%E2%80%99%C3%A9cran-2020-11-08-%C3%A0-12.10.34.png?fit=557%2C249&ssl=1&resize=525%2C300 1.5x"},"classes":[]},{"id":2720,"url":"https:\/\/caen-yacht-club.com\/web\/claire-pruvot-invitee-du-prochain-cafe-maritime\/","url_meta":{"origin":10214,"position":5},"title":"CLAIRE PRUVOT INVIT\u00c9E DU PROCHAIN CAF\u00c9 MARITIME","author":"Damien BULLET","date":"23 mars 2018","format":false,"excerpt":"Pour son prochain Caf\u00e9 Maritime le CAEN YACHT CLUB accueille Claire Pruvot, skipper normande, dont l\u2019objectif majeur cette ann\u00e9e est\u00a0 \"la Route du Rhum Destination Guadeloupe\". Deux fois championne du Monde de match racing f\u00e9minin en J80, Claire a franchi le cap du solitaire et de la course au large\u2026","rel":"","context":"Dans &quot;Actualit\u00e9&quot;","block_context":{"text":"Actualit\u00e9","link":"https:\/\/caen-yacht-club.com\/web\/category\/actualite\/"},"img":{"alt_text":"","src":"https:\/\/i0.wp.com\/caen-yacht-club.com\/web\/wp-content\/uploads\/2018\/03\/SOLOFIG_200613_0039-copy.jpg?fit=1200%2C877&ssl=1&resize=350%2C200","width":350,"height":200,"srcset":"https:\/\/i0.wp.com\/caen-yacht-club.com\/web\/wp-content\/uploads\/2018\/03\/SOLOFIG_200613_0039-copy.jpg?fit=1200%2C877&ssl=1&resize=350%2C200 1x, https:\/\/i0.wp.com\/caen-yacht-club.com\/web\/wp-content\/uploads\/2018\/03\/SOLOFIG_200613_0039-copy.jpg?fit=1200%2C877&ssl=1&resize=525%2C300 1.5x, https:\/\/i0.wp.com\/caen-yacht-club.com\/web\/wp-content\/uploads\/2018\/03\/SOLOFIG_200613_0039-copy.jpg?fit=1200%2C877&ssl=1&resize=700%2C400 2x, https:\/\/i0.wp.com\/caen-yacht-club.com\/web\/wp-content\/uploads\/2018\/03\/SOLOFIG_200613_0039-copy.jpg?fit=1200%2C877&ssl=1&resize=1050%2C600 3x"},"classes":[]}],"_links":{"self":[{"href":"https:\/\/caen-yacht-club.com\/web\/wp-json\/wp\/v2\/posts\/10214","targetHints":{"allow":["GET"]}}],"collection":[{"href":"https:\/\/caen-yacht-club.com\/web\/wp-json\/wp\/v2\/posts"}],"about":[{"href":"https:\/\/caen-yacht-club.com\/web\/wp-json\/wp\/v2\/types\/post"}],"author":[{"embeddable":true,"href":"https:\/\/caen-yacht-club.com\/web\/wp-json\/wp\/v2\/users\/287"}],"replies":[{"embeddable":true,"href":"https:\/\/caen-yacht-club.com\/web\/wp-json\/wp\/v2\/comments?post=10214"}],"version-history":[{"count":0,"href":"https:\/\/caen-yacht-club.com\/web\/wp-json\/wp\/v2\/posts\/10214\/revisions"}],"wp:featuredmedia":[{"embeddable":true,"href":"https:\/\/caen-yacht-club.com\/web\/wp-json\/wp\/v2\/media\/10311"}],"wp:attachment":[{"href":"https:\/\/caen-yacht-club.com\/web\/wp-json\/wp\/v2\/media?parent=10214"}],"wp:term":[{"taxonomy":"category","embeddable":true,"href":"https:\/\/caen-yacht-club.com\/web\/wp-json\/wp\/v2\/categories?post=10214"},{"taxonomy":"post_tag","embeddable":true,"href":"https:\/\/caen-yacht-club.com\/web\/wp-json\/wp\/v2\/tags?post=10214"}],"curies":[{"name":"wp","href":"https:\/\/api.w.org\/{rel}","templated":true}]}}