{"id":10334,"date":"2020-07-10T21:01:57","date_gmt":"2020-07-10T20:01:57","guid":{"rendered":"http:\/\/caen-yacht-club.com\/web\/?p=10334"},"modified":"2020-09-02T16:47:52","modified_gmt":"2020-09-02T15:47:52","slug":"8e-rallye-croisiere-du-calvados-organise-par-le-caen-yacht-club","status":"publish","type":"post","link":"https:\/\/caen-yacht-club.com\/web\/8e-rallye-croisiere-du-calvados-organise-par-le-caen-yacht-club\/","title":{"rendered":"8e Rallye Croisi\u00e8re du Calvados organis\u00e9 par le Caen Yacht Club"},"content":{"rendered":"\n\n\n<p>Le 8e RCC &nbsp;(Rallye Croisi\u00e8re du Calvados) du Caen Yacht Club aura lieu du 17 au 20 Septembre 2020.<br><br>Cette ann\u00e9e, cap sur Le Havre pour 3 jours de navigation et de convivialit\u00e9 en mer, et \u00e0 terre. N\u2019h\u00e9sitez pas \u00e0 rejoindre l\u2019aventure !<br>Skipper sans \u00e9quipage ? \u00c9quipier sans bateau ? Adressez vous au club, nous nous efforcerons de mettre chacun en relation, via notre <i>bourse aux \u00e9quipiers<\/i>.<br>Pour tout renseignement ou inscription : <strong>contact@caen-yacht-club.com<\/strong> ou 02 31 28 58 46<\/p>\n\n\n\n<div class=\"wp-block-image\"><figure class=\"aligncenter size-large\"><img data-recalc-dims=\"1\" loading=\"lazy\" decoding=\"async\" width=\"724\" height=\"1024\" data-attachment-id=\"10344\" data-permalink=\"https:\/\/caen-yacht-club.com\/web\/8e-rallye-croisiere-du-calvados-organise-par-le-caen-yacht-club\/e5bfcfbb-04df-4e8b-8dd7-4cc92da0f2b3\/\" data-orig-file=\"https:\/\/i0.wp.com\/caen-yacht-club.com\/web\/wp-content\/uploads\/E5BFCFBB-04DF-4E8B-8DD7-4CC92DA0F2B3.jpeg?fit=1576%2C2228&amp;ssl=1\" data-orig-size=\"1576,2228\" data-comments-opened=\"1\" data-image-meta=\"{&quot;aperture&quot;:&quot;0&quot;,&quot;credit&quot;:&quot;&quot;,&quot;camera&quot;:&quot;&quot;,&quot;caption&quot;:&quot;&quot;,&quot;created_timestamp&quot;:&quot;0&quot;,&quot;copyright&quot;:&quot;&quot;,&quot;focal_length&quot;:&quot;0&quot;,&quot;iso&quot;:&quot;0&quot;,&quot;shutter_speed&quot;:&quot;0&quot;,&quot;title&quot;:&quot;&quot;,&quot;orientation&quot;:&quot;1&quot;}\" data-image-title=\"E5BFCFBB-04DF-4E8B-8DD7-4CC92DA0F2B3\" data-image-description=\"\" data-image-caption=\"\" data-large-file=\"https:\/\/i0.wp.com\/caen-yacht-club.com\/web\/wp-content\/uploads\/E5BFCFBB-04DF-4E8B-8DD7-4CC92DA0F2B3.jpeg?fit=724%2C1024&amp;ssl=1\" src=\"https:\/\/i0.wp.com\/caen-yacht-club.com\/web\/wp-content\/uploads\/E5BFCFBB-04DF-4E8B-8DD7-4CC92DA0F2B3.jpeg?resize=724%2C1024&#038;ssl=1\" alt=\"Le rallye croisi\u00e8re du Calvados\" class=\"wp-image-10344\" srcset=\"https:\/\/i0.wp.com\/caen-yacht-club.com\/web\/wp-content\/uploads\/E5BFCFBB-04DF-4E8B-8DD7-4CC92DA0F2B3.jpeg?resize=724%2C1024&amp;ssl=1 724w, https:\/\/i0.wp.com\/caen-yacht-club.com\/web\/wp-content\/uploads\/E5BFCFBB-04DF-4E8B-8DD7-4CC92DA0F2B3.jpeg?resize=212%2C300&amp;ssl=1 212w, https:\/\/i0.wp.com\/caen-yacht-club.com\/web\/wp-content\/uploads\/E5BFCFBB-04DF-4E8B-8DD7-4CC92DA0F2B3.jpeg?resize=768%2C1086&amp;ssl=1 768w, https:\/\/i0.wp.com\/caen-yacht-club.com\/web\/wp-content\/uploads\/E5BFCFBB-04DF-4E8B-8DD7-4CC92DA0F2B3.jpeg?resize=1087%2C1536&amp;ssl=1 1087w, https:\/\/i0.wp.com\/caen-yacht-club.com\/web\/wp-content\/uploads\/E5BFCFBB-04DF-4E8B-8DD7-4CC92DA0F2B3.jpeg?resize=1449%2C2048&amp;ssl=1 1449w, https:\/\/i0.wp.com\/caen-yacht-club.com\/web\/wp-content\/uploads\/E5BFCFBB-04DF-4E8B-8DD7-4CC92DA0F2B3.jpeg?resize=600%2C848&amp;ssl=1 600w, https:\/\/i0.wp.com\/caen-yacht-club.com\/web\/wp-content\/uploads\/E5BFCFBB-04DF-4E8B-8DD7-4CC92DA0F2B3.jpeg?w=1576&amp;ssl=1 1576w\" sizes=\"auto, (max-width: 724px) 100vw, 724px\" \/><\/figure><\/div>\n\n\n\n<p>Au <strong>programme<\/strong> de cet \u00e9v\u00e9nement phare de la rentr\u00e9e du Caen Yacht Club:<\/p>\n<p><span style=\"text-decoration: underline\">Jeudi 17 Septembre:<\/span> &nbsp;Finalisation des inscriptions, puis soir\u00e9e conviviale autour de la pr\u00e9sentation du programme, briefing m\u00e9t\u00e9o, et animation musicale.<br><span style=\"text-decoration: underline\">Vendredi 18 Septembre:<\/span> Navigation de Caen vers Le Havre. En soir\u00e9e: intervention d\u2019un pilote de port autour d\u2019une d\u00e9gustation de produits locaux, suivi d\u2019un buffet au SNPH.<br><span style=\"text-decoration: underline\">Samedi 19 Septembre:<\/span> Challenges en mer le matin, et parcours d\u00e9couverte l\u2019apr\u00e8s-midi. Soir\u00e9e et d\u00eener de cl\u00f4ture au SNPH.<br><span style=\"text-decoration: underline\">Dimanche 20 Septembre:<\/span> Navigation retour vers Caen<br><br><em>La participation aux frais int\u00e8gre les places de port au Havre, les petits-d\u00e9jeuners, et les d\u00eeners. Place de port le jeudi soir \u00e0 Caen offerte.<\/em><\/p>\n\n\n\n<p><a href=\"https:\/\/caen-yacht-club.com\/web\/wp-content\/uploads\/RCC2020_Inscription_Bateau.pdf\">Fiche d\u2019inscription d\u2019un bateau<\/a><\/p>\n<p><a href=\"https:\/\/caen-yacht-club.com\/web\/wp-content\/uploads\/RCC2020_Inscription_Equipier.pdf\">Fiche inscription Equipier<\/a><br \/><br \/><a href=\"https:\/\/caen-yacht-club.com\/web\/wp-content\/uploads\/PR\u00c9-PROGRAMME-COM-RCC-2020.docx\">Programme d\u00e9taill\u00e9 du Rallye<\/a><\/p>\n","protected":false},"excerpt":{"rendered":"<p>Le 8e RCC &nbsp;(Rallye Croisi\u00e8re du Calvados) du Caen Yacht Club aura lieu du 17 au 20 Septembre 2020. Cette ann\u00e9e, cap sur Le Havre pour&#8230;<\/p>\n","protected":false},"author":287,"featured_media":10339,"comment_status":"open","ping_status":"open","sticky":false,"template":"","format":"standard","meta":{"_exactmetrics_skip_tracking":false,"_exactmetrics_sitenote_active":false,"_exactmetrics_sitenote_note":"","_exactmetrics_sitenote_category":0,"jetpack_post_was_ever_published":false,"_jetpack_newsletter_access":"","_jetpack_dont_email_post_to_subs":false,"_jetpack_newsletter_tier_id":0,"_jetpack_memberships_contains_paywalled_content":false,"_jetpack_memberships_contains_paid_content":false,"footnotes":""},"categories":[1,56,57],"tags":[251],"class_list":["post-10334","post","type-post","status-publish","format-standard","has-post-thumbnail","hentry","category-actualite","category-croisiere","category-vie-du-club","tag-rallye"],"yoast_head":"<!-- This site is optimized with the Yoast SEO plugin v27.5 - https:\/\/yoast.com\/product\/yoast-seo-wordpress\/ -->\n<title>Caen Yacht Club Actualit\u00e9s<\/title>\n<meta name=\"description\" content=\"Les actualit\u00e9s et \u00e9v\u00e8nements du Caen Yacht Club. R\u00e9gates, Cours de voile, Conf\u00e9rences\" \/>\n<meta name=\"robots\" content=\"index, follow, max-snippet:-1, max-image-preview:large, max-video-preview:-1\" \/>\n<link rel=\"canonical\" href=\"https:\/\/caen-yacht-club.com\/web\/8e-rallye-croisiere-du-calvados-organise-par-le-caen-yacht-club\/\" \/>\n<meta property=\"og:locale\" content=\"fr_FR\" \/>\n<meta property=\"og:type\" content=\"article\" \/>\n<meta property=\"og:title\" content=\"Caen Yacht Club Actualit\u00e9s\" \/>\n<meta property=\"og:description\" content=\"Les actualit\u00e9s et \u00e9v\u00e8nements du Caen Yacht Club. R\u00e9gates, Cours de voile, Conf\u00e9rences\" \/>\n<meta property=\"og:url\" content=\"https:\/\/caen-yacht-club.com\/web\/8e-rallye-croisiere-du-calvados-organise-par-le-caen-yacht-club\/\" \/>\n<meta property=\"og:site_name\" content=\"Caen Yacht Club\" \/>\n<meta property=\"article:published_time\" content=\"2020-07-10T20:01:57+00:00\" \/>\n<meta property=\"article:modified_time\" content=\"2020-09-02T15:47:52+00:00\" \/>\n<meta property=\"og:image\" content=\"https:\/\/i0.wp.com\/caen-yacht-club.com\/web\/wp-content\/uploads\/14C7CCF7-9F49-44DE-AB90-A742B45DCDFB.jpeg?fit=1176%2C883&ssl=1\" \/>\n\t<meta property=\"og:image:width\" content=\"1176\" \/>\n\t<meta property=\"og:image:height\" content=\"883\" \/>\n\t<meta property=\"og:image:type\" content=\"image\/jpeg\" \/>\n<meta name=\"author\" content=\"Jean-Edouard\" \/>\n<meta name=\"twitter:card\" content=\"summary_large_image\" \/>\n<meta name=\"twitter:label1\" content=\"\u00c9crit par\" \/>\n\t<meta name=\"twitter:data1\" content=\"Jean-Edouard\" \/>\n\t<meta name=\"twitter:label2\" content=\"Dur\u00e9e de lecture estim\u00e9e\" \/>\n\t<meta name=\"twitter:data2\" content=\"1 minute\" \/>\n<script type=\"application\/ld+json\" class=\"yoast-schema-graph\">{\"@context\":\"https:\\\/\\\/schema.org\",\"@graph\":[{\"@type\":\"NewsArticle\",\"@id\":\"https:\\\/\\\/caen-yacht-club.com\\\/web\\\/8e-rallye-croisiere-du-calvados-organise-par-le-caen-yacht-club\\\/#article\",\"isPartOf\":{\"@id\":\"https:\\\/\\\/caen-yacht-club.com\\\/web\\\/8e-rallye-croisiere-du-calvados-organise-par-le-caen-yacht-club\\\/\"},\"author\":{\"name\":\"Jean-Edouard\",\"@id\":\"https:\\\/\\\/caen-yacht-club.com\\\/web\\\/#\\\/schema\\\/person\\\/af87a4c0a8c723cb75bbb14437e658a5\"},\"headline\":\"8e Rallye Croisi\u00e8re du Calvados organis\u00e9 par le Caen Yacht Club\",\"datePublished\":\"2020-07-10T20:01:57+00:00\",\"dateModified\":\"2020-09-02T15:47:52+00:00\",\"mainEntityOfPage\":{\"@id\":\"https:\\\/\\\/caen-yacht-club.com\\\/web\\\/8e-rallye-croisiere-du-calvados-organise-par-le-caen-yacht-club\\\/\"},\"wordCount\":228,\"commentCount\":0,\"publisher\":{\"@id\":\"https:\\\/\\\/caen-yacht-club.com\\\/web\\\/#organization\"},\"image\":{\"@id\":\"https:\\\/\\\/caen-yacht-club.com\\\/web\\\/8e-rallye-croisiere-du-calvados-organise-par-le-caen-yacht-club\\\/#primaryimage\"},\"thumbnailUrl\":\"https:\\\/\\\/i0.wp.com\\\/caen-yacht-club.com\\\/web\\\/wp-content\\\/uploads\\\/14C7CCF7-9F49-44DE-AB90-A742B45DCDFB.jpeg?fit=1176%2C883&ssl=1\",\"keywords\":[\"Rallye\"],\"articleSection\":[\"Actualit\u00e9\",\"Croisi\u00e8re\",\"Vie du club\"],\"inLanguage\":\"fr-FR\",\"potentialAction\":[{\"@type\":\"CommentAction\",\"name\":\"Comment\",\"target\":[\"https:\\\/\\\/caen-yacht-club.com\\\/web\\\/8e-rallye-croisiere-du-calvados-organise-par-le-caen-yacht-club\\\/#respond\"]}]},{\"@type\":\"WebPage\",\"@id\":\"https:\\\/\\\/caen-yacht-club.com\\\/web\\\/8e-rallye-croisiere-du-calvados-organise-par-le-caen-yacht-club\\\/\",\"url\":\"https:\\\/\\\/caen-yacht-club.com\\\/web\\\/8e-rallye-croisiere-du-calvados-organise-par-le-caen-yacht-club\\\/\",\"name\":\"Caen Yacht Club Actualit\u00e9s\",\"isPartOf\":{\"@id\":\"https:\\\/\\\/caen-yacht-club.com\\\/web\\\/#website\"},\"primaryImageOfPage\":{\"@id\":\"https:\\\/\\\/caen-yacht-club.com\\\/web\\\/8e-rallye-croisiere-du-calvados-organise-par-le-caen-yacht-club\\\/#primaryimage\"},\"image\":{\"@id\":\"https:\\\/\\\/caen-yacht-club.com\\\/web\\\/8e-rallye-croisiere-du-calvados-organise-par-le-caen-yacht-club\\\/#primaryimage\"},\"thumbnailUrl\":\"https:\\\/\\\/i0.wp.com\\\/caen-yacht-club.com\\\/web\\\/wp-content\\\/uploads\\\/14C7CCF7-9F49-44DE-AB90-A742B45DCDFB.jpeg?fit=1176%2C883&ssl=1\",\"datePublished\":\"2020-07-10T20:01:57+00:00\",\"dateModified\":\"2020-09-02T15:47:52+00:00\",\"description\":\"Les actualit\u00e9s et \u00e9v\u00e8nements du Caen Yacht Club. R\u00e9gates, Cours de voile, Conf\u00e9rences\",\"breadcrumb\":{\"@id\":\"https:\\\/\\\/caen-yacht-club.com\\\/web\\\/8e-rallye-croisiere-du-calvados-organise-par-le-caen-yacht-club\\\/#breadcrumb\"},\"inLanguage\":\"fr-FR\",\"potentialAction\":[{\"@type\":\"ReadAction\",\"target\":[\"https:\\\/\\\/caen-yacht-club.com\\\/web\\\/8e-rallye-croisiere-du-calvados-organise-par-le-caen-yacht-club\\\/\"]}]},{\"@type\":\"ImageObject\",\"inLanguage\":\"fr-FR\",\"@id\":\"https:\\\/\\\/caen-yacht-club.com\\\/web\\\/8e-rallye-croisiere-du-calvados-organise-par-le-caen-yacht-club\\\/#primaryimage\",\"url\":\"https:\\\/\\\/i0.wp.com\\\/caen-yacht-club.com\\\/web\\\/wp-content\\\/uploads\\\/14C7CCF7-9F49-44DE-AB90-A742B45DCDFB.jpeg?fit=1176%2C883&ssl=1\",\"contentUrl\":\"https:\\\/\\\/i0.wp.com\\\/caen-yacht-club.com\\\/web\\\/wp-content\\\/uploads\\\/14C7CCF7-9F49-44DE-AB90-A742B45DCDFB.jpeg?fit=1176%2C883&ssl=1\",\"width\":1176,\"height\":883},{\"@type\":\"BreadcrumbList\",\"@id\":\"https:\\\/\\\/caen-yacht-club.com\\\/web\\\/8e-rallye-croisiere-du-calvados-organise-par-le-caen-yacht-club\\\/#breadcrumb\",\"itemListElement\":[{\"@type\":\"ListItem\",\"position\":1,\"name\":\"Accueil\",\"item\":\"https:\\\/\\\/caen-yacht-club.com\\\/web\\\/\"},{\"@type\":\"ListItem\",\"position\":2,\"name\":\"8e Rallye Croisi\u00e8re du Calvados organis\u00e9 par le Caen Yacht Club\"}]},{\"@type\":\"WebSite\",\"@id\":\"https:\\\/\\\/caen-yacht-club.com\\\/web\\\/#website\",\"url\":\"https:\\\/\\\/caen-yacht-club.com\\\/web\\\/\",\"name\":\"Caen Yacht Club\",\"description\":\"Naviguez en ville\",\"publisher\":{\"@id\":\"https:\\\/\\\/caen-yacht-club.com\\\/web\\\/#organization\"},\"potentialAction\":[{\"@type\":\"SearchAction\",\"target\":{\"@type\":\"EntryPoint\",\"urlTemplate\":\"https:\\\/\\\/caen-yacht-club.com\\\/web\\\/?s={search_term_string}\"},\"query-input\":{\"@type\":\"PropertyValueSpecification\",\"valueRequired\":true,\"valueName\":\"search_term_string\"}}],\"inLanguage\":\"fr-FR\"},{\"@type\":\"Organization\",\"@id\":\"https:\\\/\\\/caen-yacht-club.com\\\/web\\\/#organization\",\"name\":\"Caen Yacht Club\",\"url\":\"https:\\\/\\\/caen-yacht-club.com\\\/web\\\/\",\"logo\":{\"@type\":\"ImageObject\",\"inLanguage\":\"fr-FR\",\"@id\":\"https:\\\/\\\/caen-yacht-club.com\\\/web\\\/#\\\/schema\\\/logo\\\/image\\\/\",\"url\":\"https:\\\/\\\/i0.wp.com\\\/caen-yacht-club.com\\\/web\\\/wp-content\\\/uploads\\\/2020\\\/03\\\/Logo_CYC_20170104-e1585662025871.png?fit=500%2C472&ssl=1\",\"contentUrl\":\"https:\\\/\\\/i0.wp.com\\\/caen-yacht-club.com\\\/web\\\/wp-content\\\/uploads\\\/2020\\\/03\\\/Logo_CYC_20170104-e1585662025871.png?fit=500%2C472&ssl=1\",\"width\":500,\"height\":472,\"caption\":\"Caen Yacht Club\"},\"image\":{\"@id\":\"https:\\\/\\\/caen-yacht-club.com\\\/web\\\/#\\\/schema\\\/logo\\\/image\\\/\"}},{\"@type\":\"Person\",\"@id\":\"https:\\\/\\\/caen-yacht-club.com\\\/web\\\/#\\\/schema\\\/person\\\/af87a4c0a8c723cb75bbb14437e658a5\",\"name\":\"Jean-Edouard\",\"image\":{\"@type\":\"ImageObject\",\"inLanguage\":\"fr-FR\",\"@id\":\"https:\\\/\\\/secure.gravatar.com\\\/avatar\\\/2796cd0de27988e13591ad65946f06c8a0a3364e35ad22e382d0fc174b6111be?s=96&d=mm&r=g\",\"url\":\"https:\\\/\\\/secure.gravatar.com\\\/avatar\\\/2796cd0de27988e13591ad65946f06c8a0a3364e35ad22e382d0fc174b6111be?s=96&d=mm&r=g\",\"contentUrl\":\"https:\\\/\\\/secure.gravatar.com\\\/avatar\\\/2796cd0de27988e13591ad65946f06c8a0a3364e35ad22e382d0fc174b6111be?s=96&d=mm&r=g\",\"caption\":\"Jean-Edouard\"},\"url\":\"https:\\\/\\\/caen-yacht-club.com\\\/web\\\/espace-membre\\\/?uid=287\"}]}<\/script>\n<!-- \/ Yoast SEO plugin. -->","yoast_head_json":{"title":"Caen Yacht Club Actualit\u00e9s","description":"Les actualit\u00e9s et \u00e9v\u00e8nements du Caen Yacht Club. R\u00e9gates, Cours de voile, Conf\u00e9rences","robots":{"index":"index","follow":"follow","max-snippet":"max-snippet:-1","max-image-preview":"max-image-preview:large","max-video-preview":"max-video-preview:-1"},"canonical":"https:\/\/caen-yacht-club.com\/web\/8e-rallye-croisiere-du-calvados-organise-par-le-caen-yacht-club\/","og_locale":"fr_FR","og_type":"article","og_title":"Caen Yacht Club Actualit\u00e9s","og_description":"Les actualit\u00e9s et \u00e9v\u00e8nements du Caen Yacht Club. R\u00e9gates, Cours de voile, Conf\u00e9rences","og_url":"https:\/\/caen-yacht-club.com\/web\/8e-rallye-croisiere-du-calvados-organise-par-le-caen-yacht-club\/","og_site_name":"Caen Yacht Club","article_published_time":"2020-07-10T20:01:57+00:00","article_modified_time":"2020-09-02T15:47:52+00:00","og_image":[{"width":1176,"height":883,"url":"https:\/\/i0.wp.com\/caen-yacht-club.com\/web\/wp-content\/uploads\/14C7CCF7-9F49-44DE-AB90-A742B45DCDFB.jpeg?fit=1176%2C883&ssl=1","type":"image\/jpeg"}],"author":"Jean-Edouard","twitter_card":"summary_large_image","twitter_misc":{"\u00c9crit par":"Jean-Edouard","Dur\u00e9e de lecture estim\u00e9e":"1 minute"},"schema":{"@context":"https:\/\/schema.org","@graph":[{"@type":"NewsArticle","@id":"https:\/\/caen-yacht-club.com\/web\/8e-rallye-croisiere-du-calvados-organise-par-le-caen-yacht-club\/#article","isPartOf":{"@id":"https:\/\/caen-yacht-club.com\/web\/8e-rallye-croisiere-du-calvados-organise-par-le-caen-yacht-club\/"},"author":{"name":"Jean-Edouard","@id":"https:\/\/caen-yacht-club.com\/web\/#\/schema\/person\/af87a4c0a8c723cb75bbb14437e658a5"},"headline":"8e Rallye Croisi\u00e8re du Calvados organis\u00e9 par le Caen Yacht Club","datePublished":"2020-07-10T20:01:57+00:00","dateModified":"2020-09-02T15:47:52+00:00","mainEntityOfPage":{"@id":"https:\/\/caen-yacht-club.com\/web\/8e-rallye-croisiere-du-calvados-organise-par-le-caen-yacht-club\/"},"wordCount":228,"commentCount":0,"publisher":{"@id":"https:\/\/caen-yacht-club.com\/web\/#organization"},"image":{"@id":"https:\/\/caen-yacht-club.com\/web\/8e-rallye-croisiere-du-calvados-organise-par-le-caen-yacht-club\/#primaryimage"},"thumbnailUrl":"https:\/\/i0.wp.com\/caen-yacht-club.com\/web\/wp-content\/uploads\/14C7CCF7-9F49-44DE-AB90-A742B45DCDFB.jpeg?fit=1176%2C883&ssl=1","keywords":["Rallye"],"articleSection":["Actualit\u00e9","Croisi\u00e8re","Vie du club"],"inLanguage":"fr-FR","potentialAction":[{"@type":"CommentAction","name":"Comment","target":["https:\/\/caen-yacht-club.com\/web\/8e-rallye-croisiere-du-calvados-organise-par-le-caen-yacht-club\/#respond"]}]},{"@type":"WebPage","@id":"https:\/\/caen-yacht-club.com\/web\/8e-rallye-croisiere-du-calvados-organise-par-le-caen-yacht-club\/","url":"https:\/\/caen-yacht-club.com\/web\/8e-rallye-croisiere-du-calvados-organise-par-le-caen-yacht-club\/","name":"Caen Yacht Club Actualit\u00e9s","isPartOf":{"@id":"https:\/\/caen-yacht-club.com\/web\/#website"},"primaryImageOfPage":{"@id":"https:\/\/caen-yacht-club.com\/web\/8e-rallye-croisiere-du-calvados-organise-par-le-caen-yacht-club\/#primaryimage"},"image":{"@id":"https:\/\/caen-yacht-club.com\/web\/8e-rallye-croisiere-du-calvados-organise-par-le-caen-yacht-club\/#primaryimage"},"thumbnailUrl":"https:\/\/i0.wp.com\/caen-yacht-club.com\/web\/wp-content\/uploads\/14C7CCF7-9F49-44DE-AB90-A742B45DCDFB.jpeg?fit=1176%2C883&ssl=1","datePublished":"2020-07-10T20:01:57+00:00","dateModified":"2020-09-02T15:47:52+00:00","description":"Les actualit\u00e9s et \u00e9v\u00e8nements du Caen Yacht Club. R\u00e9gates, Cours de voile, Conf\u00e9rences","breadcrumb":{"@id":"https:\/\/caen-yacht-club.com\/web\/8e-rallye-croisiere-du-calvados-organise-par-le-caen-yacht-club\/#breadcrumb"},"inLanguage":"fr-FR","potentialAction":[{"@type":"ReadAction","target":["https:\/\/caen-yacht-club.com\/web\/8e-rallye-croisiere-du-calvados-organise-par-le-caen-yacht-club\/"]}]},{"@type":"ImageObject","inLanguage":"fr-FR","@id":"https:\/\/caen-yacht-club.com\/web\/8e-rallye-croisiere-du-calvados-organise-par-le-caen-yacht-club\/#primaryimage","url":"https:\/\/i0.wp.com\/caen-yacht-club.com\/web\/wp-content\/uploads\/14C7CCF7-9F49-44DE-AB90-A742B45DCDFB.jpeg?fit=1176%2C883&ssl=1","contentUrl":"https:\/\/i0.wp.com\/caen-yacht-club.com\/web\/wp-content\/uploads\/14C7CCF7-9F49-44DE-AB90-A742B45DCDFB.jpeg?fit=1176%2C883&ssl=1","width":1176,"height":883},{"@type":"BreadcrumbList","@id":"https:\/\/caen-yacht-club.com\/web\/8e-rallye-croisiere-du-calvados-organise-par-le-caen-yacht-club\/#breadcrumb","itemListElement":[{"@type":"ListItem","position":1,"name":"Accueil","item":"https:\/\/caen-yacht-club.com\/web\/"},{"@type":"ListItem","position":2,"name":"8e Rallye Croisi\u00e8re du Calvados organis\u00e9 par le Caen Yacht Club"}]},{"@type":"WebSite","@id":"https:\/\/caen-yacht-club.com\/web\/#website","url":"https:\/\/caen-yacht-club.com\/web\/","name":"Caen Yacht Club","description":"Naviguez en ville","publisher":{"@id":"https:\/\/caen-yacht-club.com\/web\/#organization"},"potentialAction":[{"@type":"SearchAction","target":{"@type":"EntryPoint","urlTemplate":"https:\/\/caen-yacht-club.com\/web\/?s={search_term_string}"},"query-input":{"@type":"PropertyValueSpecification","valueRequired":true,"valueName":"search_term_string"}}],"inLanguage":"fr-FR"},{"@type":"Organization","@id":"https:\/\/caen-yacht-club.com\/web\/#organization","name":"Caen Yacht Club","url":"https:\/\/caen-yacht-club.com\/web\/","logo":{"@type":"ImageObject","inLanguage":"fr-FR","@id":"https:\/\/caen-yacht-club.com\/web\/#\/schema\/logo\/image\/","url":"https:\/\/i0.wp.com\/caen-yacht-club.com\/web\/wp-content\/uploads\/2020\/03\/Logo_CYC_20170104-e1585662025871.png?fit=500%2C472&ssl=1","contentUrl":"https:\/\/i0.wp.com\/caen-yacht-club.com\/web\/wp-content\/uploads\/2020\/03\/Logo_CYC_20170104-e1585662025871.png?fit=500%2C472&ssl=1","width":500,"height":472,"caption":"Caen Yacht Club"},"image":{"@id":"https:\/\/caen-yacht-club.com\/web\/#\/schema\/logo\/image\/"}},{"@type":"Person","@id":"https:\/\/caen-yacht-club.com\/web\/#\/schema\/person\/af87a4c0a8c723cb75bbb14437e658a5","name":"Jean-Edouard","image":{"@type":"ImageObject","inLanguage":"fr-FR","@id":"https:\/\/secure.gravatar.com\/avatar\/2796cd0de27988e13591ad65946f06c8a0a3364e35ad22e382d0fc174b6111be?s=96&d=mm&r=g","url":"https:\/\/secure.gravatar.com\/avatar\/2796cd0de27988e13591ad65946f06c8a0a3364e35ad22e382d0fc174b6111be?s=96&d=mm&r=g","contentUrl":"https:\/\/secure.gravatar.com\/avatar\/2796cd0de27988e13591ad65946f06c8a0a3364e35ad22e382d0fc174b6111be?s=96&d=mm&r=g","caption":"Jean-Edouard"},"url":"https:\/\/caen-yacht-club.com\/web\/espace-membre\/?uid=287"}]}},"jetpack_featured_media_url":"https:\/\/i0.wp.com\/caen-yacht-club.com\/web\/wp-content\/uploads\/14C7CCF7-9F49-44DE-AB90-A742B45DCDFB.jpeg?fit=1176%2C883&ssl=1","jetpack_sharing_enabled":true,"jetpack_shortlink":"https:\/\/wp.me\/p7ppuD-2GG","jetpack-related-posts":[{"id":3634,"url":"https:\/\/caen-yacht-club.com\/web\/7e-rallye-croisiere-du-calvados\/","url_meta":{"origin":10334,"position":0},"title":"7e Rallye Croisi\u00e8re du Calvados","author":"Damien BULLET","date":"28 juin 2019","format":false,"excerpt":"Prenez date ! Les 26, 27, 28 et 29 septembre 2019, le Caen Yacht Club organise la 7e \u00e9dition du Rallye Croisi\u00e8re du Calvados, avec la participation du SNPH et Le Havre Plaisance.\u2028 En attendant le programme d\u00e9taill\u00e9, vous pouvez d'ores et d\u00e9j\u00e0 vous pr\u00e9-inscrire \u00e0 l'adresse suivante : cyc.animation@gmail.com\u2026","rel":"","context":"Dans &quot;Actualit\u00e9&quot;","block_context":{"text":"Actualit\u00e9","link":"https:\/\/caen-yacht-club.com\/web\/category\/actualite\/"},"img":{"alt_text":"","src":"https:\/\/i0.wp.com\/caen-yacht-club.com\/web\/wp-content\/uploads\/2019\/06\/v3mug.jpeg?fit=849%2C1200&ssl=1&resize=350%2C200","width":350,"height":200,"srcset":"https:\/\/i0.wp.com\/caen-yacht-club.com\/web\/wp-content\/uploads\/2019\/06\/v3mug.jpeg?fit=849%2C1200&ssl=1&resize=350%2C200 1x, https:\/\/i0.wp.com\/caen-yacht-club.com\/web\/wp-content\/uploads\/2019\/06\/v3mug.jpeg?fit=849%2C1200&ssl=1&resize=525%2C300 1.5x, https:\/\/i0.wp.com\/caen-yacht-club.com\/web\/wp-content\/uploads\/2019\/06\/v3mug.jpeg?fit=849%2C1200&ssl=1&resize=700%2C400 2x"},"classes":[]},{"id":11838,"url":"https:\/\/caen-yacht-club.com\/web\/10e-rallye-croisiere-du-calvados\/","url_meta":{"origin":10334,"position":1},"title":"10e Rallye Croisi\u00e8re du Calvados &#8211; Voguons sur les traces de Guillaume Le Conqu\u00e9rant du 15 au 18 septembre 2022","author":"Anne CHIVOT","date":"10 mai 2022","format":false,"excerpt":"Jeudi 15 septembre 14h -Rassemblement des bateaux \u00e0 Ouistreham en tenue d'apparat. Souriez, vous \u00eates film\u00e9s !! Challenge N\u00b01 *. 16h - Jeux m\u00e9di\u00e9vaux 18h - Ap\u00e9ritif \u00e0 la SRCO avec les chanteurs du Caen Yacht Club. Hymne du Caen Yacht Club : La Complainte du Bassin St-Pierre. Repas traiteur\u2026","rel":"","context":"Dans &quot;Actualit\u00e9&quot;","block_context":{"text":"Actualit\u00e9","link":"https:\/\/caen-yacht-club.com\/web\/category\/actualite\/"},"img":{"alt_text":"","src":"https:\/\/i0.wp.com\/caen-yacht-club.com\/web\/wp-content\/uploads\/RCC-2022-petit.jpg?fit=604%2C861&ssl=1&resize=350%2C200","width":350,"height":200,"srcset":"https:\/\/i0.wp.com\/caen-yacht-club.com\/web\/wp-content\/uploads\/RCC-2022-petit.jpg?fit=604%2C861&ssl=1&resize=350%2C200 1x, https:\/\/i0.wp.com\/caen-yacht-club.com\/web\/wp-content\/uploads\/RCC-2022-petit.jpg?fit=604%2C861&ssl=1&resize=525%2C300 1.5x"},"classes":[]},{"id":13568,"url":"https:\/\/caen-yacht-club.com\/web\/rallye-croisiere-du-calvados-2024\/","url_meta":{"origin":10334,"position":2},"title":"Rallye Croisi\u00e8re du Calvados 2024","author":"Anke Hedrich","date":"15 mai 2024","format":false,"excerpt":"\"Vagues de Sons !!!\" La 12\u00e8me \u00e9dition vers F\u00e9camp et Le Havre du 11 au 15 septembre 2024 Comment \u00e7a marche ? Le Rallye Croisi\u00e8re du Calvados est organis\u00e9 par le Caen Yacht Club pour la 12\u00e9me fois. Le but est de naviguer ensemble \u00e0 la voile dans la baie\u2026","rel":"","context":"Dans &quot;Actualit\u00e9&quot;","block_context":{"text":"Actualit\u00e9","link":"https:\/\/caen-yacht-club.com\/web\/category\/actualite\/"},"img":{"alt_text":"","src":"https:\/\/i0.wp.com\/caen-yacht-club.com\/web\/wp-content\/uploads\/Illustration-site6.jpg?fit=1200%2C729&ssl=1&resize=350%2C200","width":350,"height":200,"srcset":"https:\/\/i0.wp.com\/caen-yacht-club.com\/web\/wp-content\/uploads\/Illustration-site6.jpg?fit=1200%2C729&ssl=1&resize=350%2C200 1x, https:\/\/i0.wp.com\/caen-yacht-club.com\/web\/wp-content\/uploads\/Illustration-site6.jpg?fit=1200%2C729&ssl=1&resize=525%2C300 1.5x, https:\/\/i0.wp.com\/caen-yacht-club.com\/web\/wp-content\/uploads\/Illustration-site6.jpg?fit=1200%2C729&ssl=1&resize=700%2C400 2x, https:\/\/i0.wp.com\/caen-yacht-club.com\/web\/wp-content\/uploads\/Illustration-site6.jpg?fit=1200%2C729&ssl=1&resize=1050%2C600 3x"},"classes":[]},{"id":13117,"url":"https:\/\/caen-yacht-club.com\/web\/retour-en-images-sur-le-11e-rallye-croisiere-du-calvados-top-chef-2\/","url_meta":{"origin":10334,"position":3},"title":"Retour en images sur le 11e Rallye Croisi\u00e8re du Calvados &#8211; TOP CHEF !","author":"Anne CHIVOT","date":"5 octobre 2023","format":false,"excerpt":"","rel":"","context":"Dans &quot;Croisi\u00e8re&quot;","block_context":{"text":"Croisi\u00e8re","link":"https:\/\/caen-yacht-club.com\/web\/category\/croisiere\/"},"img":{"alt_text":"","src":"https:\/\/i0.wp.com\/caen-yacht-club.com\/web\/wp-content\/uploads\/Affiche-Rallye-Croisiere_petit-1.jpg?resize=350%2C200&ssl=1","width":350,"height":200},"classes":[]},{"id":12732,"url":"https:\/\/caen-yacht-club.com\/web\/11e-rallye-croisiere-du-calvados-top-chef-du-13-au-17-septembre-2023\/","url_meta":{"origin":10334,"position":4},"title":"11e Rallye Croisi\u00e8re du Calvados &#8211; TOP CHEF !     Du 13 au 17 septembre 2023","author":"Anne CHIVOT","date":"20 juin 2023","format":false,"excerpt":"Mercredi 13 septembre 19h - Soir\u00e9e \u00e0 la SRCO - Ouistreham Jeudi 14 septembre 11h30 - Ecluse Ouistreham - >> Challenge en mer 20h40 - Ouverture \u00e9cluse Port-en-Bessin REPAS MIDI ET SOIR \u00e0 BORD* Vendredi 15 septembre 9h11 - Ouverture \u00e9cluse Port-en-Bessin 13h33 - Fermeture \u00e9cluse Grandcamp-Maisy >> Apr\u00e8s-midi libre\u2026","rel":"","context":"Dans &quot;Actualit\u00e9&quot;","block_context":{"text":"Actualit\u00e9","link":"https:\/\/caen-yacht-club.com\/web\/category\/actualite\/"},"img":{"alt_text":"","src":"https:\/\/i0.wp.com\/caen-yacht-club.com\/web\/wp-content\/uploads\/Affiche-Rallye-Croisiere_compressed_page-0001-scaled-e1696492062985.jpg?fit=832%2C1200&ssl=1&resize=350%2C200","width":350,"height":200,"srcset":"https:\/\/i0.wp.com\/caen-yacht-club.com\/web\/wp-content\/uploads\/Affiche-Rallye-Croisiere_compressed_page-0001-scaled-e1696492062985.jpg?fit=832%2C1200&ssl=1&resize=350%2C200 1x, https:\/\/i0.wp.com\/caen-yacht-club.com\/web\/wp-content\/uploads\/Affiche-Rallye-Croisiere_compressed_page-0001-scaled-e1696492062985.jpg?fit=832%2C1200&ssl=1&resize=525%2C300 1.5x, https:\/\/i0.wp.com\/caen-yacht-club.com\/web\/wp-content\/uploads\/Affiche-Rallye-Croisiere_compressed_page-0001-scaled-e1696492062985.jpg?fit=832%2C1200&ssl=1&resize=700%2C400 2x"},"classes":[]},{"id":12466,"url":"https:\/\/caen-yacht-club.com\/web\/calendrier-des-evenements-caen-yacht-club-2023\/","url_meta":{"origin":10334,"position":5},"title":"Calendrier des \u00e9v\u00e9nements Caen Yacht Club 2023","author":"Anne CHIVOT","date":"15 f\u00e9vrier 2023","format":false,"excerpt":"Samedi 18 mars 2023 : Troph\u00e9e des Etudiants de la Presqu\u2019\u00eele Du 24 au 28 avril 2023 : Stage de printemps en mer (adh\u00e9rents) Du 23 au 25 mai 2023 : Norlanda\u2019s Cup Juillet 2023 : Stages d\u2019\u00e9t\u00e9 en mer (Tous publics) Les 9 et 10 septembre 2023 : Presqu'\u00eele\u2026","rel":"","context":"Dans &quot;Actualit\u00e9&quot;","block_context":{"text":"Actualit\u00e9","link":"https:\/\/caen-yacht-club.com\/web\/category\/actualite\/"},"img":{"alt_text":"","src":"https:\/\/i0.wp.com\/caen-yacht-club.com\/web\/wp-content\/uploads\/Calendrier-2023-scaled.jpg?fit=1200%2C600&ssl=1&resize=350%2C200","width":350,"height":200,"srcset":"https:\/\/i0.wp.com\/caen-yacht-club.com\/web\/wp-content\/uploads\/Calendrier-2023-scaled.jpg?fit=1200%2C600&ssl=1&resize=350%2C200 1x, https:\/\/i0.wp.com\/caen-yacht-club.com\/web\/wp-content\/uploads\/Calendrier-2023-scaled.jpg?fit=1200%2C600&ssl=1&resize=525%2C300 1.5x, https:\/\/i0.wp.com\/caen-yacht-club.com\/web\/wp-content\/uploads\/Calendrier-2023-scaled.jpg?fit=1200%2C600&ssl=1&resize=700%2C400 2x, https:\/\/i0.wp.com\/caen-yacht-club.com\/web\/wp-content\/uploads\/Calendrier-2023-scaled.jpg?fit=1200%2C600&ssl=1&resize=1050%2C600 3x"},"classes":[]}],"_links":{"self":[{"href":"https:\/\/caen-yacht-club.com\/web\/wp-json\/wp\/v2\/posts\/10334","targetHints":{"allow":["GET"]}}],"collection":[{"href":"https:\/\/caen-yacht-club.com\/web\/wp-json\/wp\/v2\/posts"}],"about":[{"href":"https:\/\/caen-yacht-club.com\/web\/wp-json\/wp\/v2\/types\/post"}],"author":[{"embeddable":true,"href":"https:\/\/caen-yacht-club.com\/web\/wp-json\/wp\/v2\/users\/287"}],"replies":[{"embeddable":true,"href":"https:\/\/caen-yacht-club.com\/web\/wp-json\/wp\/v2\/comments?post=10334"}],"version-history":[{"count":0,"href":"https:\/\/caen-yacht-club.com\/web\/wp-json\/wp\/v2\/posts\/10334\/revisions"}],"wp:featuredmedia":[{"embeddable":true,"href":"https:\/\/caen-yacht-club.com\/web\/wp-json\/wp\/v2\/media\/10339"}],"wp:attachment":[{"href":"https:\/\/caen-yacht-club.com\/web\/wp-json\/wp\/v2\/media?parent=10334"}],"wp:term":[{"taxonomy":"category","embeddable":true,"href":"https:\/\/caen-yacht-club.com\/web\/wp-json\/wp\/v2\/categories?post=10334"},{"taxonomy":"post_tag","embeddable":true,"href":"https:\/\/caen-yacht-club.com\/web\/wp-json\/wp\/v2\/tags?post=10334"}],"curies":[{"name":"wp","href":"https:\/\/api.w.org\/{rel}","templated":true}]}}