{"id":11448,"date":"2021-09-19T09:02:31","date_gmt":"2021-09-19T08:02:31","guid":{"rendered":"https:\/\/caen-yacht-club.com\/web\/?p=11448"},"modified":"2021-09-19T09:02:35","modified_gmt":"2021-09-19T08:02:35","slug":"bienvenue-sur-les-terres-polaires-de-georgie-du-sud-et-de-lantarctique-au-cafe-maritime-le-30-septembre-2020","status":"publish","type":"post","link":"https:\/\/caen-yacht-club.com\/web\/bienvenue-sur-les-terres-polaires-de-georgie-du-sud-et-de-lantarctique-au-cafe-maritime-le-30-septembre-2020\/","title":{"rendered":"Bienvenue sur les terres polaires de G\u00e9orgie du Sud et de l\u2019Antarctique, au &#8220;Caf\u00e9 Maritime&#8221;  le 30 septembre 2020"},"content":{"rendered":"<table role=\"presentation\" border=\"0\" width=\"100%\" cellspacing=\"0\" cellpadding=\"0\">\n<tbody>\n<tr>\n<td align=\"left\">\n<div>\n<p class=\"text-build-content\" data-testid=\"W9T9sUDWQjG3so\"><b>Juliette Hennequin et Dion Poncet viendront partager leur passion des mers du \u00ab\u00a0Grand Sud\u00a0\u00bb \u00e0 l\u2019occasion du prochain <\/b><i><b>&#8220;Caf\u00e9 Maritime&#8221; <\/b><\/i><b>. Habituellement r\u00e9sidents aux \u00eeles Malouines (Falkland), ils profitent du chantier de leur voilier \u00e0 Ouistreham pour venir vous pr\u00e9senter l\u2019Antarctique et la G\u00e9orgie du Sud. Photographe et skipper professionnelle, Juliette sillonne ces r\u00e9gions polaires \u00e0 bord de voiliers de charter ou petits bateaux d\u2019exp\u00e9dition depuis 2004. Dion, lui aussi skipper professionnel, a grandi \u00e0 bord du voilier de ses parents, le Damien 2, et conna\u00eet cette r\u00e9gion du monde comme le coin de sa poche.\u00a0<\/b><\/p>\n<p class=\"text-build-content\" data-testid=\"W9T9sUDWQjG3so\"><b>Leur dernier voyage en G\u00e9orgie du Sud, r\u00e9alis\u00e9 en f\u00e9vrier 2021 avec le p\u00e8re de Dion, J\u00e9r\u00f4me Poncet, qui avait abord\u00e9 cette \u00eele pour la premi\u00e8re fois en 1971, est retrac\u00e9 dans le Voiles et Voiliers n\u00b0604 paru en juin 2021 &#8211; une occasion de (re)d\u00e9couvrir une nature sauvage ainsi que quelques vestiges restants des stations baleini\u00e8res de l\u2019\u00eele.<\/b><\/p>\n<p class=\"text-build-content\" data-testid=\"W9T9sUDWQjG3so\"><b>Juliette &amp; Dion r\u00e9pondront ensuite \u00e0 vos questions.<br \/>\n<\/b><b>\u00a0Un pot suivra leur pr\u00e9sentation, participation : 2\u20ac<\/b><\/p>\n<p class=\"text-build-content\" data-testid=\"W9T9sUDWQjG3so\"><b>Ce <\/b><i><b>&#8220;Caf\u00e9 Maritime&#8221;<\/b><\/i><b> se d\u00e9roulera de 18h30 \u00e0 20h \u00e0 l\u2019AVF,<br \/>\n<\/b><b>2 Quai de la Londe, 14000 Caen.<\/b><\/p>\n<\/div>\n<\/td>\n<\/tr>\n<tr>\n<td align=\"left\">\n<div>\n<p class=\"text-build-content\" data-testid=\"CLRGvM0mS5N-wJ\">\n<\/div>\n<\/td>\n<\/tr>\n<\/tbody>\n<\/table>\n","protected":false},"excerpt":{"rendered":"<p>Juliette Hennequin et Dion Poncet viendront partager leur passion des mers du \u00ab\u00a0Grand Sud\u00a0\u00bb \u00e0 l\u2019occasion du prochain &#8220;Caf\u00e9 Maritime&#8221; . Habituellement r\u00e9sidents aux \u00eeles Malouines&#8230;<\/p>\n","protected":false},"author":287,"featured_media":0,"comment_status":"open","ping_status":"open","sticky":false,"template":"","format":"standard","meta":{"_exactmetrics_skip_tracking":false,"_exactmetrics_sitenote_active":false,"_exactmetrics_sitenote_note":"","_exactmetrics_sitenote_category":0,"jetpack_post_was_ever_published":false,"_jetpack_newsletter_access":"","_jetpack_dont_email_post_to_subs":false,"_jetpack_newsletter_tier_id":0,"_jetpack_memberships_contains_paywalled_content":false,"_jetpack_memberships_contains_paid_content":false,"footnotes":""},"categories":[1,17],"tags":[],"class_list":["post-11448","post","type-post","status-publish","format-standard","hentry","category-actualite","category-cafe-maritime"],"yoast_head":"<!-- This site is optimized with the Yoast SEO plugin v27.5 - https:\/\/yoast.com\/product\/yoast-seo-wordpress\/ -->\n<title>Caen Yacht Club Actualit\u00e9s<\/title>\n<meta name=\"description\" content=\"Les actualit\u00e9s et \u00e9v\u00e8nements du Caen Yacht Club. R\u00e9gates, Cours de voile, Conf\u00e9rences\" \/>\n<meta name=\"robots\" content=\"index, follow, max-snippet:-1, max-image-preview:large, max-video-preview:-1\" \/>\n<link rel=\"canonical\" href=\"https:\/\/caen-yacht-club.com\/web\/bienvenue-sur-les-terres-polaires-de-georgie-du-sud-et-de-lantarctique-au-cafe-maritime-le-30-septembre-2020\/\" \/>\n<meta property=\"og:locale\" content=\"fr_FR\" \/>\n<meta property=\"og:type\" content=\"article\" \/>\n<meta property=\"og:title\" content=\"Caen Yacht Club Actualit\u00e9s\" \/>\n<meta property=\"og:description\" content=\"Les actualit\u00e9s et \u00e9v\u00e8nements du Caen Yacht Club. R\u00e9gates, Cours de voile, Conf\u00e9rences\" \/>\n<meta property=\"og:url\" content=\"https:\/\/caen-yacht-club.com\/web\/bienvenue-sur-les-terres-polaires-de-georgie-du-sud-et-de-lantarctique-au-cafe-maritime-le-30-septembre-2020\/\" \/>\n<meta property=\"og:site_name\" content=\"Caen Yacht Club\" \/>\n<meta property=\"article:published_time\" content=\"2021-09-19T08:02:31+00:00\" \/>\n<meta property=\"article:modified_time\" content=\"2021-09-19T08:02:35+00:00\" \/>\n<meta property=\"og:image\" content=\"https:\/\/i0.wp.com\/caen-yacht-club.com\/web\/wp-content\/uploads\/2020\/03\/Logo_CYC_20170104-e1585662025871.png?fit=500%2C472&ssl=1\" \/>\n\t<meta property=\"og:image:width\" content=\"500\" \/>\n\t<meta property=\"og:image:height\" content=\"472\" \/>\n\t<meta property=\"og:image:type\" content=\"image\/png\" \/>\n<meta name=\"author\" content=\"Jean-Edouard\" \/>\n<meta name=\"twitter:card\" content=\"summary_large_image\" \/>\n<meta name=\"twitter:label1\" content=\"\u00c9crit par\" \/>\n\t<meta name=\"twitter:data1\" content=\"Jean-Edouard\" \/>\n\t<meta name=\"twitter:label2\" content=\"Dur\u00e9e de lecture estim\u00e9e\" \/>\n\t<meta name=\"twitter:data2\" content=\"1 minute\" \/>\n<script type=\"application\/ld+json\" class=\"yoast-schema-graph\">{\"@context\":\"https:\\\/\\\/schema.org\",\"@graph\":[{\"@type\":\"NewsArticle\",\"@id\":\"https:\\\/\\\/caen-yacht-club.com\\\/web\\\/bienvenue-sur-les-terres-polaires-de-georgie-du-sud-et-de-lantarctique-au-cafe-maritime-le-30-septembre-2020\\\/#article\",\"isPartOf\":{\"@id\":\"https:\\\/\\\/caen-yacht-club.com\\\/web\\\/bienvenue-sur-les-terres-polaires-de-georgie-du-sud-et-de-lantarctique-au-cafe-maritime-le-30-septembre-2020\\\/\"},\"author\":{\"name\":\"Jean-Edouard\",\"@id\":\"https:\\\/\\\/caen-yacht-club.com\\\/web\\\/#\\\/schema\\\/person\\\/af87a4c0a8c723cb75bbb14437e658a5\"},\"headline\":\"Bienvenue sur les terres polaires de G\u00e9orgie du Sud et de l\u2019Antarctique, au &#8220;Caf\u00e9 Maritime&#8221; le 30 septembre 2020\",\"datePublished\":\"2021-09-19T08:02:31+00:00\",\"dateModified\":\"2021-09-19T08:02:35+00:00\",\"mainEntityOfPage\":{\"@id\":\"https:\\\/\\\/caen-yacht-club.com\\\/web\\\/bienvenue-sur-les-terres-polaires-de-georgie-du-sud-et-de-lantarctique-au-cafe-maritime-le-30-septembre-2020\\\/\"},\"wordCount\":216,\"commentCount\":0,\"publisher\":{\"@id\":\"https:\\\/\\\/caen-yacht-club.com\\\/web\\\/#organization\"},\"articleSection\":[\"Actualit\u00e9\",\"Caf\u00e9 Maritime\"],\"inLanguage\":\"fr-FR\",\"potentialAction\":[{\"@type\":\"CommentAction\",\"name\":\"Comment\",\"target\":[\"https:\\\/\\\/caen-yacht-club.com\\\/web\\\/bienvenue-sur-les-terres-polaires-de-georgie-du-sud-et-de-lantarctique-au-cafe-maritime-le-30-septembre-2020\\\/#respond\"]}]},{\"@type\":\"WebPage\",\"@id\":\"https:\\\/\\\/caen-yacht-club.com\\\/web\\\/bienvenue-sur-les-terres-polaires-de-georgie-du-sud-et-de-lantarctique-au-cafe-maritime-le-30-septembre-2020\\\/\",\"url\":\"https:\\\/\\\/caen-yacht-club.com\\\/web\\\/bienvenue-sur-les-terres-polaires-de-georgie-du-sud-et-de-lantarctique-au-cafe-maritime-le-30-septembre-2020\\\/\",\"name\":\"Caen Yacht Club Actualit\u00e9s\",\"isPartOf\":{\"@id\":\"https:\\\/\\\/caen-yacht-club.com\\\/web\\\/#website\"},\"datePublished\":\"2021-09-19T08:02:31+00:00\",\"dateModified\":\"2021-09-19T08:02:35+00:00\",\"description\":\"Les actualit\u00e9s et \u00e9v\u00e8nements du Caen Yacht Club. R\u00e9gates, Cours de voile, Conf\u00e9rences\",\"breadcrumb\":{\"@id\":\"https:\\\/\\\/caen-yacht-club.com\\\/web\\\/bienvenue-sur-les-terres-polaires-de-georgie-du-sud-et-de-lantarctique-au-cafe-maritime-le-30-septembre-2020\\\/#breadcrumb\"},\"inLanguage\":\"fr-FR\",\"potentialAction\":[{\"@type\":\"ReadAction\",\"target\":[\"https:\\\/\\\/caen-yacht-club.com\\\/web\\\/bienvenue-sur-les-terres-polaires-de-georgie-du-sud-et-de-lantarctique-au-cafe-maritime-le-30-septembre-2020\\\/\"]}]},{\"@type\":\"BreadcrumbList\",\"@id\":\"https:\\\/\\\/caen-yacht-club.com\\\/web\\\/bienvenue-sur-les-terres-polaires-de-georgie-du-sud-et-de-lantarctique-au-cafe-maritime-le-30-septembre-2020\\\/#breadcrumb\",\"itemListElement\":[{\"@type\":\"ListItem\",\"position\":1,\"name\":\"Accueil\",\"item\":\"https:\\\/\\\/caen-yacht-club.com\\\/web\\\/\"},{\"@type\":\"ListItem\",\"position\":2,\"name\":\"Bienvenue sur les terres polaires de G\u00e9orgie du Sud et de l\u2019Antarctique, au &#8220;Caf\u00e9 Maritime&#8221; le 30 septembre 2020\"}]},{\"@type\":\"WebSite\",\"@id\":\"https:\\\/\\\/caen-yacht-club.com\\\/web\\\/#website\",\"url\":\"https:\\\/\\\/caen-yacht-club.com\\\/web\\\/\",\"name\":\"Caen Yacht Club\",\"description\":\"Naviguez en ville\",\"publisher\":{\"@id\":\"https:\\\/\\\/caen-yacht-club.com\\\/web\\\/#organization\"},\"potentialAction\":[{\"@type\":\"SearchAction\",\"target\":{\"@type\":\"EntryPoint\",\"urlTemplate\":\"https:\\\/\\\/caen-yacht-club.com\\\/web\\\/?s={search_term_string}\"},\"query-input\":{\"@type\":\"PropertyValueSpecification\",\"valueRequired\":true,\"valueName\":\"search_term_string\"}}],\"inLanguage\":\"fr-FR\"},{\"@type\":\"Organization\",\"@id\":\"https:\\\/\\\/caen-yacht-club.com\\\/web\\\/#organization\",\"name\":\"Caen Yacht Club\",\"url\":\"https:\\\/\\\/caen-yacht-club.com\\\/web\\\/\",\"logo\":{\"@type\":\"ImageObject\",\"inLanguage\":\"fr-FR\",\"@id\":\"https:\\\/\\\/caen-yacht-club.com\\\/web\\\/#\\\/schema\\\/logo\\\/image\\\/\",\"url\":\"https:\\\/\\\/i0.wp.com\\\/caen-yacht-club.com\\\/web\\\/wp-content\\\/uploads\\\/2020\\\/03\\\/Logo_CYC_20170104-e1585662025871.png?fit=500%2C472&ssl=1\",\"contentUrl\":\"https:\\\/\\\/i0.wp.com\\\/caen-yacht-club.com\\\/web\\\/wp-content\\\/uploads\\\/2020\\\/03\\\/Logo_CYC_20170104-e1585662025871.png?fit=500%2C472&ssl=1\",\"width\":500,\"height\":472,\"caption\":\"Caen Yacht Club\"},\"image\":{\"@id\":\"https:\\\/\\\/caen-yacht-club.com\\\/web\\\/#\\\/schema\\\/logo\\\/image\\\/\"}},{\"@type\":\"Person\",\"@id\":\"https:\\\/\\\/caen-yacht-club.com\\\/web\\\/#\\\/schema\\\/person\\\/af87a4c0a8c723cb75bbb14437e658a5\",\"name\":\"Jean-Edouard\",\"image\":{\"@type\":\"ImageObject\",\"inLanguage\":\"fr-FR\",\"@id\":\"https:\\\/\\\/secure.gravatar.com\\\/avatar\\\/2796cd0de27988e13591ad65946f06c8a0a3364e35ad22e382d0fc174b6111be?s=96&d=mm&r=g\",\"url\":\"https:\\\/\\\/secure.gravatar.com\\\/avatar\\\/2796cd0de27988e13591ad65946f06c8a0a3364e35ad22e382d0fc174b6111be?s=96&d=mm&r=g\",\"contentUrl\":\"https:\\\/\\\/secure.gravatar.com\\\/avatar\\\/2796cd0de27988e13591ad65946f06c8a0a3364e35ad22e382d0fc174b6111be?s=96&d=mm&r=g\",\"caption\":\"Jean-Edouard\"},\"url\":\"https:\\\/\\\/caen-yacht-club.com\\\/web\\\/espace-membre\\\/?uid=287\"}]}<\/script>\n<!-- \/ Yoast SEO plugin. -->","yoast_head_json":{"title":"Caen Yacht Club Actualit\u00e9s","description":"Les actualit\u00e9s et \u00e9v\u00e8nements du Caen Yacht Club. R\u00e9gates, Cours de voile, Conf\u00e9rences","robots":{"index":"index","follow":"follow","max-snippet":"max-snippet:-1","max-image-preview":"max-image-preview:large","max-video-preview":"max-video-preview:-1"},"canonical":"https:\/\/caen-yacht-club.com\/web\/bienvenue-sur-les-terres-polaires-de-georgie-du-sud-et-de-lantarctique-au-cafe-maritime-le-30-septembre-2020\/","og_locale":"fr_FR","og_type":"article","og_title":"Caen Yacht Club Actualit\u00e9s","og_description":"Les actualit\u00e9s et \u00e9v\u00e8nements du Caen Yacht Club. R\u00e9gates, Cours de voile, Conf\u00e9rences","og_url":"https:\/\/caen-yacht-club.com\/web\/bienvenue-sur-les-terres-polaires-de-georgie-du-sud-et-de-lantarctique-au-cafe-maritime-le-30-septembre-2020\/","og_site_name":"Caen Yacht Club","article_published_time":"2021-09-19T08:02:31+00:00","article_modified_time":"2021-09-19T08:02:35+00:00","og_image":[{"width":500,"height":472,"url":"https:\/\/i0.wp.com\/caen-yacht-club.com\/web\/wp-content\/uploads\/2020\/03\/Logo_CYC_20170104-e1585662025871.png?fit=500%2C472&ssl=1","type":"image\/png"}],"author":"Jean-Edouard","twitter_card":"summary_large_image","twitter_misc":{"\u00c9crit par":"Jean-Edouard","Dur\u00e9e de lecture estim\u00e9e":"1 minute"},"schema":{"@context":"https:\/\/schema.org","@graph":[{"@type":"NewsArticle","@id":"https:\/\/caen-yacht-club.com\/web\/bienvenue-sur-les-terres-polaires-de-georgie-du-sud-et-de-lantarctique-au-cafe-maritime-le-30-septembre-2020\/#article","isPartOf":{"@id":"https:\/\/caen-yacht-club.com\/web\/bienvenue-sur-les-terres-polaires-de-georgie-du-sud-et-de-lantarctique-au-cafe-maritime-le-30-septembre-2020\/"},"author":{"name":"Jean-Edouard","@id":"https:\/\/caen-yacht-club.com\/web\/#\/schema\/person\/af87a4c0a8c723cb75bbb14437e658a5"},"headline":"Bienvenue sur les terres polaires de G\u00e9orgie du Sud et de l\u2019Antarctique, au &#8220;Caf\u00e9 Maritime&#8221; le 30 septembre 2020","datePublished":"2021-09-19T08:02:31+00:00","dateModified":"2021-09-19T08:02:35+00:00","mainEntityOfPage":{"@id":"https:\/\/caen-yacht-club.com\/web\/bienvenue-sur-les-terres-polaires-de-georgie-du-sud-et-de-lantarctique-au-cafe-maritime-le-30-septembre-2020\/"},"wordCount":216,"commentCount":0,"publisher":{"@id":"https:\/\/caen-yacht-club.com\/web\/#organization"},"articleSection":["Actualit\u00e9","Caf\u00e9 Maritime"],"inLanguage":"fr-FR","potentialAction":[{"@type":"CommentAction","name":"Comment","target":["https:\/\/caen-yacht-club.com\/web\/bienvenue-sur-les-terres-polaires-de-georgie-du-sud-et-de-lantarctique-au-cafe-maritime-le-30-septembre-2020\/#respond"]}]},{"@type":"WebPage","@id":"https:\/\/caen-yacht-club.com\/web\/bienvenue-sur-les-terres-polaires-de-georgie-du-sud-et-de-lantarctique-au-cafe-maritime-le-30-septembre-2020\/","url":"https:\/\/caen-yacht-club.com\/web\/bienvenue-sur-les-terres-polaires-de-georgie-du-sud-et-de-lantarctique-au-cafe-maritime-le-30-septembre-2020\/","name":"Caen Yacht Club Actualit\u00e9s","isPartOf":{"@id":"https:\/\/caen-yacht-club.com\/web\/#website"},"datePublished":"2021-09-19T08:02:31+00:00","dateModified":"2021-09-19T08:02:35+00:00","description":"Les actualit\u00e9s et \u00e9v\u00e8nements du Caen Yacht Club. R\u00e9gates, Cours de voile, Conf\u00e9rences","breadcrumb":{"@id":"https:\/\/caen-yacht-club.com\/web\/bienvenue-sur-les-terres-polaires-de-georgie-du-sud-et-de-lantarctique-au-cafe-maritime-le-30-septembre-2020\/#breadcrumb"},"inLanguage":"fr-FR","potentialAction":[{"@type":"ReadAction","target":["https:\/\/caen-yacht-club.com\/web\/bienvenue-sur-les-terres-polaires-de-georgie-du-sud-et-de-lantarctique-au-cafe-maritime-le-30-septembre-2020\/"]}]},{"@type":"BreadcrumbList","@id":"https:\/\/caen-yacht-club.com\/web\/bienvenue-sur-les-terres-polaires-de-georgie-du-sud-et-de-lantarctique-au-cafe-maritime-le-30-septembre-2020\/#breadcrumb","itemListElement":[{"@type":"ListItem","position":1,"name":"Accueil","item":"https:\/\/caen-yacht-club.com\/web\/"},{"@type":"ListItem","position":2,"name":"Bienvenue sur les terres polaires de G\u00e9orgie du Sud et de l\u2019Antarctique, au &#8220;Caf\u00e9 Maritime&#8221; le 30 septembre 2020"}]},{"@type":"WebSite","@id":"https:\/\/caen-yacht-club.com\/web\/#website","url":"https:\/\/caen-yacht-club.com\/web\/","name":"Caen Yacht Club","description":"Naviguez en ville","publisher":{"@id":"https:\/\/caen-yacht-club.com\/web\/#organization"},"potentialAction":[{"@type":"SearchAction","target":{"@type":"EntryPoint","urlTemplate":"https:\/\/caen-yacht-club.com\/web\/?s={search_term_string}"},"query-input":{"@type":"PropertyValueSpecification","valueRequired":true,"valueName":"search_term_string"}}],"inLanguage":"fr-FR"},{"@type":"Organization","@id":"https:\/\/caen-yacht-club.com\/web\/#organization","name":"Caen Yacht Club","url":"https:\/\/caen-yacht-club.com\/web\/","logo":{"@type":"ImageObject","inLanguage":"fr-FR","@id":"https:\/\/caen-yacht-club.com\/web\/#\/schema\/logo\/image\/","url":"https:\/\/i0.wp.com\/caen-yacht-club.com\/web\/wp-content\/uploads\/2020\/03\/Logo_CYC_20170104-e1585662025871.png?fit=500%2C472&ssl=1","contentUrl":"https:\/\/i0.wp.com\/caen-yacht-club.com\/web\/wp-content\/uploads\/2020\/03\/Logo_CYC_20170104-e1585662025871.png?fit=500%2C472&ssl=1","width":500,"height":472,"caption":"Caen Yacht Club"},"image":{"@id":"https:\/\/caen-yacht-club.com\/web\/#\/schema\/logo\/image\/"}},{"@type":"Person","@id":"https:\/\/caen-yacht-club.com\/web\/#\/schema\/person\/af87a4c0a8c723cb75bbb14437e658a5","name":"Jean-Edouard","image":{"@type":"ImageObject","inLanguage":"fr-FR","@id":"https:\/\/secure.gravatar.com\/avatar\/2796cd0de27988e13591ad65946f06c8a0a3364e35ad22e382d0fc174b6111be?s=96&d=mm&r=g","url":"https:\/\/secure.gravatar.com\/avatar\/2796cd0de27988e13591ad65946f06c8a0a3364e35ad22e382d0fc174b6111be?s=96&d=mm&r=g","contentUrl":"https:\/\/secure.gravatar.com\/avatar\/2796cd0de27988e13591ad65946f06c8a0a3364e35ad22e382d0fc174b6111be?s=96&d=mm&r=g","caption":"Jean-Edouard"},"url":"https:\/\/caen-yacht-club.com\/web\/espace-membre\/?uid=287"}]}},"jetpack_featured_media_url":"","jetpack_sharing_enabled":true,"jetpack_shortlink":"https:\/\/wp.me\/p7ppuD-2YE","jetpack-related-posts":[{"id":13530,"url":"https:\/\/caen-yacht-club.com\/web\/le-sharpie-voilier-du-nouveau-monde-du-yachting-et-de-limpressionnisme-cafe-maritime-du-jeudi-18-avril-2024\/","url_meta":{"origin":11448,"position":0},"title":"Le sharpie, voilier du Nouveau Monde, figure du Yachting et de l&#8217;impressionnisme. Caf\u00e9 Maritime du jeudi 18 avril 2024","author":"Anne CHIVOT","date":"4 avril 2024","format":false,"excerpt":"Le sharpie est un voilier singulier n\u00e9 au XIXe si\u00e8cle dans le bassin hu\u00eetrier de New Haven (\u00c9tats-Unis). Il a plusieurs vies qui seront pr\u00e9sent\u00e9es jeudi 18 avril lors d\u2019un caf\u00e9 maritime par Patrick F\u00e9ron, officier de marine marchande et docteur en histoire des sciences et des techniques. Une fois\u2026","rel":"","context":"Dans &quot;Caen&quot;","block_context":{"text":"Caen","link":"https:\/\/caen-yacht-club.com\/web\/category\/caen\/"},"img":{"alt_text":"","src":"https:\/\/i0.wp.com\/caen-yacht-club.com\/web\/wp-content\/uploads\/Photo.jpg?fit=865%2C411&ssl=1&resize=350%2C200","width":350,"height":200,"srcset":"https:\/\/i0.wp.com\/caen-yacht-club.com\/web\/wp-content\/uploads\/Photo.jpg?fit=865%2C411&ssl=1&resize=350%2C200 1x, https:\/\/i0.wp.com\/caen-yacht-club.com\/web\/wp-content\/uploads\/Photo.jpg?fit=865%2C411&ssl=1&resize=525%2C300 1.5x, https:\/\/i0.wp.com\/caen-yacht-club.com\/web\/wp-content\/uploads\/Photo.jpg?fit=865%2C411&ssl=1&resize=700%2C400 2x"},"classes":[]},{"id":13952,"url":"https:\/\/caen-yacht-club.com\/web\/vierge-de-lourdes-et-belle-poule-deux-voiliers-de-normandie-cafe-maritime-du-jeudi-27-mars-2025\/","url_meta":{"origin":11448,"position":1},"title":"Vierge de Lourdes et Belle Poule : deux voiliers de Normandie. Caf\u00e9 Maritime du jeudi 27 mars 2025","author":"Anne CHIVOT","date":"17 mars 2025","format":false,"excerpt":"Patrick F\u00e9ron, chercheur en sciences et histoire maritimes nous pr\u00e9sentera deux types de bateaux patrimoniaux normands\u00a0: la ca\u00efque Vierge de Lourdes et deux go\u00e9lettes de la Marine nationale (la Belle Poule et l\u2019\u00c9toile). Tous ont \u00e9t\u00e9 construits dans le pays de Caux pour la p\u00eache mais ont connu deux trajectoires\u2026","rel":"","context":"Dans &quot;Caen&quot;","block_context":{"text":"Caen","link":"https:\/\/caen-yacht-club.com\/web\/category\/caen\/"},"img":{"alt_text":"","src":"https:\/\/i0.wp.com\/caen-yacht-club.com\/web\/wp-content\/uploads\/Affiche-27-mars-2025-1_page-0001.jpg?fit=849%2C1200&ssl=1&resize=350%2C200","width":350,"height":200,"srcset":"https:\/\/i0.wp.com\/caen-yacht-club.com\/web\/wp-content\/uploads\/Affiche-27-mars-2025-1_page-0001.jpg?fit=849%2C1200&ssl=1&resize=350%2C200 1x, https:\/\/i0.wp.com\/caen-yacht-club.com\/web\/wp-content\/uploads\/Affiche-27-mars-2025-1_page-0001.jpg?fit=849%2C1200&ssl=1&resize=525%2C300 1.5x, https:\/\/i0.wp.com\/caen-yacht-club.com\/web\/wp-content\/uploads\/Affiche-27-mars-2025-1_page-0001.jpg?fit=849%2C1200&ssl=1&resize=700%2C400 2x"},"classes":[]},{"id":4021,"url":"https:\/\/caen-yacht-club.com\/web\/retour-sur-le-dernier-cafe-maritime-3\/","url_meta":{"origin":11448,"position":2},"title":"Retour sur le dernier caf\u00e9 maritime","author":"Damien BULLET","date":"2 f\u00e9vrier 2020","format":false,"excerpt":"Six scientifiques chevronn\u00e9s, soixante personnes m\u00e9dus\u00e9es et une d\u00e9gustation des gourmandises sign\u00e9es \"Bord \u00e0 Bord\", voici la recette du succ\u00e8s de cette soir\u00e9e. Suivez cette recherche appliqu\u00e9e (conception de digues et mouillages vertueux pour la biodiversit\u00e9) jusqu'\u00e0 son bilan en 2022 : newsletter www.ciria.org\/marineff. Changement de cap pour le Caf\u00e9\u2026","rel":"","context":"Dans &quot;Caf\u00e9 Maritime&quot;","block_context":{"text":"Caf\u00e9 Maritime","link":"https:\/\/caen-yacht-club.com\/web\/category\/cafe-maritime\/"},"img":{"alt_text":"","src":"https:\/\/i0.wp.com\/caen-yacht-club.com\/web\/wp-content\/uploads\/2020\/02\/j-8-scaled.jpg?resize=350%2C200&ssl=1","width":350,"height":200,"srcset":"https:\/\/i0.wp.com\/caen-yacht-club.com\/web\/wp-content\/uploads\/2020\/02\/j-8-scaled.jpg?resize=350%2C200&ssl=1 1x, https:\/\/i0.wp.com\/caen-yacht-club.com\/web\/wp-content\/uploads\/2020\/02\/j-8-scaled.jpg?resize=525%2C300&ssl=1 1.5x, https:\/\/i0.wp.com\/caen-yacht-club.com\/web\/wp-content\/uploads\/2020\/02\/j-8-scaled.jpg?resize=700%2C400&ssl=1 2x, https:\/\/i0.wp.com\/caen-yacht-club.com\/web\/wp-content\/uploads\/2020\/02\/j-8-scaled.jpg?resize=1050%2C600&ssl=1 3x, https:\/\/i0.wp.com\/caen-yacht-club.com\/web\/wp-content\/uploads\/2020\/02\/j-8-scaled.jpg?resize=1400%2C800&ssl=1 4x"},"classes":[]},{"id":3341,"url":"https:\/\/caen-yacht-club.com\/web\/prochain-cafe-maritime-le-jeudi-28-fevrier\/","url_meta":{"origin":11448,"position":3},"title":"Prochain Caf\u00e9 Maritime le jeudi 28 f\u00e9vrier","author":"Damien BULLET","date":"21 f\u00e9vrier 2019","format":false,"excerpt":"Le prochain Caf\u00e9 Maritime du Caen Yacht Club se d\u00e9roulera le jeudi 28 f\u00e9vrier 2019 \u00e0 18h30, dans la salle de la Ligue de voile avec comme invit\u00e9, le navigateur Philippe Bensimon, Pr\u00e9sident de l'association \"Tour solidaire des deux Am\u00e9riques en voilier.\" \"L\u2019exp\u00e9dition Tour des deux Am\u00e9riques solidaire en voilier\u2026","rel":"","context":"Dans &quot;Actualit\u00e9&quot;","block_context":{"text":"Actualit\u00e9","link":"https:\/\/caen-yacht-club.com\/web\/category\/actualite\/"},"img":{"alt_text":"","src":"https:\/\/i0.wp.com\/caen-yacht-club.com\/web\/wp-content\/uploads\/2019\/02\/100347222_o.jpg?fit=1200%2C900&ssl=1&resize=350%2C200","width":350,"height":200,"srcset":"https:\/\/i0.wp.com\/caen-yacht-club.com\/web\/wp-content\/uploads\/2019\/02\/100347222_o.jpg?fit=1200%2C900&ssl=1&resize=350%2C200 1x, https:\/\/i0.wp.com\/caen-yacht-club.com\/web\/wp-content\/uploads\/2019\/02\/100347222_o.jpg?fit=1200%2C900&ssl=1&resize=525%2C300 1.5x, https:\/\/i0.wp.com\/caen-yacht-club.com\/web\/wp-content\/uploads\/2019\/02\/100347222_o.jpg?fit=1200%2C900&ssl=1&resize=700%2C400 2x, https:\/\/i0.wp.com\/caen-yacht-club.com\/web\/wp-content\/uploads\/2019\/02\/100347222_o.jpg?fit=1200%2C900&ssl=1&resize=1050%2C600 3x"},"classes":[]},{"id":12225,"url":"https:\/\/caen-yacht-club.com\/web\/presentation-du-pilotage-maritime-par-christophe-hurel-pilote-de-la-seine-caen-dieppe-cafe-maritime-du-1er-decembre-2022\/","url_meta":{"origin":11448,"position":4},"title":"Pr\u00e9sentation du pilotage maritime par Christophe Hurel, pilote de la Seine-Caen-Dieppe.                                                      &#8220;Caf\u00e9 Maritime&#8221; du jeudi 12 janvier 2023.","author":"Anne CHIVOT","date":"18 novembre 2022","format":false,"excerpt":"Les pilotes maritimes, partout dans le monde, guident les navires \u00e0 l\u2019entr\u00e9e et \u00e0 la sortie des ports. Pour ce faire, ils embarquent sur les navires jour et nuit par (presque) tous les temps pour apporter aux commandants de ces navires leur connaissance des lieux, leur expertise et leur exp\u00e9rience.\u2026","rel":"","context":"Dans &quot;Actualit\u00e9&quot;","block_context":{"text":"Actualit\u00e9","link":"https:\/\/caen-yacht-club.com\/web\/category\/actualite\/"},"img":{"alt_text":"","src":"https:\/\/i0.wp.com\/caen-yacht-club.com\/web\/wp-content\/uploads\/DJI_0323-scaled.jpg?fit=1200%2C800&ssl=1&resize=350%2C200","width":350,"height":200,"srcset":"https:\/\/i0.wp.com\/caen-yacht-club.com\/web\/wp-content\/uploads\/DJI_0323-scaled.jpg?fit=1200%2C800&ssl=1&resize=350%2C200 1x, https:\/\/i0.wp.com\/caen-yacht-club.com\/web\/wp-content\/uploads\/DJI_0323-scaled.jpg?fit=1200%2C800&ssl=1&resize=525%2C300 1.5x, https:\/\/i0.wp.com\/caen-yacht-club.com\/web\/wp-content\/uploads\/DJI_0323-scaled.jpg?fit=1200%2C800&ssl=1&resize=700%2C400 2x, https:\/\/i0.wp.com\/caen-yacht-club.com\/web\/wp-content\/uploads\/DJI_0323-scaled.jpg?fit=1200%2C800&ssl=1&resize=1050%2C600 3x"},"classes":[]},{"id":3975,"url":"https:\/\/caen-yacht-club.com\/web\/cafe-maritime-du-jeudi-30-janvier-2020\/","url_meta":{"origin":11448,"position":5},"title":"Caf\u00e9 Maritime du jeudi 30 janvier 2020","author":"Damien BULLET","date":"21 janvier 2020","format":false,"excerpt":"MARINEFF, un espoir pour la biodiversit\u00e9 en Manche. C'est un projet unique, soutenu par l\u2019Union Europ\u00e9enne, pour lutter contre la perte de biodiversit\u00e9 de la zone c\u00f4ti\u00e8re.Biologistes, marins, plongeurs, enseignants-chercheurs, ing\u00e9nieurs, acteurs de la construction maritime collaborent pour produire des infrastructures de nouvelle g\u00e9n\u00e9ration, capables d\u2019\u00eatre colonis\u00e9es par les organismes\u2026","rel":"","context":"Dans &quot;Actualit\u00e9&quot;","block_context":{"text":"Actualit\u00e9","link":"https:\/\/caen-yacht-club.com\/web\/category\/actualite\/"},"img":{"alt_text":"","src":"https:\/\/i0.wp.com\/caen-yacht-club.com\/web\/wp-content\/uploads\/2020\/01\/couverture_Fb_logo-interreg_partners.png?fit=1200%2C482&ssl=1&resize=350%2C200","width":350,"height":200,"srcset":"https:\/\/i0.wp.com\/caen-yacht-club.com\/web\/wp-content\/uploads\/2020\/01\/couverture_Fb_logo-interreg_partners.png?fit=1200%2C482&ssl=1&resize=350%2C200 1x, https:\/\/i0.wp.com\/caen-yacht-club.com\/web\/wp-content\/uploads\/2020\/01\/couverture_Fb_logo-interreg_partners.png?fit=1200%2C482&ssl=1&resize=525%2C300 1.5x, https:\/\/i0.wp.com\/caen-yacht-club.com\/web\/wp-content\/uploads\/2020\/01\/couverture_Fb_logo-interreg_partners.png?fit=1200%2C482&ssl=1&resize=700%2C400 2x, https:\/\/i0.wp.com\/caen-yacht-club.com\/web\/wp-content\/uploads\/2020\/01\/couverture_Fb_logo-interreg_partners.png?fit=1200%2C482&ssl=1&resize=1050%2C600 3x"},"classes":[]}],"_links":{"self":[{"href":"https:\/\/caen-yacht-club.com\/web\/wp-json\/wp\/v2\/posts\/11448","targetHints":{"allow":["GET"]}}],"collection":[{"href":"https:\/\/caen-yacht-club.com\/web\/wp-json\/wp\/v2\/posts"}],"about":[{"href":"https:\/\/caen-yacht-club.com\/web\/wp-json\/wp\/v2\/types\/post"}],"author":[{"embeddable":true,"href":"https:\/\/caen-yacht-club.com\/web\/wp-json\/wp\/v2\/users\/287"}],"replies":[{"embeddable":true,"href":"https:\/\/caen-yacht-club.com\/web\/wp-json\/wp\/v2\/comments?post=11448"}],"version-history":[{"count":1,"href":"https:\/\/caen-yacht-club.com\/web\/wp-json\/wp\/v2\/posts\/11448\/revisions"}],"predecessor-version":[{"id":11449,"href":"https:\/\/caen-yacht-club.com\/web\/wp-json\/wp\/v2\/posts\/11448\/revisions\/11449"}],"wp:attachment":[{"href":"https:\/\/caen-yacht-club.com\/web\/wp-json\/wp\/v2\/media?parent=11448"}],"wp:term":[{"taxonomy":"category","embeddable":true,"href":"https:\/\/caen-yacht-club.com\/web\/wp-json\/wp\/v2\/categories?post=11448"},{"taxonomy":"post_tag","embeddable":true,"href":"https:\/\/caen-yacht-club.com\/web\/wp-json\/wp\/v2\/tags?post=11448"}],"curies":[{"name":"wp","href":"https:\/\/api.w.org\/{rel}","templated":true}]}}