{"id":11694,"date":"2022-02-24T11:10:15","date_gmt":"2022-02-24T10:10:15","guid":{"rendered":"https:\/\/caen-yacht-club.com\/web\/?p=11694"},"modified":"2022-03-10T10:23:29","modified_gmt":"2022-03-10T09:23:29","slug":"laventure-du-chaland-sablier-de-bamako-mali-1828-2018-cafe-maritime-du-3-mars-2022","status":"publish","type":"post","link":"https:\/\/caen-yacht-club.com\/web\/laventure-du-chaland-sablier-de-bamako-mali-1828-2018-cafe-maritime-du-3-mars-2022\/","title":{"rendered":"L\u2019Aventure du chaland-sablier de Bamako, Mali (1828-2018)                                               -&#8220;Caf\u00e9 Maritime&#8221; du 3 mars 2022 &#8211;"},"content":{"rendered":"\n<p style=\"text-align: justify;\">Patrick F\u00e9ron, chercheur sp\u00e9cialis\u00e9 en construction navale traditionnelle nous emm\u00e8ne sur le delta du Niger, sur cette mer de 30&nbsp;000 km<sup>2<\/sup> au plus fort de la crue, entre Bamako et Tombouctou. Ce delta accueille une tradition pirogui\u00e8re imm\u00e9moriale. En 1828, l\u2019explorateur fran\u00e7ais Ren\u00e9 Cailli\u00e9 est le premier \u00e0 d\u00e9crire la <em>Grande pirogue de Djenn\u00e9<\/em>, neuf autres mod\u00e8les enrichissent l\u2019inventaire. \u00c0 partir de 1884, des enseignes de vaisseau fran\u00e7ais reconnaissent le fleuve Niger jusqu\u2019\u00e0 Tombouctou. Ces&nbsp;marins du Niger introduisent la tradition d\u2019architecture d\u2019un chaland&nbsp;\u00e0 fond plat. Aujourd\u2019hui, l\u2019industrie de ce chaland m\u00e9tiss\u00e9 est devenue fleurissante \u00e0 Bamako, sous l\u2019effet de l\u2019expansion urbaine de la m\u00e9gapole malienne.&nbsp;<\/p>\n<p style=\"text-align: justify;\">Le parc de plus de 53&nbsp;000 pirogues, concentr\u00e9 sur les r\u00e9gions de p\u00eache de Tombouctou, Mopti, S\u00e9gou d\u00e9montre la vivacit\u00e9 de la tradition ancestrale. Parmi celles-ci le chaland-sablier r\u00e9sulte d\u2019un savoir-faire piroguier des plus anciens et d\u2019une tradition d\u2019architecture nautique novatrice. La d\u00e9couverte de cette aventure nous entra\u00eene sur les pas des charpentiers maliens du chantier de Bamako, constructeurs du chaland-sablier.<\/p>\n<p>Patrick F\u00e9ron r\u00e9pondra ensuite \u00e0 vos questions apr\u00e8s sa pr\u00e9sentation.<\/p>\n<p>Ce &#8220;<strong><em>Caf\u00e9 Maritime&#8221;<\/em><\/strong> se d\u00e9roulera <strong>jeudi 3 mars de 18h30 \u00e0 20h \u00e0 la salle de AVF, 2 Quai de la Londe, 14000 Caen.<\/strong> Un pot suivra cette pr\u00e9sentation, pour lequel il vous sera demand\u00e9 une participation de 2 \u20ac.<\/p>\n<p style=\"text-align: justify;\">&nbsp;<\/p>\n","protected":false},"excerpt":{"rendered":"<p>Patrick F\u00e9ron, chercheur sp\u00e9cialis\u00e9 en construction navale traditionnelle nous emm\u00e8ne sur le delta du Niger, sur cette mer de 30&nbsp;000 km2 au plus fort de la&#8230;<\/p>\n","protected":false},"author":301,"featured_media":11695,"comment_status":"open","ping_status":"open","sticky":false,"template":"","format":"standard","meta":{"_exactmetrics_skip_tracking":false,"_exactmetrics_sitenote_active":false,"_exactmetrics_sitenote_note":"","_exactmetrics_sitenote_category":0,"jetpack_post_was_ever_published":false,"_jetpack_newsletter_access":"","_jetpack_dont_email_post_to_subs":false,"_jetpack_newsletter_tier_id":0,"_jetpack_memberships_contains_paywalled_content":false,"_jetpack_memberships_contains_paid_content":false,"footnotes":""},"categories":[1,17],"tags":[],"class_list":["post-11694","post","type-post","status-publish","format-standard","has-post-thumbnail","hentry","category-actualite","category-cafe-maritime"],"yoast_head":"<!-- This site is optimized with the Yoast SEO plugin v27.5 - https:\/\/yoast.com\/product\/yoast-seo-wordpress\/ -->\n<title>Caen Yacht Club Actualit\u00e9s<\/title>\n<meta name=\"description\" content=\"Les actualit\u00e9s et \u00e9v\u00e8nements du Caen Yacht Club. R\u00e9gates, Cours de voile, Conf\u00e9rences\" \/>\n<meta name=\"robots\" content=\"index, follow, max-snippet:-1, max-image-preview:large, max-video-preview:-1\" \/>\n<link rel=\"canonical\" href=\"https:\/\/caen-yacht-club.com\/web\/laventure-du-chaland-sablier-de-bamako-mali-1828-2018-cafe-maritime-du-3-mars-2022\/\" \/>\n<meta property=\"og:locale\" content=\"fr_FR\" \/>\n<meta property=\"og:type\" content=\"article\" \/>\n<meta property=\"og:title\" content=\"Caen Yacht Club Actualit\u00e9s\" \/>\n<meta property=\"og:description\" content=\"Les actualit\u00e9s et \u00e9v\u00e8nements du Caen Yacht Club. R\u00e9gates, Cours de voile, Conf\u00e9rences\" \/>\n<meta property=\"og:url\" content=\"https:\/\/caen-yacht-club.com\/web\/laventure-du-chaland-sablier-de-bamako-mali-1828-2018-cafe-maritime-du-3-mars-2022\/\" \/>\n<meta property=\"og:site_name\" content=\"Caen Yacht Club\" \/>\n<meta property=\"article:author\" content=\"https:\/\/www.facebook.com\/anne.chivot\/media_set?set=a.3971425726631&amp;type=3\" \/>\n<meta property=\"article:published_time\" content=\"2022-02-24T10:10:15+00:00\" \/>\n<meta property=\"article:modified_time\" content=\"2022-03-10T09:23:29+00:00\" \/>\n<meta property=\"og:image\" content=\"https:\/\/i0.wp.com\/caen-yacht-club.com\/web\/wp-content\/uploads\/CafMar03032022.jpg?fit=2066%2C1397&ssl=1\" \/>\n\t<meta property=\"og:image:width\" content=\"2066\" \/>\n\t<meta property=\"og:image:height\" content=\"1397\" \/>\n\t<meta property=\"og:image:type\" content=\"image\/jpeg\" \/>\n<meta name=\"author\" content=\"Anne CHIVOT\" \/>\n<meta name=\"twitter:card\" content=\"summary_large_image\" \/>\n<meta name=\"twitter:label1\" content=\"\u00c9crit par\" \/>\n\t<meta name=\"twitter:data1\" content=\"Anne CHIVOT\" \/>\n\t<meta name=\"twitter:label2\" content=\"Dur\u00e9e de lecture estim\u00e9e\" \/>\n\t<meta name=\"twitter:data2\" content=\"1 minute\" \/>\n<script type=\"application\/ld+json\" class=\"yoast-schema-graph\">{\"@context\":\"https:\\\/\\\/schema.org\",\"@graph\":[{\"@type\":\"NewsArticle\",\"@id\":\"https:\\\/\\\/caen-yacht-club.com\\\/web\\\/laventure-du-chaland-sablier-de-bamako-mali-1828-2018-cafe-maritime-du-3-mars-2022\\\/#article\",\"isPartOf\":{\"@id\":\"https:\\\/\\\/caen-yacht-club.com\\\/web\\\/laventure-du-chaland-sablier-de-bamako-mali-1828-2018-cafe-maritime-du-3-mars-2022\\\/\"},\"author\":{\"name\":\"Anne CHIVOT\",\"@id\":\"https:\\\/\\\/caen-yacht-club.com\\\/web\\\/#\\\/schema\\\/person\\\/f9a03b75bf521efb5239cfedc3c69d33\"},\"headline\":\"L\u2019Aventure du chaland-sablier de Bamako, Mali (1828-2018) -&#8220;Caf\u00e9 Maritime&#8221; du 3 mars 2022 &#8211;\",\"datePublished\":\"2022-02-24T10:10:15+00:00\",\"dateModified\":\"2022-03-10T09:23:29+00:00\",\"mainEntityOfPage\":{\"@id\":\"https:\\\/\\\/caen-yacht-club.com\\\/web\\\/laventure-du-chaland-sablier-de-bamako-mali-1828-2018-cafe-maritime-du-3-mars-2022\\\/\"},\"wordCount\":257,\"commentCount\":0,\"publisher\":{\"@id\":\"https:\\\/\\\/caen-yacht-club.com\\\/web\\\/#organization\"},\"image\":{\"@id\":\"https:\\\/\\\/caen-yacht-club.com\\\/web\\\/laventure-du-chaland-sablier-de-bamako-mali-1828-2018-cafe-maritime-du-3-mars-2022\\\/#primaryimage\"},\"thumbnailUrl\":\"https:\\\/\\\/i0.wp.com\\\/caen-yacht-club.com\\\/web\\\/wp-content\\\/uploads\\\/CafMar03032022.jpg?fit=2066%2C1397&ssl=1\",\"articleSection\":[\"Actualit\u00e9\",\"Caf\u00e9 Maritime\"],\"inLanguage\":\"fr-FR\",\"potentialAction\":[{\"@type\":\"CommentAction\",\"name\":\"Comment\",\"target\":[\"https:\\\/\\\/caen-yacht-club.com\\\/web\\\/laventure-du-chaland-sablier-de-bamako-mali-1828-2018-cafe-maritime-du-3-mars-2022\\\/#respond\"]}]},{\"@type\":\"WebPage\",\"@id\":\"https:\\\/\\\/caen-yacht-club.com\\\/web\\\/laventure-du-chaland-sablier-de-bamako-mali-1828-2018-cafe-maritime-du-3-mars-2022\\\/\",\"url\":\"https:\\\/\\\/caen-yacht-club.com\\\/web\\\/laventure-du-chaland-sablier-de-bamako-mali-1828-2018-cafe-maritime-du-3-mars-2022\\\/\",\"name\":\"Caen Yacht Club Actualit\u00e9s\",\"isPartOf\":{\"@id\":\"https:\\\/\\\/caen-yacht-club.com\\\/web\\\/#website\"},\"primaryImageOfPage\":{\"@id\":\"https:\\\/\\\/caen-yacht-club.com\\\/web\\\/laventure-du-chaland-sablier-de-bamako-mali-1828-2018-cafe-maritime-du-3-mars-2022\\\/#primaryimage\"},\"image\":{\"@id\":\"https:\\\/\\\/caen-yacht-club.com\\\/web\\\/laventure-du-chaland-sablier-de-bamako-mali-1828-2018-cafe-maritime-du-3-mars-2022\\\/#primaryimage\"},\"thumbnailUrl\":\"https:\\\/\\\/i0.wp.com\\\/caen-yacht-club.com\\\/web\\\/wp-content\\\/uploads\\\/CafMar03032022.jpg?fit=2066%2C1397&ssl=1\",\"datePublished\":\"2022-02-24T10:10:15+00:00\",\"dateModified\":\"2022-03-10T09:23:29+00:00\",\"description\":\"Les actualit\u00e9s et \u00e9v\u00e8nements du Caen Yacht Club. R\u00e9gates, Cours de voile, Conf\u00e9rences\",\"breadcrumb\":{\"@id\":\"https:\\\/\\\/caen-yacht-club.com\\\/web\\\/laventure-du-chaland-sablier-de-bamako-mali-1828-2018-cafe-maritime-du-3-mars-2022\\\/#breadcrumb\"},\"inLanguage\":\"fr-FR\",\"potentialAction\":[{\"@type\":\"ReadAction\",\"target\":[\"https:\\\/\\\/caen-yacht-club.com\\\/web\\\/laventure-du-chaland-sablier-de-bamako-mali-1828-2018-cafe-maritime-du-3-mars-2022\\\/\"]}]},{\"@type\":\"ImageObject\",\"inLanguage\":\"fr-FR\",\"@id\":\"https:\\\/\\\/caen-yacht-club.com\\\/web\\\/laventure-du-chaland-sablier-de-bamako-mali-1828-2018-cafe-maritime-du-3-mars-2022\\\/#primaryimage\",\"url\":\"https:\\\/\\\/i0.wp.com\\\/caen-yacht-club.com\\\/web\\\/wp-content\\\/uploads\\\/CafMar03032022.jpg?fit=2066%2C1397&ssl=1\",\"contentUrl\":\"https:\\\/\\\/i0.wp.com\\\/caen-yacht-club.com\\\/web\\\/wp-content\\\/uploads\\\/CafMar03032022.jpg?fit=2066%2C1397&ssl=1\",\"width\":2066,\"height\":1397},{\"@type\":\"BreadcrumbList\",\"@id\":\"https:\\\/\\\/caen-yacht-club.com\\\/web\\\/laventure-du-chaland-sablier-de-bamako-mali-1828-2018-cafe-maritime-du-3-mars-2022\\\/#breadcrumb\",\"itemListElement\":[{\"@type\":\"ListItem\",\"position\":1,\"name\":\"Accueil\",\"item\":\"https:\\\/\\\/caen-yacht-club.com\\\/web\\\/\"},{\"@type\":\"ListItem\",\"position\":2,\"name\":\"L\u2019Aventure du chaland-sablier de Bamako, Mali (1828-2018) -&#8220;Caf\u00e9 Maritime&#8221; du 3 mars 2022 &#8211;\"}]},{\"@type\":\"WebSite\",\"@id\":\"https:\\\/\\\/caen-yacht-club.com\\\/web\\\/#website\",\"url\":\"https:\\\/\\\/caen-yacht-club.com\\\/web\\\/\",\"name\":\"Caen Yacht Club\",\"description\":\"Naviguez en ville\",\"publisher\":{\"@id\":\"https:\\\/\\\/caen-yacht-club.com\\\/web\\\/#organization\"},\"potentialAction\":[{\"@type\":\"SearchAction\",\"target\":{\"@type\":\"EntryPoint\",\"urlTemplate\":\"https:\\\/\\\/caen-yacht-club.com\\\/web\\\/?s={search_term_string}\"},\"query-input\":{\"@type\":\"PropertyValueSpecification\",\"valueRequired\":true,\"valueName\":\"search_term_string\"}}],\"inLanguage\":\"fr-FR\"},{\"@type\":\"Organization\",\"@id\":\"https:\\\/\\\/caen-yacht-club.com\\\/web\\\/#organization\",\"name\":\"Caen Yacht Club\",\"url\":\"https:\\\/\\\/caen-yacht-club.com\\\/web\\\/\",\"logo\":{\"@type\":\"ImageObject\",\"inLanguage\":\"fr-FR\",\"@id\":\"https:\\\/\\\/caen-yacht-club.com\\\/web\\\/#\\\/schema\\\/logo\\\/image\\\/\",\"url\":\"https:\\\/\\\/i0.wp.com\\\/caen-yacht-club.com\\\/web\\\/wp-content\\\/uploads\\\/2020\\\/03\\\/Logo_CYC_20170104-e1585662025871.png?fit=500%2C472&ssl=1\",\"contentUrl\":\"https:\\\/\\\/i0.wp.com\\\/caen-yacht-club.com\\\/web\\\/wp-content\\\/uploads\\\/2020\\\/03\\\/Logo_CYC_20170104-e1585662025871.png?fit=500%2C472&ssl=1\",\"width\":500,\"height\":472,\"caption\":\"Caen Yacht Club\"},\"image\":{\"@id\":\"https:\\\/\\\/caen-yacht-club.com\\\/web\\\/#\\\/schema\\\/logo\\\/image\\\/\"}},{\"@type\":\"Person\",\"@id\":\"https:\\\/\\\/caen-yacht-club.com\\\/web\\\/#\\\/schema\\\/person\\\/f9a03b75bf521efb5239cfedc3c69d33\",\"name\":\"Anne CHIVOT\",\"image\":{\"@type\":\"ImageObject\",\"inLanguage\":\"fr-FR\",\"@id\":\"https:\\\/\\\/secure.gravatar.com\\\/avatar\\\/aff550da7dd307e0b5382f28e47d29646c4c50f6dc46fcc2c311536e0b48acda?s=96&d=mm&r=g\",\"url\":\"https:\\\/\\\/secure.gravatar.com\\\/avatar\\\/aff550da7dd307e0b5382f28e47d29646c4c50f6dc46fcc2c311536e0b48acda?s=96&d=mm&r=g\",\"contentUrl\":\"https:\\\/\\\/secure.gravatar.com\\\/avatar\\\/aff550da7dd307e0b5382f28e47d29646c4c50f6dc46fcc2c311536e0b48acda?s=96&d=mm&r=g\",\"caption\":\"Anne CHIVOT\"},\"sameAs\":[\"https:\\\/\\\/www.facebook.com\\\/anne.chivot\\\/media_set?set=a.3971425726631&type=3\"],\"url\":\"https:\\\/\\\/caen-yacht-club.com\\\/web\\\/espace-membre\\\/?uid=301\"}]}<\/script>\n<!-- \/ Yoast SEO plugin. -->","yoast_head_json":{"title":"Caen Yacht Club Actualit\u00e9s","description":"Les actualit\u00e9s et \u00e9v\u00e8nements du Caen Yacht Club. R\u00e9gates, Cours de voile, Conf\u00e9rences","robots":{"index":"index","follow":"follow","max-snippet":"max-snippet:-1","max-image-preview":"max-image-preview:large","max-video-preview":"max-video-preview:-1"},"canonical":"https:\/\/caen-yacht-club.com\/web\/laventure-du-chaland-sablier-de-bamako-mali-1828-2018-cafe-maritime-du-3-mars-2022\/","og_locale":"fr_FR","og_type":"article","og_title":"Caen Yacht Club Actualit\u00e9s","og_description":"Les actualit\u00e9s et \u00e9v\u00e8nements du Caen Yacht Club. R\u00e9gates, Cours de voile, Conf\u00e9rences","og_url":"https:\/\/caen-yacht-club.com\/web\/laventure-du-chaland-sablier-de-bamako-mali-1828-2018-cafe-maritime-du-3-mars-2022\/","og_site_name":"Caen Yacht Club","article_author":"https:\/\/www.facebook.com\/anne.chivot\/media_set?set=a.3971425726631&type=3","article_published_time":"2022-02-24T10:10:15+00:00","article_modified_time":"2022-03-10T09:23:29+00:00","og_image":[{"width":2066,"height":1397,"url":"https:\/\/i0.wp.com\/caen-yacht-club.com\/web\/wp-content\/uploads\/CafMar03032022.jpg?fit=2066%2C1397&ssl=1","type":"image\/jpeg"}],"author":"Anne CHIVOT","twitter_card":"summary_large_image","twitter_misc":{"\u00c9crit par":"Anne CHIVOT","Dur\u00e9e de lecture estim\u00e9e":"1 minute"},"schema":{"@context":"https:\/\/schema.org","@graph":[{"@type":"NewsArticle","@id":"https:\/\/caen-yacht-club.com\/web\/laventure-du-chaland-sablier-de-bamako-mali-1828-2018-cafe-maritime-du-3-mars-2022\/#article","isPartOf":{"@id":"https:\/\/caen-yacht-club.com\/web\/laventure-du-chaland-sablier-de-bamako-mali-1828-2018-cafe-maritime-du-3-mars-2022\/"},"author":{"name":"Anne CHIVOT","@id":"https:\/\/caen-yacht-club.com\/web\/#\/schema\/person\/f9a03b75bf521efb5239cfedc3c69d33"},"headline":"L\u2019Aventure du chaland-sablier de Bamako, Mali (1828-2018) -&#8220;Caf\u00e9 Maritime&#8221; du 3 mars 2022 &#8211;","datePublished":"2022-02-24T10:10:15+00:00","dateModified":"2022-03-10T09:23:29+00:00","mainEntityOfPage":{"@id":"https:\/\/caen-yacht-club.com\/web\/laventure-du-chaland-sablier-de-bamako-mali-1828-2018-cafe-maritime-du-3-mars-2022\/"},"wordCount":257,"commentCount":0,"publisher":{"@id":"https:\/\/caen-yacht-club.com\/web\/#organization"},"image":{"@id":"https:\/\/caen-yacht-club.com\/web\/laventure-du-chaland-sablier-de-bamako-mali-1828-2018-cafe-maritime-du-3-mars-2022\/#primaryimage"},"thumbnailUrl":"https:\/\/i0.wp.com\/caen-yacht-club.com\/web\/wp-content\/uploads\/CafMar03032022.jpg?fit=2066%2C1397&ssl=1","articleSection":["Actualit\u00e9","Caf\u00e9 Maritime"],"inLanguage":"fr-FR","potentialAction":[{"@type":"CommentAction","name":"Comment","target":["https:\/\/caen-yacht-club.com\/web\/laventure-du-chaland-sablier-de-bamako-mali-1828-2018-cafe-maritime-du-3-mars-2022\/#respond"]}]},{"@type":"WebPage","@id":"https:\/\/caen-yacht-club.com\/web\/laventure-du-chaland-sablier-de-bamako-mali-1828-2018-cafe-maritime-du-3-mars-2022\/","url":"https:\/\/caen-yacht-club.com\/web\/laventure-du-chaland-sablier-de-bamako-mali-1828-2018-cafe-maritime-du-3-mars-2022\/","name":"Caen Yacht Club Actualit\u00e9s","isPartOf":{"@id":"https:\/\/caen-yacht-club.com\/web\/#website"},"primaryImageOfPage":{"@id":"https:\/\/caen-yacht-club.com\/web\/laventure-du-chaland-sablier-de-bamako-mali-1828-2018-cafe-maritime-du-3-mars-2022\/#primaryimage"},"image":{"@id":"https:\/\/caen-yacht-club.com\/web\/laventure-du-chaland-sablier-de-bamako-mali-1828-2018-cafe-maritime-du-3-mars-2022\/#primaryimage"},"thumbnailUrl":"https:\/\/i0.wp.com\/caen-yacht-club.com\/web\/wp-content\/uploads\/CafMar03032022.jpg?fit=2066%2C1397&ssl=1","datePublished":"2022-02-24T10:10:15+00:00","dateModified":"2022-03-10T09:23:29+00:00","description":"Les actualit\u00e9s et \u00e9v\u00e8nements du Caen Yacht Club. R\u00e9gates, Cours de voile, Conf\u00e9rences","breadcrumb":{"@id":"https:\/\/caen-yacht-club.com\/web\/laventure-du-chaland-sablier-de-bamako-mali-1828-2018-cafe-maritime-du-3-mars-2022\/#breadcrumb"},"inLanguage":"fr-FR","potentialAction":[{"@type":"ReadAction","target":["https:\/\/caen-yacht-club.com\/web\/laventure-du-chaland-sablier-de-bamako-mali-1828-2018-cafe-maritime-du-3-mars-2022\/"]}]},{"@type":"ImageObject","inLanguage":"fr-FR","@id":"https:\/\/caen-yacht-club.com\/web\/laventure-du-chaland-sablier-de-bamako-mali-1828-2018-cafe-maritime-du-3-mars-2022\/#primaryimage","url":"https:\/\/i0.wp.com\/caen-yacht-club.com\/web\/wp-content\/uploads\/CafMar03032022.jpg?fit=2066%2C1397&ssl=1","contentUrl":"https:\/\/i0.wp.com\/caen-yacht-club.com\/web\/wp-content\/uploads\/CafMar03032022.jpg?fit=2066%2C1397&ssl=1","width":2066,"height":1397},{"@type":"BreadcrumbList","@id":"https:\/\/caen-yacht-club.com\/web\/laventure-du-chaland-sablier-de-bamako-mali-1828-2018-cafe-maritime-du-3-mars-2022\/#breadcrumb","itemListElement":[{"@type":"ListItem","position":1,"name":"Accueil","item":"https:\/\/caen-yacht-club.com\/web\/"},{"@type":"ListItem","position":2,"name":"L\u2019Aventure du chaland-sablier de Bamako, Mali (1828-2018) -&#8220;Caf\u00e9 Maritime&#8221; du 3 mars 2022 &#8211;"}]},{"@type":"WebSite","@id":"https:\/\/caen-yacht-club.com\/web\/#website","url":"https:\/\/caen-yacht-club.com\/web\/","name":"Caen Yacht Club","description":"Naviguez en ville","publisher":{"@id":"https:\/\/caen-yacht-club.com\/web\/#organization"},"potentialAction":[{"@type":"SearchAction","target":{"@type":"EntryPoint","urlTemplate":"https:\/\/caen-yacht-club.com\/web\/?s={search_term_string}"},"query-input":{"@type":"PropertyValueSpecification","valueRequired":true,"valueName":"search_term_string"}}],"inLanguage":"fr-FR"},{"@type":"Organization","@id":"https:\/\/caen-yacht-club.com\/web\/#organization","name":"Caen Yacht Club","url":"https:\/\/caen-yacht-club.com\/web\/","logo":{"@type":"ImageObject","inLanguage":"fr-FR","@id":"https:\/\/caen-yacht-club.com\/web\/#\/schema\/logo\/image\/","url":"https:\/\/i0.wp.com\/caen-yacht-club.com\/web\/wp-content\/uploads\/2020\/03\/Logo_CYC_20170104-e1585662025871.png?fit=500%2C472&ssl=1","contentUrl":"https:\/\/i0.wp.com\/caen-yacht-club.com\/web\/wp-content\/uploads\/2020\/03\/Logo_CYC_20170104-e1585662025871.png?fit=500%2C472&ssl=1","width":500,"height":472,"caption":"Caen Yacht Club"},"image":{"@id":"https:\/\/caen-yacht-club.com\/web\/#\/schema\/logo\/image\/"}},{"@type":"Person","@id":"https:\/\/caen-yacht-club.com\/web\/#\/schema\/person\/f9a03b75bf521efb5239cfedc3c69d33","name":"Anne CHIVOT","image":{"@type":"ImageObject","inLanguage":"fr-FR","@id":"https:\/\/secure.gravatar.com\/avatar\/aff550da7dd307e0b5382f28e47d29646c4c50f6dc46fcc2c311536e0b48acda?s=96&d=mm&r=g","url":"https:\/\/secure.gravatar.com\/avatar\/aff550da7dd307e0b5382f28e47d29646c4c50f6dc46fcc2c311536e0b48acda?s=96&d=mm&r=g","contentUrl":"https:\/\/secure.gravatar.com\/avatar\/aff550da7dd307e0b5382f28e47d29646c4c50f6dc46fcc2c311536e0b48acda?s=96&d=mm&r=g","caption":"Anne CHIVOT"},"sameAs":["https:\/\/www.facebook.com\/anne.chivot\/media_set?set=a.3971425726631&type=3"],"url":"https:\/\/caen-yacht-club.com\/web\/espace-membre\/?uid=301"}]}},"jetpack_featured_media_url":"https:\/\/i0.wp.com\/caen-yacht-club.com\/web\/wp-content\/uploads\/CafMar03032022.jpg?fit=2066%2C1397&ssl=1","jetpack_sharing_enabled":true,"jetpack_shortlink":"https:\/\/wp.me\/p7ppuD-32C","jetpack-related-posts":[{"id":13530,"url":"https:\/\/caen-yacht-club.com\/web\/le-sharpie-voilier-du-nouveau-monde-du-yachting-et-de-limpressionnisme-cafe-maritime-du-jeudi-18-avril-2024\/","url_meta":{"origin":11694,"position":0},"title":"Le sharpie, voilier du Nouveau Monde, figure du Yachting et de l&#8217;impressionnisme. Caf\u00e9 Maritime du jeudi 18 avril 2024","author":"Anne CHIVOT","date":"4 avril 2024","format":false,"excerpt":"Le sharpie est un voilier singulier n\u00e9 au XIXe si\u00e8cle dans le bassin hu\u00eetrier de New Haven (\u00c9tats-Unis). Il a plusieurs vies qui seront pr\u00e9sent\u00e9es jeudi 18 avril lors d\u2019un caf\u00e9 maritime par Patrick F\u00e9ron, officier de marine marchande et docteur en histoire des sciences et des techniques. Une fois\u2026","rel":"","context":"Dans &quot;Caen&quot;","block_context":{"text":"Caen","link":"https:\/\/caen-yacht-club.com\/web\/category\/caen\/"},"img":{"alt_text":"","src":"https:\/\/i0.wp.com\/caen-yacht-club.com\/web\/wp-content\/uploads\/Photo.jpg?fit=865%2C411&ssl=1&resize=350%2C200","width":350,"height":200,"srcset":"https:\/\/i0.wp.com\/caen-yacht-club.com\/web\/wp-content\/uploads\/Photo.jpg?fit=865%2C411&ssl=1&resize=350%2C200 1x, https:\/\/i0.wp.com\/caen-yacht-club.com\/web\/wp-content\/uploads\/Photo.jpg?fit=865%2C411&ssl=1&resize=525%2C300 1.5x, https:\/\/i0.wp.com\/caen-yacht-club.com\/web\/wp-content\/uploads\/Photo.jpg?fit=865%2C411&ssl=1&resize=700%2C400 2x"},"classes":[]},{"id":11224,"url":"https:\/\/caen-yacht-club.com\/web\/cafe-maritime-le-marite-dernier-terre-neuvier-francais\/","url_meta":{"origin":11694,"position":1},"title":"Caf\u00e9 Maritime &#8211; Le Marit\u00e9, dernier terre-neuvier fran\u00e7ais","author":"Jean-Edouard","date":"14 avril 2021","format":false,"excerpt":"Embarquez \u00e0 bord du Marit\u00e9, le dernier terre-neuvier fran\u00e7ais encore en activit\u00e9, au caf\u00e9 maritime du Caen Yacht Club, le 22 avril 2021 Matthieu Alluin capitaine du Marit\u00e9\u00a0vous emm\u00e8ne \u00e0 bord du Marit\u00e9 en vous proposant une visite de ce trois-m\u00e2ts go\u00e9lette sorti des chantiers de F\u00e9camp en 1922. Il\u2026","rel":"","context":"Dans &quot;Caf\u00e9 Maritime&quot;","block_context":{"text":"Caf\u00e9 Maritime","link":"https:\/\/caen-yacht-club.com\/web\/category\/cafe-maritime\/"},"img":{"alt_text":"","src":"https:\/\/i0.wp.com\/caen-yacht-club.com\/web\/wp-content\/uploads\/Capture-decran-2021-04-14-a-20.53.03.png?fit=1011%2C644&ssl=1&resize=350%2C200","width":350,"height":200,"srcset":"https:\/\/i0.wp.com\/caen-yacht-club.com\/web\/wp-content\/uploads\/Capture-decran-2021-04-14-a-20.53.03.png?fit=1011%2C644&ssl=1&resize=350%2C200 1x, https:\/\/i0.wp.com\/caen-yacht-club.com\/web\/wp-content\/uploads\/Capture-decran-2021-04-14-a-20.53.03.png?fit=1011%2C644&ssl=1&resize=525%2C300 1.5x, https:\/\/i0.wp.com\/caen-yacht-club.com\/web\/wp-content\/uploads\/Capture-decran-2021-04-14-a-20.53.03.png?fit=1011%2C644&ssl=1&resize=700%2C400 2x"},"classes":[]},{"id":13832,"url":"https:\/\/caen-yacht-club.com\/web\/le-parc-eolien-en-mer-du-calvados-cafe-maritime-du-jeudi-21-novembre-2024\/","url_meta":{"origin":11694,"position":2},"title":"Le parc \u00e9olien en mer du Calvados. Caf\u00e9 Maritime du jeudi 21 novembre 2024","author":"Anne CHIVOT","date":"14 novembre 2024","format":false,"excerpt":"Herv\u00e9 Monin pr\u00e9sentera le parc \u00e9olien en mer du Calvados lors du Caf\u00e9 Maritime du Caen Yacht Club. Chef de projet de ce parc situ\u00e9 au large de Courseulles-sur-Mer et projet phare d'EDF Renouvelables il d\u00e9taillera ce projet ambitieux : plus de 1000 personnes sont mobilis\u00e9es au total pour sa\u2026","rel":"","context":"Dans &quot;Caen&quot;","block_context":{"text":"Caen","link":"https:\/\/caen-yacht-club.com\/web\/category\/caen\/"},"img":{"alt_text":"","src":"https:\/\/i0.wp.com\/caen-yacht-club.com\/web\/wp-content\/uploads\/Annulation-scaled.jpg?fit=1200%2C799&ssl=1&resize=350%2C200","width":350,"height":200,"srcset":"https:\/\/i0.wp.com\/caen-yacht-club.com\/web\/wp-content\/uploads\/Annulation-scaled.jpg?fit=1200%2C799&ssl=1&resize=350%2C200 1x, https:\/\/i0.wp.com\/caen-yacht-club.com\/web\/wp-content\/uploads\/Annulation-scaled.jpg?fit=1200%2C799&ssl=1&resize=525%2C300 1.5x, https:\/\/i0.wp.com\/caen-yacht-club.com\/web\/wp-content\/uploads\/Annulation-scaled.jpg?fit=1200%2C799&ssl=1&resize=700%2C400 2x, https:\/\/i0.wp.com\/caen-yacht-club.com\/web\/wp-content\/uploads\/Annulation-scaled.jpg?fit=1200%2C799&ssl=1&resize=1050%2C600 3x"},"classes":[]},{"id":14256,"url":"https:\/\/caen-yacht-club.com\/web\/cafe-maritime-le-parc-eolien-en-mer-du-calvados\/","url_meta":{"origin":11694,"position":3},"title":"Caf\u00e9 Maritime : Le parc \u00e9olien en mer du Calvados","author":"Anke Hedrich","date":"4 novembre 2025","format":false,"excerpt":"\u00a0 \u00a0 \u00a0\u00a0 Jeudi 13 novembre Herv\u00e9 Monin pr\u00e9sentera le parc \u00e9olien en mer du Calvados lors du caf\u00e9 maritime du Caen Yacht Club. Chef de projet de ce parc situ\u00e9 au large de Courseulles-sur-Mer et projet phare d'EDF Renouvelables il d\u00e9taillera ce projet ambitieux\u00a0: plus de 1000 personnes sont\u2026","rel":"","context":"Dans &quot;Actualit\u00e9&quot;","block_context":{"text":"Actualit\u00e9","link":"https:\/\/caen-yacht-club.com\/web\/category\/actualite\/"},"img":{"alt_text":"\u00a9Parc \u00e9olien en mer du Calvados","src":"https:\/\/i0.wp.com\/caen-yacht-club.com\/web\/wp-content\/uploads\/Bildschirmfoto-2025-11-04-um-20.44.24-300x197.png?resize=350%2C200&ssl=1","width":350,"height":200},"classes":[]},{"id":13072,"url":"https:\/\/caen-yacht-club.com\/web\/les-voiliers-de-grande-croisiere-avec-grand-large-yachting-cafe-maritime-du-jeudi-19-octobre-2023\/","url_meta":{"origin":11694,"position":4},"title":"Les voiliers de grande croisi\u00e8re avec Grand Large Yachting &#8220;Caf\u00e9 Maritime&#8221; du jeudi 19 octobre 2023.","author":"Anne CHIVOT","date":"28 septembre 2023","format":false,"excerpt":"En 2003, St\u00e9phan Constance et Xavier Desmarest ont cr\u00e9\u00e9 \u00e0 Cherbourg le chantier ALLURES YACHTING, avec l\u2019id\u00e9e innovante de proposer des voiliers de grande croisi\u00e8re en aluminium, dont le pont et le roof seraient, eux, en composite. Le succ\u00e8s a \u00e9t\u00e9 tel qu\u2019ils ont \u00e9t\u00e9 amen\u00e9s \u00e0 successivement int\u00e9grer d\u2019autres\u2026","rel":"","context":"Dans &quot;Actualit\u00e9&quot;","block_context":{"text":"Actualit\u00e9","link":"https:\/\/caen-yacht-club.com\/web\/category\/actualite\/"},"img":{"alt_text":"","src":"https:\/\/i0.wp.com\/caen-yacht-club.com\/web\/wp-content\/uploads\/Illustration-site-cafmar1.jpg?fit=1200%2C729&ssl=1&resize=350%2C200","width":350,"height":200,"srcset":"https:\/\/i0.wp.com\/caen-yacht-club.com\/web\/wp-content\/uploads\/Illustration-site-cafmar1.jpg?fit=1200%2C729&ssl=1&resize=350%2C200 1x, https:\/\/i0.wp.com\/caen-yacht-club.com\/web\/wp-content\/uploads\/Illustration-site-cafmar1.jpg?fit=1200%2C729&ssl=1&resize=525%2C300 1.5x, https:\/\/i0.wp.com\/caen-yacht-club.com\/web\/wp-content\/uploads\/Illustration-site-cafmar1.jpg?fit=1200%2C729&ssl=1&resize=700%2C400 2x, https:\/\/i0.wp.com\/caen-yacht-club.com\/web\/wp-content\/uploads\/Illustration-site-cafmar1.jpg?fit=1200%2C729&ssl=1&resize=1050%2C600 3x"},"classes":[]},{"id":13944,"url":"https:\/\/caen-yacht-club.com\/web\/imoca-tout-comprendre-apres-le-vendee-globe-cafe-maritime-du-jeudi-13-mars-2025\/","url_meta":{"origin":11694,"position":5},"title":"IMOCA, tout comprendre apr\u00e8s le Vend\u00e9e Globe. Caf\u00e9 Maritime du jeudi 13 mars 2025","author":"Anne CHIVOT","date":"24 f\u00e9vrier 2025","format":false,"excerpt":"Richard Bameul reviendra sur le Vend\u00e9e Globe 2024-2025 lors du Caf\u00e9 Maritime du Caen Yacht Club, alors que cette \u00e9dition a d\u00e9clench\u00e9 les passions des r\u00e9seaux sociaux avec des images \u00e9poustouflantes. Il proposera les chiffres cl\u00e9s pour comprendre les Imoca, les choix techniques faits, en lien avec un r\u00e8glement en\u2026","rel":"","context":"Dans &quot;Caen&quot;","block_context":{"text":"Caen","link":"https:\/\/caen-yacht-club.com\/web\/category\/caen\/"},"img":{"alt_text":"","src":"https:\/\/i0.wp.com\/caen-yacht-club.com\/web\/wp-content\/uploads\/DSC09928111.jpg?fit=1200%2C802&ssl=1&resize=350%2C200","width":350,"height":200,"srcset":"https:\/\/i0.wp.com\/caen-yacht-club.com\/web\/wp-content\/uploads\/DSC09928111.jpg?fit=1200%2C802&ssl=1&resize=350%2C200 1x, https:\/\/i0.wp.com\/caen-yacht-club.com\/web\/wp-content\/uploads\/DSC09928111.jpg?fit=1200%2C802&ssl=1&resize=525%2C300 1.5x, https:\/\/i0.wp.com\/caen-yacht-club.com\/web\/wp-content\/uploads\/DSC09928111.jpg?fit=1200%2C802&ssl=1&resize=700%2C400 2x, https:\/\/i0.wp.com\/caen-yacht-club.com\/web\/wp-content\/uploads\/DSC09928111.jpg?fit=1200%2C802&ssl=1&resize=1050%2C600 3x"},"classes":[]}],"_links":{"self":[{"href":"https:\/\/caen-yacht-club.com\/web\/wp-json\/wp\/v2\/posts\/11694","targetHints":{"allow":["GET"]}}],"collection":[{"href":"https:\/\/caen-yacht-club.com\/web\/wp-json\/wp\/v2\/posts"}],"about":[{"href":"https:\/\/caen-yacht-club.com\/web\/wp-json\/wp\/v2\/types\/post"}],"author":[{"embeddable":true,"href":"https:\/\/caen-yacht-club.com\/web\/wp-json\/wp\/v2\/users\/301"}],"replies":[{"embeddable":true,"href":"https:\/\/caen-yacht-club.com\/web\/wp-json\/wp\/v2\/comments?post=11694"}],"version-history":[{"count":7,"href":"https:\/\/caen-yacht-club.com\/web\/wp-json\/wp\/v2\/posts\/11694\/revisions"}],"predecessor-version":[{"id":11730,"href":"https:\/\/caen-yacht-club.com\/web\/wp-json\/wp\/v2\/posts\/11694\/revisions\/11730"}],"wp:featuredmedia":[{"embeddable":true,"href":"https:\/\/caen-yacht-club.com\/web\/wp-json\/wp\/v2\/media\/11695"}],"wp:attachment":[{"href":"https:\/\/caen-yacht-club.com\/web\/wp-json\/wp\/v2\/media?parent=11694"}],"wp:term":[{"taxonomy":"category","embeddable":true,"href":"https:\/\/caen-yacht-club.com\/web\/wp-json\/wp\/v2\/categories?post=11694"},{"taxonomy":"post_tag","embeddable":true,"href":"https:\/\/caen-yacht-club.com\/web\/wp-json\/wp\/v2\/tags?post=11694"}],"curies":[{"name":"wp","href":"https:\/\/api.w.org\/{rel}","templated":true}]}}