{"id":11942,"date":"2022-06-24T14:42:31","date_gmt":"2022-06-24T13:42:31","guid":{"rendered":"https:\/\/caen-yacht-club.com\/web\/?p=11942"},"modified":"2024-02-07T13:54:13","modified_gmt":"2024-02-07T12:54:13","slug":"le-caen-yacht-club-sera-present-au-forum-place-aux-assos-2","status":"publish","type":"post","link":"https:\/\/caen-yacht-club.com\/web\/le-caen-yacht-club-sera-present-au-forum-place-aux-assos-2\/","title":{"rendered":"Caen Yacht Club au forum Place aux Assos"},"content":{"rendered":"\n<p style=\"text-align: justify;\"><span style=\"font-size: 16px; color: #333333;\">Le Caen Yacht Club participe \u00e0 la 8\u00e8me \u00e9dition du forum des associations organis\u00e9 par la ville de Caen. <\/span><span style=\"font-size: 16px; color: #333333;\">Les adh\u00e9rents sont les meilleurs ambassadeurs de leur club !<br \/><\/span><\/p>\n<p style=\"text-align: justify;\"><span style=\"font-size: 16px; color: #333333;\">Nous comptons sur vous pour pr\u00e9senter le Caen Yacht Club \u00e0 ses futurs adh\u00e9rents. <\/span><\/p>\n<p><span style=\"font-size: 16px; color: #333333;\">Cette ann\u00e9e encore, <strong>Place aux Assos<\/strong> <strong>se d\u00e9roulera dans l&#8217;enceinte du ch\u00e2teau de Caen<\/strong> <strong>l<span style=\"text-decoration: underline;\">e<\/span><\/strong> <strong><span style=\"text-decoration: underline;\">samedi 3 septembre 2022<\/span> de 10h \u00e0 19h.<\/strong><\/span><\/p>\n<pre><span style=\"font-family: arial, helvetica, sans-serif; font-size: 16px; color: #333333;\">Renseignements et inscriptions des b\u00e9n\u00e9voles aupr\u00e8s du secr\u00e9tariat. 02 31 28 58 46\u00a0 - <a style=\"color: #333333;\" href=\"mailto:cyc.secretariat@gmail.com\">cyc.secretariat@gmail.com<\/a><\/span><\/pre>\n","protected":false},"excerpt":{"rendered":"<p>Le Caen Yacht Club participe \u00e0 la 8\u00e8me \u00e9dition du forum des associations organis\u00e9 par la ville de Caen. Les adh\u00e9rents sont les meilleurs ambassadeurs de&#8230;<\/p>\n","protected":false},"author":301,"featured_media":12014,"comment_status":"open","ping_status":"open","sticky":false,"template":"","format":"standard","meta":{"_exactmetrics_skip_tracking":false,"_exactmetrics_sitenote_active":false,"_exactmetrics_sitenote_note":"","_exactmetrics_sitenote_category":0,"jetpack_post_was_ever_published":false,"_jetpack_newsletter_access":"","_jetpack_dont_email_post_to_subs":false,"_jetpack_newsletter_tier_id":0,"_jetpack_memberships_contains_paywalled_content":false,"_jetpack_memberships_contains_paid_content":false,"footnotes":""},"categories":[57],"tags":[],"class_list":["post-11942","post","type-post","status-publish","format-standard","has-post-thumbnail","hentry","category-vie-du-club"],"yoast_head":"<!-- This site is optimized with the Yoast SEO plugin v27.5 - https:\/\/yoast.com\/product\/yoast-seo-wordpress\/ -->\n<title>Caen Yacht Club Actualit\u00e9s<\/title>\n<meta name=\"description\" content=\"Les actualit\u00e9s et \u00e9v\u00e8nements du Caen Yacht Club. R\u00e9gates, Cours de voile, Conf\u00e9rences\" \/>\n<meta name=\"robots\" content=\"index, follow, max-snippet:-1, max-image-preview:large, max-video-preview:-1\" \/>\n<link rel=\"canonical\" href=\"https:\/\/caen-yacht-club.com\/web\/le-caen-yacht-club-sera-present-au-forum-place-aux-assos-2\/\" \/>\n<meta property=\"og:locale\" content=\"fr_FR\" \/>\n<meta property=\"og:type\" content=\"article\" \/>\n<meta property=\"og:title\" content=\"Caen Yacht Club Actualit\u00e9s\" \/>\n<meta property=\"og:description\" content=\"Les actualit\u00e9s et \u00e9v\u00e8nements du Caen Yacht Club. R\u00e9gates, Cours de voile, Conf\u00e9rences\" \/>\n<meta property=\"og:url\" content=\"https:\/\/caen-yacht-club.com\/web\/le-caen-yacht-club-sera-present-au-forum-place-aux-assos-2\/\" \/>\n<meta property=\"og:site_name\" content=\"Caen Yacht Club\" \/>\n<meta property=\"article:author\" content=\"https:\/\/www.facebook.com\/anne.chivot\/media_set?set=a.3971425726631&amp;type=3\" \/>\n<meta property=\"article:published_time\" content=\"2022-06-24T13:42:31+00:00\" \/>\n<meta property=\"article:modified_time\" content=\"2024-02-07T12:54:13+00:00\" \/>\n<meta property=\"og:image\" content=\"https:\/\/caen-yacht-club.com\/web\/wp-content\/uploads\/FMANOR014V5404Q9_20220829120237_1.png\" \/>\n\t<meta property=\"og:image:width\" content=\"600\" \/>\n\t<meta property=\"og:image:height\" content=\"450\" \/>\n\t<meta property=\"og:image:type\" content=\"image\/png\" \/>\n<meta name=\"author\" content=\"Anne CHIVOT\" \/>\n<meta name=\"twitter:card\" content=\"summary_large_image\" \/>\n<meta name=\"twitter:label1\" content=\"\u00c9crit par\" \/>\n\t<meta name=\"twitter:data1\" content=\"Anne CHIVOT\" \/>\n\t<meta name=\"twitter:label2\" content=\"Dur\u00e9e de lecture estim\u00e9e\" \/>\n\t<meta name=\"twitter:data2\" content=\"1 minute\" \/>\n<script type=\"application\/ld+json\" class=\"yoast-schema-graph\">{\"@context\":\"https:\\\/\\\/schema.org\",\"@graph\":[{\"@type\":\"NewsArticle\",\"@id\":\"https:\\\/\\\/caen-yacht-club.com\\\/web\\\/le-caen-yacht-club-sera-present-au-forum-place-aux-assos-2\\\/#article\",\"isPartOf\":{\"@id\":\"https:\\\/\\\/caen-yacht-club.com\\\/web\\\/le-caen-yacht-club-sera-present-au-forum-place-aux-assos-2\\\/\"},\"author\":{\"name\":\"Anne CHIVOT\",\"@id\":\"https:\\\/\\\/caen-yacht-club.com\\\/web\\\/#\\\/schema\\\/person\\\/f9a03b75bf521efb5239cfedc3c69d33\"},\"headline\":\"Caen Yacht Club au forum Place aux Assos\",\"datePublished\":\"2022-06-24T13:42:31+00:00\",\"dateModified\":\"2024-02-07T12:54:13+00:00\",\"mainEntityOfPage\":{\"@id\":\"https:\\\/\\\/caen-yacht-club.com\\\/web\\\/le-caen-yacht-club-sera-present-au-forum-place-aux-assos-2\\\/\"},\"wordCount\":74,\"commentCount\":0,\"publisher\":{\"@id\":\"https:\\\/\\\/caen-yacht-club.com\\\/web\\\/#organization\"},\"image\":{\"@id\":\"https:\\\/\\\/caen-yacht-club.com\\\/web\\\/le-caen-yacht-club-sera-present-au-forum-place-aux-assos-2\\\/#primaryimage\"},\"thumbnailUrl\":\"https:\\\/\\\/i0.wp.com\\\/caen-yacht-club.com\\\/web\\\/wp-content\\\/uploads\\\/FMANOR014V5404Q9_20220829120237_1.png?fit=600%2C450&ssl=1\",\"articleSection\":[\"Vie du club\"],\"inLanguage\":\"fr-FR\",\"potentialAction\":[{\"@type\":\"CommentAction\",\"name\":\"Comment\",\"target\":[\"https:\\\/\\\/caen-yacht-club.com\\\/web\\\/le-caen-yacht-club-sera-present-au-forum-place-aux-assos-2\\\/#respond\"]}]},{\"@type\":\"WebPage\",\"@id\":\"https:\\\/\\\/caen-yacht-club.com\\\/web\\\/le-caen-yacht-club-sera-present-au-forum-place-aux-assos-2\\\/\",\"url\":\"https:\\\/\\\/caen-yacht-club.com\\\/web\\\/le-caen-yacht-club-sera-present-au-forum-place-aux-assos-2\\\/\",\"name\":\"Caen Yacht Club Actualit\u00e9s\",\"isPartOf\":{\"@id\":\"https:\\\/\\\/caen-yacht-club.com\\\/web\\\/#website\"},\"primaryImageOfPage\":{\"@id\":\"https:\\\/\\\/caen-yacht-club.com\\\/web\\\/le-caen-yacht-club-sera-present-au-forum-place-aux-assos-2\\\/#primaryimage\"},\"image\":{\"@id\":\"https:\\\/\\\/caen-yacht-club.com\\\/web\\\/le-caen-yacht-club-sera-present-au-forum-place-aux-assos-2\\\/#primaryimage\"},\"thumbnailUrl\":\"https:\\\/\\\/i0.wp.com\\\/caen-yacht-club.com\\\/web\\\/wp-content\\\/uploads\\\/FMANOR014V5404Q9_20220829120237_1.png?fit=600%2C450&ssl=1\",\"datePublished\":\"2022-06-24T13:42:31+00:00\",\"dateModified\":\"2024-02-07T12:54:13+00:00\",\"description\":\"Les actualit\u00e9s et \u00e9v\u00e8nements du Caen Yacht Club. R\u00e9gates, Cours de voile, Conf\u00e9rences\",\"breadcrumb\":{\"@id\":\"https:\\\/\\\/caen-yacht-club.com\\\/web\\\/le-caen-yacht-club-sera-present-au-forum-place-aux-assos-2\\\/#breadcrumb\"},\"inLanguage\":\"fr-FR\",\"potentialAction\":[{\"@type\":\"ReadAction\",\"target\":[\"https:\\\/\\\/caen-yacht-club.com\\\/web\\\/le-caen-yacht-club-sera-present-au-forum-place-aux-assos-2\\\/\"]}]},{\"@type\":\"ImageObject\",\"inLanguage\":\"fr-FR\",\"@id\":\"https:\\\/\\\/caen-yacht-club.com\\\/web\\\/le-caen-yacht-club-sera-present-au-forum-place-aux-assos-2\\\/#primaryimage\",\"url\":\"https:\\\/\\\/i0.wp.com\\\/caen-yacht-club.com\\\/web\\\/wp-content\\\/uploads\\\/FMANOR014V5404Q9_20220829120237_1.png?fit=600%2C450&ssl=1\",\"contentUrl\":\"https:\\\/\\\/i0.wp.com\\\/caen-yacht-club.com\\\/web\\\/wp-content\\\/uploads\\\/FMANOR014V5404Q9_20220829120237_1.png?fit=600%2C450&ssl=1\",\"width\":600,\"height\":450},{\"@type\":\"BreadcrumbList\",\"@id\":\"https:\\\/\\\/caen-yacht-club.com\\\/web\\\/le-caen-yacht-club-sera-present-au-forum-place-aux-assos-2\\\/#breadcrumb\",\"itemListElement\":[{\"@type\":\"ListItem\",\"position\":1,\"name\":\"Accueil\",\"item\":\"https:\\\/\\\/caen-yacht-club.com\\\/web\\\/\"},{\"@type\":\"ListItem\",\"position\":2,\"name\":\"Caen Yacht Club au forum Place aux Assos\"}]},{\"@type\":\"WebSite\",\"@id\":\"https:\\\/\\\/caen-yacht-club.com\\\/web\\\/#website\",\"url\":\"https:\\\/\\\/caen-yacht-club.com\\\/web\\\/\",\"name\":\"Caen Yacht Club\",\"description\":\"Naviguez en ville\",\"publisher\":{\"@id\":\"https:\\\/\\\/caen-yacht-club.com\\\/web\\\/#organization\"},\"potentialAction\":[{\"@type\":\"SearchAction\",\"target\":{\"@type\":\"EntryPoint\",\"urlTemplate\":\"https:\\\/\\\/caen-yacht-club.com\\\/web\\\/?s={search_term_string}\"},\"query-input\":{\"@type\":\"PropertyValueSpecification\",\"valueRequired\":true,\"valueName\":\"search_term_string\"}}],\"inLanguage\":\"fr-FR\"},{\"@type\":\"Organization\",\"@id\":\"https:\\\/\\\/caen-yacht-club.com\\\/web\\\/#organization\",\"name\":\"Caen Yacht Club\",\"url\":\"https:\\\/\\\/caen-yacht-club.com\\\/web\\\/\",\"logo\":{\"@type\":\"ImageObject\",\"inLanguage\":\"fr-FR\",\"@id\":\"https:\\\/\\\/caen-yacht-club.com\\\/web\\\/#\\\/schema\\\/logo\\\/image\\\/\",\"url\":\"https:\\\/\\\/i0.wp.com\\\/caen-yacht-club.com\\\/web\\\/wp-content\\\/uploads\\\/2020\\\/03\\\/Logo_CYC_20170104-e1585662025871.png?fit=500%2C472&ssl=1\",\"contentUrl\":\"https:\\\/\\\/i0.wp.com\\\/caen-yacht-club.com\\\/web\\\/wp-content\\\/uploads\\\/2020\\\/03\\\/Logo_CYC_20170104-e1585662025871.png?fit=500%2C472&ssl=1\",\"width\":500,\"height\":472,\"caption\":\"Caen Yacht Club\"},\"image\":{\"@id\":\"https:\\\/\\\/caen-yacht-club.com\\\/web\\\/#\\\/schema\\\/logo\\\/image\\\/\"}},{\"@type\":\"Person\",\"@id\":\"https:\\\/\\\/caen-yacht-club.com\\\/web\\\/#\\\/schema\\\/person\\\/f9a03b75bf521efb5239cfedc3c69d33\",\"name\":\"Anne CHIVOT\",\"image\":{\"@type\":\"ImageObject\",\"inLanguage\":\"fr-FR\",\"@id\":\"https:\\\/\\\/secure.gravatar.com\\\/avatar\\\/aff550da7dd307e0b5382f28e47d29646c4c50f6dc46fcc2c311536e0b48acda?s=96&d=mm&r=g\",\"url\":\"https:\\\/\\\/secure.gravatar.com\\\/avatar\\\/aff550da7dd307e0b5382f28e47d29646c4c50f6dc46fcc2c311536e0b48acda?s=96&d=mm&r=g\",\"contentUrl\":\"https:\\\/\\\/secure.gravatar.com\\\/avatar\\\/aff550da7dd307e0b5382f28e47d29646c4c50f6dc46fcc2c311536e0b48acda?s=96&d=mm&r=g\",\"caption\":\"Anne CHIVOT\"},\"sameAs\":[\"https:\\\/\\\/www.facebook.com\\\/anne.chivot\\\/media_set?set=a.3971425726631&type=3\"],\"url\":\"https:\\\/\\\/caen-yacht-club.com\\\/web\\\/espace-membre\\\/?uid=301\"}]}<\/script>\n<!-- \/ Yoast SEO plugin. -->","yoast_head_json":{"title":"Caen Yacht Club Actualit\u00e9s","description":"Les actualit\u00e9s et \u00e9v\u00e8nements du Caen Yacht Club. R\u00e9gates, Cours de voile, Conf\u00e9rences","robots":{"index":"index","follow":"follow","max-snippet":"max-snippet:-1","max-image-preview":"max-image-preview:large","max-video-preview":"max-video-preview:-1"},"canonical":"https:\/\/caen-yacht-club.com\/web\/le-caen-yacht-club-sera-present-au-forum-place-aux-assos-2\/","og_locale":"fr_FR","og_type":"article","og_title":"Caen Yacht Club Actualit\u00e9s","og_description":"Les actualit\u00e9s et \u00e9v\u00e8nements du Caen Yacht Club. R\u00e9gates, Cours de voile, Conf\u00e9rences","og_url":"https:\/\/caen-yacht-club.com\/web\/le-caen-yacht-club-sera-present-au-forum-place-aux-assos-2\/","og_site_name":"Caen Yacht Club","article_author":"https:\/\/www.facebook.com\/anne.chivot\/media_set?set=a.3971425726631&type=3","article_published_time":"2022-06-24T13:42:31+00:00","article_modified_time":"2024-02-07T12:54:13+00:00","og_image":[{"width":600,"height":450,"url":"https:\/\/caen-yacht-club.com\/web\/wp-content\/uploads\/FMANOR014V5404Q9_20220829120237_1.png","type":"image\/png"}],"author":"Anne CHIVOT","twitter_card":"summary_large_image","twitter_misc":{"\u00c9crit par":"Anne CHIVOT","Dur\u00e9e de lecture estim\u00e9e":"1 minute"},"schema":{"@context":"https:\/\/schema.org","@graph":[{"@type":"NewsArticle","@id":"https:\/\/caen-yacht-club.com\/web\/le-caen-yacht-club-sera-present-au-forum-place-aux-assos-2\/#article","isPartOf":{"@id":"https:\/\/caen-yacht-club.com\/web\/le-caen-yacht-club-sera-present-au-forum-place-aux-assos-2\/"},"author":{"name":"Anne CHIVOT","@id":"https:\/\/caen-yacht-club.com\/web\/#\/schema\/person\/f9a03b75bf521efb5239cfedc3c69d33"},"headline":"Caen Yacht Club au forum Place aux Assos","datePublished":"2022-06-24T13:42:31+00:00","dateModified":"2024-02-07T12:54:13+00:00","mainEntityOfPage":{"@id":"https:\/\/caen-yacht-club.com\/web\/le-caen-yacht-club-sera-present-au-forum-place-aux-assos-2\/"},"wordCount":74,"commentCount":0,"publisher":{"@id":"https:\/\/caen-yacht-club.com\/web\/#organization"},"image":{"@id":"https:\/\/caen-yacht-club.com\/web\/le-caen-yacht-club-sera-present-au-forum-place-aux-assos-2\/#primaryimage"},"thumbnailUrl":"https:\/\/i0.wp.com\/caen-yacht-club.com\/web\/wp-content\/uploads\/FMANOR014V5404Q9_20220829120237_1.png?fit=600%2C450&ssl=1","articleSection":["Vie du club"],"inLanguage":"fr-FR","potentialAction":[{"@type":"CommentAction","name":"Comment","target":["https:\/\/caen-yacht-club.com\/web\/le-caen-yacht-club-sera-present-au-forum-place-aux-assos-2\/#respond"]}]},{"@type":"WebPage","@id":"https:\/\/caen-yacht-club.com\/web\/le-caen-yacht-club-sera-present-au-forum-place-aux-assos-2\/","url":"https:\/\/caen-yacht-club.com\/web\/le-caen-yacht-club-sera-present-au-forum-place-aux-assos-2\/","name":"Caen Yacht Club Actualit\u00e9s","isPartOf":{"@id":"https:\/\/caen-yacht-club.com\/web\/#website"},"primaryImageOfPage":{"@id":"https:\/\/caen-yacht-club.com\/web\/le-caen-yacht-club-sera-present-au-forum-place-aux-assos-2\/#primaryimage"},"image":{"@id":"https:\/\/caen-yacht-club.com\/web\/le-caen-yacht-club-sera-present-au-forum-place-aux-assos-2\/#primaryimage"},"thumbnailUrl":"https:\/\/i0.wp.com\/caen-yacht-club.com\/web\/wp-content\/uploads\/FMANOR014V5404Q9_20220829120237_1.png?fit=600%2C450&ssl=1","datePublished":"2022-06-24T13:42:31+00:00","dateModified":"2024-02-07T12:54:13+00:00","description":"Les actualit\u00e9s et \u00e9v\u00e8nements du Caen Yacht Club. R\u00e9gates, Cours de voile, Conf\u00e9rences","breadcrumb":{"@id":"https:\/\/caen-yacht-club.com\/web\/le-caen-yacht-club-sera-present-au-forum-place-aux-assos-2\/#breadcrumb"},"inLanguage":"fr-FR","potentialAction":[{"@type":"ReadAction","target":["https:\/\/caen-yacht-club.com\/web\/le-caen-yacht-club-sera-present-au-forum-place-aux-assos-2\/"]}]},{"@type":"ImageObject","inLanguage":"fr-FR","@id":"https:\/\/caen-yacht-club.com\/web\/le-caen-yacht-club-sera-present-au-forum-place-aux-assos-2\/#primaryimage","url":"https:\/\/i0.wp.com\/caen-yacht-club.com\/web\/wp-content\/uploads\/FMANOR014V5404Q9_20220829120237_1.png?fit=600%2C450&ssl=1","contentUrl":"https:\/\/i0.wp.com\/caen-yacht-club.com\/web\/wp-content\/uploads\/FMANOR014V5404Q9_20220829120237_1.png?fit=600%2C450&ssl=1","width":600,"height":450},{"@type":"BreadcrumbList","@id":"https:\/\/caen-yacht-club.com\/web\/le-caen-yacht-club-sera-present-au-forum-place-aux-assos-2\/#breadcrumb","itemListElement":[{"@type":"ListItem","position":1,"name":"Accueil","item":"https:\/\/caen-yacht-club.com\/web\/"},{"@type":"ListItem","position":2,"name":"Caen Yacht Club au forum Place aux Assos"}]},{"@type":"WebSite","@id":"https:\/\/caen-yacht-club.com\/web\/#website","url":"https:\/\/caen-yacht-club.com\/web\/","name":"Caen Yacht Club","description":"Naviguez en ville","publisher":{"@id":"https:\/\/caen-yacht-club.com\/web\/#organization"},"potentialAction":[{"@type":"SearchAction","target":{"@type":"EntryPoint","urlTemplate":"https:\/\/caen-yacht-club.com\/web\/?s={search_term_string}"},"query-input":{"@type":"PropertyValueSpecification","valueRequired":true,"valueName":"search_term_string"}}],"inLanguage":"fr-FR"},{"@type":"Organization","@id":"https:\/\/caen-yacht-club.com\/web\/#organization","name":"Caen Yacht Club","url":"https:\/\/caen-yacht-club.com\/web\/","logo":{"@type":"ImageObject","inLanguage":"fr-FR","@id":"https:\/\/caen-yacht-club.com\/web\/#\/schema\/logo\/image\/","url":"https:\/\/i0.wp.com\/caen-yacht-club.com\/web\/wp-content\/uploads\/2020\/03\/Logo_CYC_20170104-e1585662025871.png?fit=500%2C472&ssl=1","contentUrl":"https:\/\/i0.wp.com\/caen-yacht-club.com\/web\/wp-content\/uploads\/2020\/03\/Logo_CYC_20170104-e1585662025871.png?fit=500%2C472&ssl=1","width":500,"height":472,"caption":"Caen Yacht Club"},"image":{"@id":"https:\/\/caen-yacht-club.com\/web\/#\/schema\/logo\/image\/"}},{"@type":"Person","@id":"https:\/\/caen-yacht-club.com\/web\/#\/schema\/person\/f9a03b75bf521efb5239cfedc3c69d33","name":"Anne CHIVOT","image":{"@type":"ImageObject","inLanguage":"fr-FR","@id":"https:\/\/secure.gravatar.com\/avatar\/aff550da7dd307e0b5382f28e47d29646c4c50f6dc46fcc2c311536e0b48acda?s=96&d=mm&r=g","url":"https:\/\/secure.gravatar.com\/avatar\/aff550da7dd307e0b5382f28e47d29646c4c50f6dc46fcc2c311536e0b48acda?s=96&d=mm&r=g","contentUrl":"https:\/\/secure.gravatar.com\/avatar\/aff550da7dd307e0b5382f28e47d29646c4c50f6dc46fcc2c311536e0b48acda?s=96&d=mm&r=g","caption":"Anne CHIVOT"},"sameAs":["https:\/\/www.facebook.com\/anne.chivot\/media_set?set=a.3971425726631&type=3"],"url":"https:\/\/caen-yacht-club.com\/web\/espace-membre\/?uid=301"}]}},"jetpack_featured_media_url":"https:\/\/i0.wp.com\/caen-yacht-club.com\/web\/wp-content\/uploads\/FMANOR014V5404Q9_20220829120237_1.png?fit=600%2C450&ssl=1","jetpack_sharing_enabled":true,"jetpack_shortlink":"https:\/\/wp.me\/p7ppuD-36C","jetpack-related-posts":[{"id":12753,"url":"https:\/\/caen-yacht-club.com\/web\/caen-yacht-club-au-forum-place-aux-assos\/","url_meta":{"origin":11942,"position":0},"title":"Caen Yacht Club au forum Place aux Assos","author":"Anne CHIVOT","date":"21 juin 2023","format":false,"excerpt":"Le Caen Yacht Club participe tous les ans au forum des associations organis\u00e9 par la ville de Caen. Les adh\u00e9rents sont les meilleurs ambassadeurs de leur club ! Nous comptons sur vous pour pr\u00e9senter le Caen Yacht Club \u00e0 ses futurs adh\u00e9rents. Cette ann\u00e9e, Place aux Assos se d\u00e9roulera en\u2026","rel":"","context":"Dans &quot;Vie du club&quot;","block_context":{"text":"Vie du club","link":"https:\/\/caen-yacht-club.com\/web\/category\/vie-du-club\/"},"img":{"alt_text":"","src":"https:\/\/i0.wp.com\/caen-yacht-club.com\/web\/wp-content\/uploads\/496540-Place-aux-assos-Solveig-DE-LA-HOUGUE-Ville-de-Caen-1500px.jpg?fit=730%2C560&ssl=1&resize=350%2C200","width":350,"height":200,"srcset":"https:\/\/i0.wp.com\/caen-yacht-club.com\/web\/wp-content\/uploads\/496540-Place-aux-assos-Solveig-DE-LA-HOUGUE-Ville-de-Caen-1500px.jpg?fit=730%2C560&ssl=1&resize=350%2C200 1x, https:\/\/i0.wp.com\/caen-yacht-club.com\/web\/wp-content\/uploads\/496540-Place-aux-assos-Solveig-DE-LA-HOUGUE-Ville-de-Caen-1500px.jpg?fit=730%2C560&ssl=1&resize=525%2C300 1.5x, https:\/\/i0.wp.com\/caen-yacht-club.com\/web\/wp-content\/uploads\/496540-Place-aux-assos-Solveig-DE-LA-HOUGUE-Ville-de-Caen-1500px.jpg?fit=730%2C560&ssl=1&resize=700%2C400 2x"},"classes":[]},{"id":11384,"url":"https:\/\/caen-yacht-club.com\/web\/le-caen-yacht-club-sera-present-au-forum-place-aux-assos\/","url_meta":{"origin":11942,"position":1},"title":"Le Caen Yacht Club sera pr\u00e9sent au forum Place aux Assos.","author":"Anne CHIVOT","date":"20 ao\u00fbt 2021","format":false,"excerpt":"Comme chaque ann\u00e9e, le Caen Yacht Club est pr\u00e9sent au forum des associations organis\u00e9 par la ville de Caen. Les adh\u00e9rents \u00e9tant les meilleurs ambassadeurs de leur club, nous comptons sur vous pour pr\u00e9senter le Caen Yacht Club \u00e0 ses futurs adh\u00e9rents. Cette ann\u00e9e, Place aux Assos se d\u00e9roulera dans\u2026","rel":"","context":"Dans &quot;Actualit\u00e9&quot;","block_context":{"text":"Actualit\u00e9","link":"https:\/\/caen-yacht-club.com\/web\/category\/actualite\/"},"img":{"alt_text":"","src":"https:\/\/i0.wp.com\/caen-yacht-club.com\/web\/wp-content\/uploads\/place-aux-assos.png?fit=423%2C395&ssl=1&resize=350%2C200","width":350,"height":200},"classes":[]},{"id":12466,"url":"https:\/\/caen-yacht-club.com\/web\/calendrier-des-evenements-caen-yacht-club-2023\/","url_meta":{"origin":11942,"position":2},"title":"Calendrier des \u00e9v\u00e9nements Caen Yacht Club 2023","author":"Anne CHIVOT","date":"15 f\u00e9vrier 2023","format":false,"excerpt":"Samedi 18 mars 2023 : Troph\u00e9e des Etudiants de la Presqu\u2019\u00eele Du 24 au 28 avril 2023 : Stage de printemps en mer (adh\u00e9rents) Du 23 au 25 mai 2023 : Norlanda\u2019s Cup Juillet 2023 : Stages d\u2019\u00e9t\u00e9 en mer (Tous publics) Les 9 et 10 septembre 2023 : Presqu'\u00eele\u2026","rel":"","context":"Dans &quot;Actualit\u00e9&quot;","block_context":{"text":"Actualit\u00e9","link":"https:\/\/caen-yacht-club.com\/web\/category\/actualite\/"},"img":{"alt_text":"","src":"https:\/\/i0.wp.com\/caen-yacht-club.com\/web\/wp-content\/uploads\/Calendrier-2023-scaled.jpg?fit=1200%2C600&ssl=1&resize=350%2C200","width":350,"height":200,"srcset":"https:\/\/i0.wp.com\/caen-yacht-club.com\/web\/wp-content\/uploads\/Calendrier-2023-scaled.jpg?fit=1200%2C600&ssl=1&resize=350%2C200 1x, https:\/\/i0.wp.com\/caen-yacht-club.com\/web\/wp-content\/uploads\/Calendrier-2023-scaled.jpg?fit=1200%2C600&ssl=1&resize=525%2C300 1.5x, https:\/\/i0.wp.com\/caen-yacht-club.com\/web\/wp-content\/uploads\/Calendrier-2023-scaled.jpg?fit=1200%2C600&ssl=1&resize=700%2C400 2x, https:\/\/i0.wp.com\/caen-yacht-club.com\/web\/wp-content\/uploads\/Calendrier-2023-scaled.jpg?fit=1200%2C600&ssl=1&resize=1050%2C600 3x"},"classes":[]},{"id":12273,"url":"https:\/\/caen-yacht-club.com\/web\/defi-sportif-en-partenariat-avec-lentente-nautique-caennaise\/","url_meta":{"origin":11942,"position":3},"title":"Nage &#038; Voile ! D\u00e9fi sportif en partenariat avec l&#8217;Entente Nautique Caennaise.","author":"Anne CHIVOT","date":"29 novembre 2022","format":false,"excerpt":"En partenariat avec l'Entente Nautique Caennaise, nous vous proposons un d\u00e9fi sportif et convivial \u00e0 la d\u00e9couverte du nautisme pour les adh\u00e9rents de l\u2019Entente Nautique Caennaise et de la natation course pour les adh\u00e9rents du Caen Yacht Club. Une id\u00e9e commune : D\u00e9couvrir un nouveau sport dans la bonne humeur\u2026","rel":"","context":"Dans &quot;Actualit\u00e9&quot;","block_context":{"text":"Actualit\u00e9","link":"https:\/\/caen-yacht-club.com\/web\/category\/actualite\/"},"img":{"alt_text":"","src":"https:\/\/i0.wp.com\/caen-yacht-club.com\/web\/wp-content\/uploads\/ENC-1.jpg?fit=1200%2C569&ssl=1&resize=350%2C200","width":350,"height":200,"srcset":"https:\/\/i0.wp.com\/caen-yacht-club.com\/web\/wp-content\/uploads\/ENC-1.jpg?fit=1200%2C569&ssl=1&resize=350%2C200 1x, https:\/\/i0.wp.com\/caen-yacht-club.com\/web\/wp-content\/uploads\/ENC-1.jpg?fit=1200%2C569&ssl=1&resize=525%2C300 1.5x, https:\/\/i0.wp.com\/caen-yacht-club.com\/web\/wp-content\/uploads\/ENC-1.jpg?fit=1200%2C569&ssl=1&resize=700%2C400 2x, https:\/\/i0.wp.com\/caen-yacht-club.com\/web\/wp-content\/uploads\/ENC-1.jpg?fit=1200%2C569&ssl=1&resize=1050%2C600 3x"},"classes":[]},{"id":10794,"url":"https:\/\/caen-yacht-club.com\/web\/adhesion-cyc-2021\/","url_meta":{"origin":11942,"position":4},"title":"Adh\u00e9sion CYC 2021","author":"Jean-Edouard","date":"17 janvier 2021","format":false,"excerpt":"Malgr\u00e9 les conditions sanitaires actuelles, le Caen Yacht Club maintient son ambition d'animer les plans d'eau caennais, et de rester proches de ses adh\u00e9rents en proposant prochainement des conf\u00e9rences, animations et ateliers via les canaux num\u00e9riques.Pour soutenir votre club et vous permettre de participer aux activit\u00e9s qui seront propos\u00e9es en\u2026","rel":"","context":"Dans &quot;Actualit\u00e9&quot;","block_context":{"text":"Actualit\u00e9","link":"https:\/\/caen-yacht-club.com\/web\/category\/actualite\/"},"img":{"alt_text":"","src":"https:\/\/i0.wp.com\/caen-yacht-club.com\/web\/wp-content\/uploads\/Capture-de%CC%81cran-2021-02-02-a%CC%80-12.28.25.png?fit=1200%2C818&ssl=1&resize=350%2C200","width":350,"height":200,"srcset":"https:\/\/i0.wp.com\/caen-yacht-club.com\/web\/wp-content\/uploads\/Capture-de%CC%81cran-2021-02-02-a%CC%80-12.28.25.png?fit=1200%2C818&ssl=1&resize=350%2C200 1x, https:\/\/i0.wp.com\/caen-yacht-club.com\/web\/wp-content\/uploads\/Capture-de%CC%81cran-2021-02-02-a%CC%80-12.28.25.png?fit=1200%2C818&ssl=1&resize=525%2C300 1.5x, https:\/\/i0.wp.com\/caen-yacht-club.com\/web\/wp-content\/uploads\/Capture-de%CC%81cran-2021-02-02-a%CC%80-12.28.25.png?fit=1200%2C818&ssl=1&resize=700%2C400 2x, https:\/\/i0.wp.com\/caen-yacht-club.com\/web\/wp-content\/uploads\/Capture-de%CC%81cran-2021-02-02-a%CC%80-12.28.25.png?fit=1200%2C818&ssl=1&resize=1050%2C600 3x"},"classes":[]},{"id":3694,"url":"https:\/\/caen-yacht-club.com\/web\/pot-daccueil-des-nouveaux\/","url_meta":{"origin":11942,"position":5},"title":"Pot d&#8217;accueil des nouveaux","author":"Damien BULLET","date":"11 septembre 2019","format":false,"excerpt":"Le Caen Yacht Club organise sont traditionnel pot d'accueil de rentr\u00e9e, mercredi 16 octobre \u00e0 19h30, au Caen Yacht Club et \u00e0 la salle de la Ligue de Voile. Ce moment festif sera l'occasion d'un temps d'accueil des nouveaux adh\u00e9rents et \u00e9galement de revenir sur l'un des temps fort de\u2026","rel":"","context":"Dans &quot;Vie du club&quot;","block_context":{"text":"Vie du club","link":"https:\/\/caen-yacht-club.com\/web\/category\/vie-du-club\/"},"img":{"alt_text":"","src":"https:\/\/i0.wp.com\/caen-yacht-club.com\/web\/wp-content\/uploads\/2019\/09\/lqxiu.jpeg?fit=640%2C428&ssl=1&resize=350%2C200","width":350,"height":200,"srcset":"https:\/\/i0.wp.com\/caen-yacht-club.com\/web\/wp-content\/uploads\/2019\/09\/lqxiu.jpeg?fit=640%2C428&ssl=1&resize=350%2C200 1x, https:\/\/i0.wp.com\/caen-yacht-club.com\/web\/wp-content\/uploads\/2019\/09\/lqxiu.jpeg?fit=640%2C428&ssl=1&resize=525%2C300 1.5x"},"classes":[]}],"_links":{"self":[{"href":"https:\/\/caen-yacht-club.com\/web\/wp-json\/wp\/v2\/posts\/11942","targetHints":{"allow":["GET"]}}],"collection":[{"href":"https:\/\/caen-yacht-club.com\/web\/wp-json\/wp\/v2\/posts"}],"about":[{"href":"https:\/\/caen-yacht-club.com\/web\/wp-json\/wp\/v2\/types\/post"}],"author":[{"embeddable":true,"href":"https:\/\/caen-yacht-club.com\/web\/wp-json\/wp\/v2\/users\/301"}],"replies":[{"embeddable":true,"href":"https:\/\/caen-yacht-club.com\/web\/wp-json\/wp\/v2\/comments?post=11942"}],"version-history":[{"count":8,"href":"https:\/\/caen-yacht-club.com\/web\/wp-json\/wp\/v2\/posts\/11942\/revisions"}],"predecessor-version":[{"id":13439,"href":"https:\/\/caen-yacht-club.com\/web\/wp-json\/wp\/v2\/posts\/11942\/revisions\/13439"}],"wp:featuredmedia":[{"embeddable":true,"href":"https:\/\/caen-yacht-club.com\/web\/wp-json\/wp\/v2\/media\/12014"}],"wp:attachment":[{"href":"https:\/\/caen-yacht-club.com\/web\/wp-json\/wp\/v2\/media?parent=11942"}],"wp:term":[{"taxonomy":"category","embeddable":true,"href":"https:\/\/caen-yacht-club.com\/web\/wp-json\/wp\/v2\/categories?post=11942"},{"taxonomy":"post_tag","embeddable":true,"href":"https:\/\/caen-yacht-club.com\/web\/wp-json\/wp\/v2\/tags?post=11942"}],"curies":[{"name":"wp","href":"https:\/\/api.w.org\/{rel}","templated":true}]}}