{"id":13546,"date":"2024-04-12T10:47:56","date_gmt":"2024-04-12T09:47:56","guid":{"rendered":"https:\/\/caen-yacht-club.com\/web\/?p=13546"},"modified":"2024-07-19T13:44:57","modified_gmt":"2024-07-19T12:44:57","slug":"sorties-mer-du-22-au-25-avril","status":"publish","type":"post","link":"https:\/\/caen-yacht-club.com\/web\/sorties-mer-du-22-au-25-avril\/","title":{"rendered":"Sorties mer du 22 au 25 avril"},"content":{"rendered":"\n\n<p><span style=\"color: #333333;\">Nous mettons en place un <span style=\"background-color: #ff9900;\"><b>stage en mer<\/b> <b>en J80<\/b><\/span> la 1\u00e8re semaine des vacances de Printemps pour nos adh\u00e9rents de l&#8217;\u00e9cole de voile.<\/span><\/p>\n<p><span style=\"color: #333333;\">Nous vous demandons de vous inscrire \u00e0 <span style=\"background-color: #ffff00;\"><strong>2 s\u00e9ances maximum<\/strong><\/span> (dans un premier temps).\u00a0<\/span><\/p>\n<p><span style=\"color: #333333;\">Merci de<strong> <span style=\"background-color: #ff99cc;\">r\u00e9gler vos sorties<\/span><\/strong> en passant <strong><span style=\"background-color: #ff99cc;\">au bureau ou en ligne avant le vendredi 19 avril.<\/span><\/strong><\/span><\/p>\n<div class=\"\" dir=\"auto\">\n<div id=\":rpb:\" class=\"x1iorvi4 x1pi30zi x1l90r2v x1swvt13\">\n<div class=\"x1e56ztr\"><span class=\"x193iq5w xeuugli x13faqbe x1vvkbs x1xmvt09 x6prxxf xvq8zen xo1l8bm xzsf02u\" style=\"color: #333333;\">Ce stage se d\u00e9roulera <b>\u00e0 Ouistreham du lundi 22 au jeudi 25 avril 2024.<\/b><\/span><\/div>\n<div class=\"x1e56ztr\"><span class=\"x193iq5w xeuugli x13faqbe x1vvkbs x1xmvt09 x6prxxf xvq8zen xo1l8bm xzsf02u\" style=\"color: #333333;\">Les inscriptions se font \u00e0 la journ\u00e9e, <b>20 \u20ac par jour.<\/b><\/span><\/div>\n<div class=\"x1e56ztr\"><span class=\"x193iq5w xeuugli x13faqbe x1vvkbs x1xmvt09 x6prxxf xvq8zen xo1l8bm xzsf02u\" style=\"color: #333333;\">Les \u00e9quipages seront compos\u00e9s de 5 personnes.<\/span><\/div>\n<div class=\"x1e56ztr\"><span class=\"x193iq5w xeuugli x13faqbe x1vvkbs x1xmvt09 x6prxxf xvq8zen xo1l8bm xzsf02u\" style=\"color: #333333;\">Le rendez-vous a lieu au CANO (Ouistreham face au phare) \u00e0 <b>10h, <\/b>fin de s\u00e9ance vers <b>13h<\/b>. <\/span><\/div>\n<div class=\"x1e56ztr\"><span class=\"x193iq5w xeuugli x13faqbe x1vvkbs x1xmvt09 x6prxxf xvq8zen xo1l8bm xzsf02u\" style=\"color: #333333;\">Pensez \u00e0 <b>covoiturer<\/b> au d\u00e9part de Caen.<\/span><\/div>\n<div class=\"x1e56ztr\">\u00a0<\/div>\n<div class=\"x1e56ztr\"><span style=\"background-color: #99ccff; color: #333333;\"><strong><span class=\"x193iq5w xeuugli x13faqbe x1vvkbs x1xmvt09 x6prxxf xvq8zen xo1l8bm xzsf02u\">Les convoyages :<\/span><\/strong><\/span><\/div>\n<div>\u00a0<\/div>\n<div class=\"x1e56ztr\"><span class=\"x193iq5w xeuugli x13faqbe x1vvkbs x1xmvt09 x6prxxf xvq8zen xo1l8bm xzsf02u\" style=\"color: #333333;\"><b>\u21d2 Samedi 20 avril : Convoyage des bateaux CAEN\/OUISTREHAM<\/b><\/span><\/div>\n<div class=\"x1e56ztr\"><span class=\"x193iq5w xeuugli x13faqbe x1vvkbs x1xmvt09 x6prxxf xvq8zen xo1l8bm xzsf02u\" style=\"color: #333333;\">\u00b7 RDV \u00e0 la base de Caen \u00e0 11h<\/span><\/div>\n<div class=\"x1e56ztr\"><span class=\"x193iq5w xeuugli x13faqbe x1vvkbs x1xmvt09 x6prxxf xvq8zen xo1l8bm xzsf02u\" style=\"color: #333333;\">\u00b7 D\u00e9part du quai \u00e0 12h<\/span><\/div>\n<\/div>\n<div id=\":rpb:\" class=\"x1iorvi4 x1pi30zi x1l90r2v x1swvt13\">\n<div class=\"x1e56ztr\">\u00a0<\/div>\n<div class=\"x1e56ztr\"><span class=\"x193iq5w xeuugli x13faqbe x1vvkbs x1xmvt09 x6prxxf xvq8zen xo1l8bm xzsf02u\" style=\"color: #333333;\"><b>\u21d2 Vendredi 26 avril : Convoyage retour OUISTREHAM\/CAEN<\/b><\/span><\/div>\n<div class=\"x1e56ztr\"><span class=\"x193iq5w xeuugli x13faqbe x1vvkbs x1xmvt09 x6prxxf xvq8zen xo1l8bm xzsf02u\" style=\"color: #333333;\">\u00b7 RDV \u00e0 la SRCO \u00e0 9h<\/span><\/div>\n<div class=\"x1e56ztr\"><span class=\"x193iq5w xeuugli x13faqbe x1vvkbs x1xmvt09 x6prxxf xvq8zen xo1l8bm xzsf02u\" style=\"color: #333333;\">\u00b7 D\u00e9part du quai \u00e0 9h30<\/span><\/div>\n<\/div>\n<\/div>\n<div>\u00a0<\/div>\n<div class=\"\" dir=\"auto\">\n<div id=\":rpb:\" class=\"x1iorvi4 x1pi30zi x1l90r2v x1swvt13\">\n<div><span style=\"background-color: #99cc00; color: #333333;\"><strong>Les sorties mer :<\/strong><\/span><\/div>\n<div>\u00a0<\/div>\n<div><span style=\"color: #333333;\"><strong>Lundi 22 avril\u00a0<\/strong><\/span><\/div>\n<\/div>\n<\/div>\n<div><span class=\"x193iq5w xeuugli x13faqbe x1vvkbs x1xmvt09 x6prxxf xvq8zen xo1l8bm xzsf02u\" style=\"color: #333333;\">\u00b7 RDV \u00e0 la base de Caen \u00e0 7h30 (pour covoiturage)<\/span><\/div>\n<div><span class=\"x193iq5w xeuugli x13faqbe x1vvkbs x1xmvt09 x6prxxf xvq8zen xo1l8bm xzsf02u\" style=\"color: #333333;\">\u00b7 RDV au CANO \u00e0 8h<\/span><\/div>\n<div><span style=\"color: #333333;\">. <span style=\"font-size: revert;\">D\u00e9part du ponton SRCO 8h30<\/span><\/span><\/div>\n<div><span style=\"color: #333333;\">. SAS \u00e0 9h<\/span><\/div>\n<div>\n<div class=\"\" dir=\"auto\">\n<div id=\":rpb:\" class=\"x1iorvi4 x1pi30zi x1l90r2v x1swvt13\">\n<div>\u00a0<\/div>\n<div><span style=\"color: #333333;\"><strong>Mardi 23 avril :<\/strong><\/span><\/div>\n<div><span style=\"color: #333333; background-color: #ffff00;\"><strong>Loisir :<\/strong><\/span><\/div>\n<\/div>\n<\/div>\n<div><span class=\"x193iq5w xeuugli x13faqbe x1vvkbs x1xmvt09 x6prxxf xvq8zen xo1l8bm xzsf02u\" style=\"color: #333333;\">\u00b7 RDV \u00e0 la base de Caen \u00e0 9h30 (pour covoiturage)<\/span><\/div>\n<div><span class=\"x193iq5w xeuugli x13faqbe x1vvkbs x1xmvt09 x6prxxf xvq8zen xo1l8bm xzsf02u\" style=\"color: #333333;\">\u00b7 RDV au CANO \u00e0 10h<\/span><\/div>\n<div><span style=\"color: #333333;\">. Retour au CANO \u00e0 13h<\/span><\/div>\n<div>\u00a0<\/div>\n<div><span style=\"background-color: #cc99ff;\"><strong><span style=\"color: #333333;\">Comp\u00e9tition :<\/span><\/strong><\/span><\/div>\n<div>\n<div><span class=\"x193iq5w xeuugli x13faqbe x1vvkbs x1xmvt09 x6prxxf xvq8zen xo1l8bm xzsf02u\" style=\"color: #333333;\">\u00b7 RDV \u00e0 la base de Caen \u00e0 17h30 (pour covoiturage)<\/span><\/div>\n<div><span class=\"x193iq5w xeuugli x13faqbe x1vvkbs x1xmvt09 x6prxxf xvq8zen xo1l8bm xzsf02u\" style=\"color: #333333;\">\u00b7 RDV au ponton avant-port Ouistreham \u00e0 18h<\/span><\/div>\n<div><span style=\"color: #333333;\">. Retour ponton 20h30\/21h<\/span><\/div>\n<\/div>\n<div>\u00a0<\/div>\n<\/div>\n<div>\n<div class=\"\" dir=\"auto\">\n<div id=\":rpb:\" class=\"x1iorvi4 x1pi30zi x1l90r2v x1swvt13\">\n<div><span style=\"color: #333333;\"><strong>Mercredi 24 avril :<\/strong><\/span><\/div>\n<div><span style=\"color: #333333; background-color: #ffff00;\"><strong>Loisir :<\/strong><\/span><\/div>\n<\/div>\n<\/div>\n<div><span class=\"x193iq5w xeuugli x13faqbe x1vvkbs x1xmvt09 x6prxxf xvq8zen xo1l8bm xzsf02u\" style=\"color: #333333;\">\u00b7 RDV \u00e0 la base de Caen \u00e0 9h30 (pour covoiturage)<\/span><\/div>\n<div><span class=\"x193iq5w xeuugli x13faqbe x1vvkbs x1xmvt09 x6prxxf xvq8zen xo1l8bm xzsf02u\" style=\"color: #333333;\">\u00b7 RDV au CANO \u00e0 10h<\/span><\/div>\n<div><span style=\"color: #333333;\">. Retour au CANO \u00e0 13h<\/span><\/div>\n<div>\u00a0<\/div>\n<div>\n<div><span style=\"color: #333333; background-color: #cc99ff;\"><strong>Comp\u00e9tition :<\/strong><\/span><\/div>\n<div>\n<div><span class=\"x193iq5w xeuugli x13faqbe x1vvkbs x1xmvt09 x6prxxf xvq8zen xo1l8bm xzsf02u\" style=\"color: #333333;\">\u00b7 RDV \u00e0 la base de Caen \u00e0 17h30 (pour covoiturage)<\/span><\/div>\n<div><span class=\"x193iq5w xeuugli x13faqbe x1vvkbs x1xmvt09 x6prxxf xvq8zen xo1l8bm xzsf02u\" style=\"color: #333333;\">\u00b7 RDV au ponton avant-port Ouistreham \u00e0 18h<\/span><\/div>\n<div><span style=\"color: #333333;\">. Retour ponton 20h30\/21h<\/span><\/div>\n<\/div>\n<\/div>\n<div>\u00a0<\/div>\n<\/div>\n<div class=\"\" dir=\"auto\">\n<div class=\"x1e56ztr\">\n<div class=\"\" dir=\"auto\">\n<div id=\":rpb:\" class=\"x1iorvi4 x1pi30zi x1l90r2v x1swvt13\">\n<div><span style=\"color: #333333;\"><strong>Jeudi 25 avril\u00a0<\/strong><\/span><\/div>\n<\/div>\n<\/div>\n<div><span class=\"x193iq5w xeuugli x13faqbe x1vvkbs x1xmvt09 x6prxxf xvq8zen xo1l8bm xzsf02u\" style=\"color: #333333;\">\u00b7 RDV \u00e0 la base de Caen \u00e0 9h30 (pour covoiturage)<\/span><\/div>\n<div><span class=\"x193iq5w xeuugli x13faqbe x1vvkbs x1xmvt09 x6prxxf xvq8zen xo1l8bm xzsf02u\" style=\"color: #333333;\">\u00b7 RDV au CANO \u00e0 10h<\/span><\/div>\n<div><span style=\"color: #333333;\">. SAS \u00e0 12h45<\/span><\/div>\n<div><span style=\"color: #333333;\">. Retour au CANO \u00e0 14h<\/span><\/div>\n<\/div>\n<div>\n<p><span style=\"color: #333333;\"><strong><span style=\"background-color: #cc99ff;\">Equipement :<\/span><\/strong><\/span><\/p>\n<p><span style=\"color: #333333;\"><strong>Vous devrez\u00a0 :<\/strong><\/span><\/p>\n<p><span style=\"color: #333333;\">. \u00catre \u00e9quip\u00e9 d\u2019une tenue de voile adapt\u00e9e au temps <span style=\"font-size: 14px;\">(gants, chaussures antid\u00e9rapantes, pantalon ou salopette, veste)<\/span><\/span><br \/><span style=\"color: #333333;\">. Vous prot\u00e9ger des UV <span style=\"font-size: 14px;\">(casquettes, lunettes, cr\u00e8me solaire)<\/span><\/span><br \/><span style=\"color: #333333;\">. Pr\u00e9voir d\u2019apporter eau et en-cas<\/span><br \/><span style=\"color: #333333;\">. Attacher vos lunettes<\/span><\/p>\n<\/div>\n<div>\u00a0<\/div>\n<\/div>\n\n\n<div class=\"wp-block-buttons is-content-justification-center is-layout-flex wp-container-core-buttons-is-layout-16018d1d wp-block-buttons-is-layout-flex\">\n<div class=\"wp-block-button\"><a class=\"wp-block-button__link has-text-align-center wp-element-button\" href=\"https:\/\/xoyondo.com\/dp\/ckb43xb5fcq3fvz\" target=\"_blank\" rel=\"noreferrer noopener\"><mark style=\"background-color:rgba(0, 0, 0, 0)\" class=\"has-inline-color has-luminous-vivid-amber-color\">INSCRIPTION <\/mark>LOISIR<mark style=\"background-color:rgba(0, 0, 0, 0)\" class=\"has-inline-color has-luminous-vivid-amber-color\"> <\/mark><\/a><\/div>\n\n\n\n<div class=\"wp-block-button\"><a class=\"wp-block-button__link wp-element-button\" href=\"https:\/\/www.helloasso.com\/associations\/caen-yacht-club\/evenements\/sorties-mer-2\" target=\"_blank\" rel=\"noreferrer noopener\">  <mark style=\"background-color:rgba(0, 0, 0, 0)\" class=\"has-inline-color has-pale-pink-color\">PAIEMENT <\/mark> <\/a><\/div>\n\n\n\n<div class=\"wp-block-button\"><a class=\"wp-block-button__link wp-element-button\" href=\"https:\/\/xoyondo.com\/dp\/zuvattuc1f1r4zo\" target=\"_blank\" rel=\"noreferrer noopener\"><mark style=\"background-color:rgba(0, 0, 0, 0)\" class=\"has-inline-color has-pale-cyan-blue-color\">CONVOYAGES<\/mark><\/a><\/div>\n\n\n\n<div class=\"wp-block-button\"><a class=\"wp-block-button__link wp-element-button\" href=\"https:\/\/xoyondo.com\/dp\/rejjjegmzwodm0u\"><mark style=\"background-color:rgba(0, 0, 0, 0)\" class=\"has-inline-color has-luminous-vivid-amber-color\">INSCRIPTION<\/mark> COMP\u00c9TITION<\/a><\/div>\n<\/div>\n\n\n","protected":false},"excerpt":{"rendered":"<p>Nous mettons en place un stage en mer en J80 la 1\u00e8re semaine des vacances de Printemps pour nos adh\u00e9rents de l&#8217;\u00e9cole de voile. Nous vous&#8230;<\/p>\n","protected":false},"author":301,"featured_media":13044,"comment_status":"open","ping_status":"open","sticky":false,"template":"","format":"standard","meta":{"_exactmetrics_skip_tracking":false,"_exactmetrics_sitenote_active":false,"_exactmetrics_sitenote_note":"","_exactmetrics_sitenote_category":0,"jetpack_post_was_ever_published":false,"_jetpack_newsletter_access":"","_jetpack_dont_email_post_to_subs":false,"_jetpack_newsletter_tier_id":0,"_jetpack_memberships_contains_paywalled_content":false,"_jetpack_memberships_contains_paid_content":false,"footnotes":""},"categories":[9],"tags":[],"class_list":["post-13546","post","type-post","status-publish","format-standard","has-post-thumbnail","hentry","category-ecole-j80"],"yoast_head":"<!-- This site is optimized with the Yoast SEO plugin v27.5 - https:\/\/yoast.com\/product\/yoast-seo-wordpress\/ -->\n<title>Caen Yacht Club Actualit\u00e9s<\/title>\n<meta name=\"description\" content=\"Les actualit\u00e9s et \u00e9v\u00e8nements du Caen Yacht Club. R\u00e9gates, Cours de voile, Conf\u00e9rences\" \/>\n<meta name=\"robots\" content=\"index, follow, max-snippet:-1, max-image-preview:large, max-video-preview:-1\" \/>\n<link rel=\"canonical\" href=\"https:\/\/caen-yacht-club.com\/web\/sorties-mer-du-22-au-25-avril\/\" \/>\n<meta property=\"og:locale\" content=\"fr_FR\" \/>\n<meta property=\"og:type\" content=\"article\" \/>\n<meta property=\"og:title\" content=\"Caen Yacht Club Actualit\u00e9s\" \/>\n<meta property=\"og:description\" content=\"Les actualit\u00e9s et \u00e9v\u00e8nements du Caen Yacht Club. R\u00e9gates, Cours de voile, Conf\u00e9rences\" \/>\n<meta property=\"og:url\" content=\"https:\/\/caen-yacht-club.com\/web\/sorties-mer-du-22-au-25-avril\/\" \/>\n<meta property=\"og:site_name\" content=\"Caen Yacht Club\" \/>\n<meta property=\"article:author\" content=\"https:\/\/www.facebook.com\/anne.chivot\/media_set?set=a.3971425726631&amp;type=3\" \/>\n<meta property=\"article:published_time\" content=\"2024-04-12T09:47:56+00:00\" \/>\n<meta property=\"article:modified_time\" content=\"2024-07-19T12:44:57+00:00\" \/>\n<meta property=\"og:image\" content=\"https:\/\/caen-yacht-club.com\/web\/wp-content\/uploads\/Design-sans-titre.jpg\" \/>\n\t<meta property=\"og:image:width\" content=\"1400\" \/>\n\t<meta property=\"og:image:height\" content=\"850\" \/>\n\t<meta property=\"og:image:type\" content=\"image\/jpeg\" \/>\n<meta name=\"author\" content=\"Anne CHIVOT\" \/>\n<meta name=\"twitter:card\" content=\"summary_large_image\" \/>\n<meta name=\"twitter:label1\" content=\"\u00c9crit par\" \/>\n\t<meta name=\"twitter:data1\" content=\"Anne CHIVOT\" \/>\n\t<meta name=\"twitter:label2\" content=\"Dur\u00e9e de lecture estim\u00e9e\" \/>\n\t<meta name=\"twitter:data2\" content=\"3 minutes\" \/>\n<script type=\"application\/ld+json\" class=\"yoast-schema-graph\">{\"@context\":\"https:\\\/\\\/schema.org\",\"@graph\":[{\"@type\":\"NewsArticle\",\"@id\":\"https:\\\/\\\/caen-yacht-club.com\\\/web\\\/sorties-mer-du-22-au-25-avril\\\/#article\",\"isPartOf\":{\"@id\":\"https:\\\/\\\/caen-yacht-club.com\\\/web\\\/sorties-mer-du-22-au-25-avril\\\/\"},\"author\":{\"name\":\"Anne CHIVOT\",\"@id\":\"https:\\\/\\\/caen-yacht-club.com\\\/web\\\/#\\\/schema\\\/person\\\/f9a03b75bf521efb5239cfedc3c69d33\"},\"headline\":\"Sorties mer du 22 au 25 avril\",\"datePublished\":\"2024-04-12T09:47:56+00:00\",\"dateModified\":\"2024-07-19T12:44:57+00:00\",\"mainEntityOfPage\":{\"@id\":\"https:\\\/\\\/caen-yacht-club.com\\\/web\\\/sorties-mer-du-22-au-25-avril\\\/\"},\"wordCount\":319,\"commentCount\":0,\"publisher\":{\"@id\":\"https:\\\/\\\/caen-yacht-club.com\\\/web\\\/#organization\"},\"image\":{\"@id\":\"https:\\\/\\\/caen-yacht-club.com\\\/web\\\/sorties-mer-du-22-au-25-avril\\\/#primaryimage\"},\"thumbnailUrl\":\"https:\\\/\\\/i0.wp.com\\\/caen-yacht-club.com\\\/web\\\/wp-content\\\/uploads\\\/Design-sans-titre.jpg?fit=1400%2C850&ssl=1\",\"articleSection\":[\"Ecole J80\"],\"inLanguage\":\"fr-FR\",\"potentialAction\":[{\"@type\":\"CommentAction\",\"name\":\"Comment\",\"target\":[\"https:\\\/\\\/caen-yacht-club.com\\\/web\\\/sorties-mer-du-22-au-25-avril\\\/#respond\"]}]},{\"@type\":\"WebPage\",\"@id\":\"https:\\\/\\\/caen-yacht-club.com\\\/web\\\/sorties-mer-du-22-au-25-avril\\\/\",\"url\":\"https:\\\/\\\/caen-yacht-club.com\\\/web\\\/sorties-mer-du-22-au-25-avril\\\/\",\"name\":\"Caen Yacht Club Actualit\u00e9s\",\"isPartOf\":{\"@id\":\"https:\\\/\\\/caen-yacht-club.com\\\/web\\\/#website\"},\"primaryImageOfPage\":{\"@id\":\"https:\\\/\\\/caen-yacht-club.com\\\/web\\\/sorties-mer-du-22-au-25-avril\\\/#primaryimage\"},\"image\":{\"@id\":\"https:\\\/\\\/caen-yacht-club.com\\\/web\\\/sorties-mer-du-22-au-25-avril\\\/#primaryimage\"},\"thumbnailUrl\":\"https:\\\/\\\/i0.wp.com\\\/caen-yacht-club.com\\\/web\\\/wp-content\\\/uploads\\\/Design-sans-titre.jpg?fit=1400%2C850&ssl=1\",\"datePublished\":\"2024-04-12T09:47:56+00:00\",\"dateModified\":\"2024-07-19T12:44:57+00:00\",\"description\":\"Les actualit\u00e9s et \u00e9v\u00e8nements du Caen Yacht Club. R\u00e9gates, Cours de voile, Conf\u00e9rences\",\"breadcrumb\":{\"@id\":\"https:\\\/\\\/caen-yacht-club.com\\\/web\\\/sorties-mer-du-22-au-25-avril\\\/#breadcrumb\"},\"inLanguage\":\"fr-FR\",\"potentialAction\":[{\"@type\":\"ReadAction\",\"target\":[\"https:\\\/\\\/caen-yacht-club.com\\\/web\\\/sorties-mer-du-22-au-25-avril\\\/\"]}]},{\"@type\":\"ImageObject\",\"inLanguage\":\"fr-FR\",\"@id\":\"https:\\\/\\\/caen-yacht-club.com\\\/web\\\/sorties-mer-du-22-au-25-avril\\\/#primaryimage\",\"url\":\"https:\\\/\\\/i0.wp.com\\\/caen-yacht-club.com\\\/web\\\/wp-content\\\/uploads\\\/Design-sans-titre.jpg?fit=1400%2C850&ssl=1\",\"contentUrl\":\"https:\\\/\\\/i0.wp.com\\\/caen-yacht-club.com\\\/web\\\/wp-content\\\/uploads\\\/Design-sans-titre.jpg?fit=1400%2C850&ssl=1\",\"width\":1400,\"height\":850},{\"@type\":\"BreadcrumbList\",\"@id\":\"https:\\\/\\\/caen-yacht-club.com\\\/web\\\/sorties-mer-du-22-au-25-avril\\\/#breadcrumb\",\"itemListElement\":[{\"@type\":\"ListItem\",\"position\":1,\"name\":\"Accueil\",\"item\":\"https:\\\/\\\/caen-yacht-club.com\\\/web\\\/\"},{\"@type\":\"ListItem\",\"position\":2,\"name\":\"Sorties mer du 22 au 25 avril\"}]},{\"@type\":\"WebSite\",\"@id\":\"https:\\\/\\\/caen-yacht-club.com\\\/web\\\/#website\",\"url\":\"https:\\\/\\\/caen-yacht-club.com\\\/web\\\/\",\"name\":\"Caen Yacht Club\",\"description\":\"Naviguez en ville\",\"publisher\":{\"@id\":\"https:\\\/\\\/caen-yacht-club.com\\\/web\\\/#organization\"},\"potentialAction\":[{\"@type\":\"SearchAction\",\"target\":{\"@type\":\"EntryPoint\",\"urlTemplate\":\"https:\\\/\\\/caen-yacht-club.com\\\/web\\\/?s={search_term_string}\"},\"query-input\":{\"@type\":\"PropertyValueSpecification\",\"valueRequired\":true,\"valueName\":\"search_term_string\"}}],\"inLanguage\":\"fr-FR\"},{\"@type\":\"Organization\",\"@id\":\"https:\\\/\\\/caen-yacht-club.com\\\/web\\\/#organization\",\"name\":\"Caen Yacht Club\",\"url\":\"https:\\\/\\\/caen-yacht-club.com\\\/web\\\/\",\"logo\":{\"@type\":\"ImageObject\",\"inLanguage\":\"fr-FR\",\"@id\":\"https:\\\/\\\/caen-yacht-club.com\\\/web\\\/#\\\/schema\\\/logo\\\/image\\\/\",\"url\":\"https:\\\/\\\/i0.wp.com\\\/caen-yacht-club.com\\\/web\\\/wp-content\\\/uploads\\\/2020\\\/03\\\/Logo_CYC_20170104-e1585662025871.png?fit=500%2C472&ssl=1\",\"contentUrl\":\"https:\\\/\\\/i0.wp.com\\\/caen-yacht-club.com\\\/web\\\/wp-content\\\/uploads\\\/2020\\\/03\\\/Logo_CYC_20170104-e1585662025871.png?fit=500%2C472&ssl=1\",\"width\":500,\"height\":472,\"caption\":\"Caen Yacht Club\"},\"image\":{\"@id\":\"https:\\\/\\\/caen-yacht-club.com\\\/web\\\/#\\\/schema\\\/logo\\\/image\\\/\"}},{\"@type\":\"Person\",\"@id\":\"https:\\\/\\\/caen-yacht-club.com\\\/web\\\/#\\\/schema\\\/person\\\/f9a03b75bf521efb5239cfedc3c69d33\",\"name\":\"Anne CHIVOT\",\"image\":{\"@type\":\"ImageObject\",\"inLanguage\":\"fr-FR\",\"@id\":\"https:\\\/\\\/secure.gravatar.com\\\/avatar\\\/aff550da7dd307e0b5382f28e47d29646c4c50f6dc46fcc2c311536e0b48acda?s=96&d=mm&r=g\",\"url\":\"https:\\\/\\\/secure.gravatar.com\\\/avatar\\\/aff550da7dd307e0b5382f28e47d29646c4c50f6dc46fcc2c311536e0b48acda?s=96&d=mm&r=g\",\"contentUrl\":\"https:\\\/\\\/secure.gravatar.com\\\/avatar\\\/aff550da7dd307e0b5382f28e47d29646c4c50f6dc46fcc2c311536e0b48acda?s=96&d=mm&r=g\",\"caption\":\"Anne CHIVOT\"},\"sameAs\":[\"https:\\\/\\\/www.facebook.com\\\/anne.chivot\\\/media_set?set=a.3971425726631&type=3\"],\"url\":\"https:\\\/\\\/caen-yacht-club.com\\\/web\\\/espace-membre\\\/?uid=301\"}]}<\/script>\n<!-- \/ Yoast SEO plugin. -->","yoast_head_json":{"title":"Caen Yacht Club Actualit\u00e9s","description":"Les actualit\u00e9s et \u00e9v\u00e8nements du Caen Yacht Club. R\u00e9gates, Cours de voile, Conf\u00e9rences","robots":{"index":"index","follow":"follow","max-snippet":"max-snippet:-1","max-image-preview":"max-image-preview:large","max-video-preview":"max-video-preview:-1"},"canonical":"https:\/\/caen-yacht-club.com\/web\/sorties-mer-du-22-au-25-avril\/","og_locale":"fr_FR","og_type":"article","og_title":"Caen Yacht Club Actualit\u00e9s","og_description":"Les actualit\u00e9s et \u00e9v\u00e8nements du Caen Yacht Club. R\u00e9gates, Cours de voile, Conf\u00e9rences","og_url":"https:\/\/caen-yacht-club.com\/web\/sorties-mer-du-22-au-25-avril\/","og_site_name":"Caen Yacht Club","article_author":"https:\/\/www.facebook.com\/anne.chivot\/media_set?set=a.3971425726631&type=3","article_published_time":"2024-04-12T09:47:56+00:00","article_modified_time":"2024-07-19T12:44:57+00:00","og_image":[{"width":1400,"height":850,"url":"https:\/\/caen-yacht-club.com\/web\/wp-content\/uploads\/Design-sans-titre.jpg","type":"image\/jpeg"}],"author":"Anne CHIVOT","twitter_card":"summary_large_image","twitter_misc":{"\u00c9crit par":"Anne CHIVOT","Dur\u00e9e de lecture estim\u00e9e":"3 minutes"},"schema":{"@context":"https:\/\/schema.org","@graph":[{"@type":"NewsArticle","@id":"https:\/\/caen-yacht-club.com\/web\/sorties-mer-du-22-au-25-avril\/#article","isPartOf":{"@id":"https:\/\/caen-yacht-club.com\/web\/sorties-mer-du-22-au-25-avril\/"},"author":{"name":"Anne CHIVOT","@id":"https:\/\/caen-yacht-club.com\/web\/#\/schema\/person\/f9a03b75bf521efb5239cfedc3c69d33"},"headline":"Sorties mer du 22 au 25 avril","datePublished":"2024-04-12T09:47:56+00:00","dateModified":"2024-07-19T12:44:57+00:00","mainEntityOfPage":{"@id":"https:\/\/caen-yacht-club.com\/web\/sorties-mer-du-22-au-25-avril\/"},"wordCount":319,"commentCount":0,"publisher":{"@id":"https:\/\/caen-yacht-club.com\/web\/#organization"},"image":{"@id":"https:\/\/caen-yacht-club.com\/web\/sorties-mer-du-22-au-25-avril\/#primaryimage"},"thumbnailUrl":"https:\/\/i0.wp.com\/caen-yacht-club.com\/web\/wp-content\/uploads\/Design-sans-titre.jpg?fit=1400%2C850&ssl=1","articleSection":["Ecole J80"],"inLanguage":"fr-FR","potentialAction":[{"@type":"CommentAction","name":"Comment","target":["https:\/\/caen-yacht-club.com\/web\/sorties-mer-du-22-au-25-avril\/#respond"]}]},{"@type":"WebPage","@id":"https:\/\/caen-yacht-club.com\/web\/sorties-mer-du-22-au-25-avril\/","url":"https:\/\/caen-yacht-club.com\/web\/sorties-mer-du-22-au-25-avril\/","name":"Caen Yacht Club Actualit\u00e9s","isPartOf":{"@id":"https:\/\/caen-yacht-club.com\/web\/#website"},"primaryImageOfPage":{"@id":"https:\/\/caen-yacht-club.com\/web\/sorties-mer-du-22-au-25-avril\/#primaryimage"},"image":{"@id":"https:\/\/caen-yacht-club.com\/web\/sorties-mer-du-22-au-25-avril\/#primaryimage"},"thumbnailUrl":"https:\/\/i0.wp.com\/caen-yacht-club.com\/web\/wp-content\/uploads\/Design-sans-titre.jpg?fit=1400%2C850&ssl=1","datePublished":"2024-04-12T09:47:56+00:00","dateModified":"2024-07-19T12:44:57+00:00","description":"Les actualit\u00e9s et \u00e9v\u00e8nements du Caen Yacht Club. R\u00e9gates, Cours de voile, Conf\u00e9rences","breadcrumb":{"@id":"https:\/\/caen-yacht-club.com\/web\/sorties-mer-du-22-au-25-avril\/#breadcrumb"},"inLanguage":"fr-FR","potentialAction":[{"@type":"ReadAction","target":["https:\/\/caen-yacht-club.com\/web\/sorties-mer-du-22-au-25-avril\/"]}]},{"@type":"ImageObject","inLanguage":"fr-FR","@id":"https:\/\/caen-yacht-club.com\/web\/sorties-mer-du-22-au-25-avril\/#primaryimage","url":"https:\/\/i0.wp.com\/caen-yacht-club.com\/web\/wp-content\/uploads\/Design-sans-titre.jpg?fit=1400%2C850&ssl=1","contentUrl":"https:\/\/i0.wp.com\/caen-yacht-club.com\/web\/wp-content\/uploads\/Design-sans-titre.jpg?fit=1400%2C850&ssl=1","width":1400,"height":850},{"@type":"BreadcrumbList","@id":"https:\/\/caen-yacht-club.com\/web\/sorties-mer-du-22-au-25-avril\/#breadcrumb","itemListElement":[{"@type":"ListItem","position":1,"name":"Accueil","item":"https:\/\/caen-yacht-club.com\/web\/"},{"@type":"ListItem","position":2,"name":"Sorties mer du 22 au 25 avril"}]},{"@type":"WebSite","@id":"https:\/\/caen-yacht-club.com\/web\/#website","url":"https:\/\/caen-yacht-club.com\/web\/","name":"Caen Yacht Club","description":"Naviguez en ville","publisher":{"@id":"https:\/\/caen-yacht-club.com\/web\/#organization"},"potentialAction":[{"@type":"SearchAction","target":{"@type":"EntryPoint","urlTemplate":"https:\/\/caen-yacht-club.com\/web\/?s={search_term_string}"},"query-input":{"@type":"PropertyValueSpecification","valueRequired":true,"valueName":"search_term_string"}}],"inLanguage":"fr-FR"},{"@type":"Organization","@id":"https:\/\/caen-yacht-club.com\/web\/#organization","name":"Caen Yacht Club","url":"https:\/\/caen-yacht-club.com\/web\/","logo":{"@type":"ImageObject","inLanguage":"fr-FR","@id":"https:\/\/caen-yacht-club.com\/web\/#\/schema\/logo\/image\/","url":"https:\/\/i0.wp.com\/caen-yacht-club.com\/web\/wp-content\/uploads\/2020\/03\/Logo_CYC_20170104-e1585662025871.png?fit=500%2C472&ssl=1","contentUrl":"https:\/\/i0.wp.com\/caen-yacht-club.com\/web\/wp-content\/uploads\/2020\/03\/Logo_CYC_20170104-e1585662025871.png?fit=500%2C472&ssl=1","width":500,"height":472,"caption":"Caen Yacht Club"},"image":{"@id":"https:\/\/caen-yacht-club.com\/web\/#\/schema\/logo\/image\/"}},{"@type":"Person","@id":"https:\/\/caen-yacht-club.com\/web\/#\/schema\/person\/f9a03b75bf521efb5239cfedc3c69d33","name":"Anne CHIVOT","image":{"@type":"ImageObject","inLanguage":"fr-FR","@id":"https:\/\/secure.gravatar.com\/avatar\/aff550da7dd307e0b5382f28e47d29646c4c50f6dc46fcc2c311536e0b48acda?s=96&d=mm&r=g","url":"https:\/\/secure.gravatar.com\/avatar\/aff550da7dd307e0b5382f28e47d29646c4c50f6dc46fcc2c311536e0b48acda?s=96&d=mm&r=g","contentUrl":"https:\/\/secure.gravatar.com\/avatar\/aff550da7dd307e0b5382f28e47d29646c4c50f6dc46fcc2c311536e0b48acda?s=96&d=mm&r=g","caption":"Anne CHIVOT"},"sameAs":["https:\/\/www.facebook.com\/anne.chivot\/media_set?set=a.3971425726631&type=3"],"url":"https:\/\/caen-yacht-club.com\/web\/espace-membre\/?uid=301"}]}},"jetpack_featured_media_url":"https:\/\/i0.wp.com\/caen-yacht-club.com\/web\/wp-content\/uploads\/Design-sans-titre.jpg?fit=1400%2C850&ssl=1","jetpack_sharing_enabled":true,"jetpack_shortlink":"https:\/\/wp.me\/p7ppuD-3wu","jetpack-related-posts":[{"id":13043,"url":"https:\/\/caen-yacht-club.com\/web\/sorties-mer-du-23-au-26-octobre-2023\/","url_meta":{"origin":13546,"position":0},"title":"Sorties mer du 23 au 26 octobre 2023","author":"Anne CHIVOT","date":"22 septembre 2023","format":false,"excerpt":"Comme l\u2019ann\u00e9e derni\u00e8re, nous mettons en place un stage en mer en J80 la 1\u00e8re semaine des vacances de la Toussaint pour nos adh\u00e9rents de l'\u00e9cole de voile. Ce stage se d\u00e9roulera \u00e0 Ouistreham du lundi 23 au jeudi 26 octobre 2023. Les inscriptions se font \u00e0 la journ\u00e9e, 15\u2026","rel":"","context":"Dans &quot;Actualit\u00e9&quot;","block_context":{"text":"Actualit\u00e9","link":"https:\/\/caen-yacht-club.com\/web\/category\/actualite\/"},"img":{"alt_text":"","src":"https:\/\/i0.wp.com\/caen-yacht-club.com\/web\/wp-content\/uploads\/Design-sans-titre.jpg?fit=1200%2C729&ssl=1&resize=350%2C200","width":350,"height":200,"srcset":"https:\/\/i0.wp.com\/caen-yacht-club.com\/web\/wp-content\/uploads\/Design-sans-titre.jpg?fit=1200%2C729&ssl=1&resize=350%2C200 1x, https:\/\/i0.wp.com\/caen-yacht-club.com\/web\/wp-content\/uploads\/Design-sans-titre.jpg?fit=1200%2C729&ssl=1&resize=525%2C300 1.5x, https:\/\/i0.wp.com\/caen-yacht-club.com\/web\/wp-content\/uploads\/Design-sans-titre.jpg?fit=1200%2C729&ssl=1&resize=700%2C400 2x, https:\/\/i0.wp.com\/caen-yacht-club.com\/web\/wp-content\/uploads\/Design-sans-titre.jpg?fit=1200%2C729&ssl=1&resize=1050%2C600 3x"},"classes":[]},{"id":13753,"url":"https:\/\/caen-yacht-club.com\/web\/championnat-inter-clubs-habitable-au-caen-yacht-club-26-et-27-avril-2025\/","url_meta":{"origin":13546,"position":1},"title":"Championnat Inter Clubs Habitable au Caen Yacht Club 26 et 27 avril 2025","author":"Anne CHIVOT","date":"1 f\u00e9vrier 2025","format":false,"excerpt":"Le Caen Yacht Club organise une \u00e9tape du CICH les 26 et 27 avril 2025. Venez d\u00e9couvrir les plans d'eau caennais et r\u00e9gater au d\u00e9part de la base nautique B. G\u00e9nard \u00e0 Caen.\u00a0 Avis de course Paiement via Hello Asso Instructions de course Possibilit\u00e9 d'h\u00e9bergement \u00e0 proximit\u00e9 en chambres-dortoir https:\/\/www.thepeoplehostel.com\/fr\/destinations\/caen\/\u2026","rel":"","context":"Dans &quot;Actualit\u00e9&quot;","block_context":{"text":"Actualit\u00e9","link":"https:\/\/caen-yacht-club.com\/web\/category\/actualite\/"},"img":{"alt_text":"","src":"https:\/\/i0.wp.com\/caen-yacht-club.com\/web\/wp-content\/uploads\/PHOTO-2023-11-12-18-02-27-3-1.jpg?fit=640%2C426&ssl=1&resize=350%2C200","width":350,"height":200,"srcset":"https:\/\/i0.wp.com\/caen-yacht-club.com\/web\/wp-content\/uploads\/PHOTO-2023-11-12-18-02-27-3-1.jpg?fit=640%2C426&ssl=1&resize=350%2C200 1x, https:\/\/i0.wp.com\/caen-yacht-club.com\/web\/wp-content\/uploads\/PHOTO-2023-11-12-18-02-27-3-1.jpg?fit=640%2C426&ssl=1&resize=525%2C300 1.5x"},"classes":[]},{"id":3516,"url":"https:\/\/caen-yacht-club.com\/web\/annulation-du-challenge-interclubs-du-samedi-27-avril\/","url_meta":{"origin":13546,"position":2},"title":"Annulation du Challenge Interclubs du samedi 27 avril","author":"Damien BULLET","date":"25 avril 2019","format":false,"excerpt":"Jamais deux sans trois ! Compte tenu du coup de vent annonc\u00e9 ce week-end, nous sommes contraints une nouvelle fois d'annuler le challenge interclubs pr\u00e9vu ce samedi 27 avril.","rel":"","context":"Dans &quot;Actualit\u00e9&quot;","block_context":{"text":"Actualit\u00e9","link":"https:\/\/caen-yacht-club.com\/web\/category\/actualite\/"},"img":{"alt_text":"","src":"https:\/\/i0.wp.com\/caen-yacht-club.com\/web\/wp-content\/uploads\/2019\/02\/interclubs19.jpg?fit=1200%2C801&ssl=1&resize=350%2C200","width":350,"height":200,"srcset":"https:\/\/i0.wp.com\/caen-yacht-club.com\/web\/wp-content\/uploads\/2019\/02\/interclubs19.jpg?fit=1200%2C801&ssl=1&resize=350%2C200 1x, https:\/\/i0.wp.com\/caen-yacht-club.com\/web\/wp-content\/uploads\/2019\/02\/interclubs19.jpg?fit=1200%2C801&ssl=1&resize=525%2C300 1.5x, https:\/\/i0.wp.com\/caen-yacht-club.com\/web\/wp-content\/uploads\/2019\/02\/interclubs19.jpg?fit=1200%2C801&ssl=1&resize=700%2C400 2x, https:\/\/i0.wp.com\/caen-yacht-club.com\/web\/wp-content\/uploads\/2019\/02\/interclubs19.jpg?fit=1200%2C801&ssl=1&resize=1050%2C600 3x"},"classes":[]},{"id":13964,"url":"https:\/\/caen-yacht-club.com\/web\/journees-nautiques-caen-ouistreham-vendredi-11-et-samedi-12-avril-2025\/","url_meta":{"origin":13546,"position":3},"title":"Journ\u00e9es Nautiques Caen Ouistreham. Vendredi 11 et samedi 12 avril 2025","author":"Anne CHIVOT","date":"7 avril 2025","format":false,"excerpt":"","rel":"","context":"Dans &quot;Caen&quot;","block_context":{"text":"Caen","link":"https:\/\/caen-yacht-club.com\/web\/category\/caen\/"},"img":{"alt_text":"","src":"https:\/\/i0.wp.com\/caen-yacht-club.com\/web\/wp-content\/uploads\/Salon-def.png?fit=848%2C1200&ssl=1&resize=350%2C200","width":350,"height":200,"srcset":"https:\/\/i0.wp.com\/caen-yacht-club.com\/web\/wp-content\/uploads\/Salon-def.png?fit=848%2C1200&ssl=1&resize=350%2C200 1x, https:\/\/i0.wp.com\/caen-yacht-club.com\/web\/wp-content\/uploads\/Salon-def.png?fit=848%2C1200&ssl=1&resize=525%2C300 1.5x, https:\/\/i0.wp.com\/caen-yacht-club.com\/web\/wp-content\/uploads\/Salon-def.png?fit=848%2C1200&ssl=1&resize=700%2C400 2x"},"classes":[]},{"id":12638,"url":"https:\/\/caen-yacht-club.com\/web\/stagesvoile2023\/","url_meta":{"origin":13546,"position":4},"title":"Stages d&#8217;\u00e9t\u00e9 2023 &#8211; du 17 juillet au 4 ao\u00fbt","author":"Anne CHIVOT","date":"11 mai 2023","format":false,"excerpt":"L'\u00e9cole de voile du Caen Yacht Club prend ses quartiers d'\u00e9t\u00e9 du 17 juillet au 4 ao\u00fbt et propose des stages de voile sur J80 : 250 \u20ac assurance comprise A partir de 16 ans Prise en main sur le canal avant de partir en mer Encadrement avec un moniteur\u2026","rel":"","context":"Dans &quot;Actualit\u00e9&quot;","block_context":{"text":"Actualit\u00e9","link":"https:\/\/caen-yacht-club.com\/web\/category\/actualite\/"},"img":{"alt_text":"","src":"https:\/\/i0.wp.com\/caen-yacht-club.com\/web\/wp-content\/uploads\/Sans-titre1.jpg?fit=869%2C491&ssl=1&resize=350%2C200","width":350,"height":200,"srcset":"https:\/\/i0.wp.com\/caen-yacht-club.com\/web\/wp-content\/uploads\/Sans-titre1.jpg?fit=869%2C491&ssl=1&resize=350%2C200 1x, https:\/\/i0.wp.com\/caen-yacht-club.com\/web\/wp-content\/uploads\/Sans-titre1.jpg?fit=869%2C491&ssl=1&resize=525%2C300 1.5x, https:\/\/i0.wp.com\/caen-yacht-club.com\/web\/wp-content\/uploads\/Sans-titre1.jpg?fit=869%2C491&ssl=1&resize=700%2C400 2x"},"classes":[]},{"id":12273,"url":"https:\/\/caen-yacht-club.com\/web\/defi-sportif-en-partenariat-avec-lentente-nautique-caennaise\/","url_meta":{"origin":13546,"position":5},"title":"Nage &#038; Voile ! D\u00e9fi sportif en partenariat avec l&#8217;Entente Nautique Caennaise.","author":"Anne CHIVOT","date":"29 novembre 2022","format":false,"excerpt":"En partenariat avec l'Entente Nautique Caennaise, nous vous proposons un d\u00e9fi sportif et convivial \u00e0 la d\u00e9couverte du nautisme pour les adh\u00e9rents de l\u2019Entente Nautique Caennaise et de la natation course pour les adh\u00e9rents du Caen Yacht Club. Une id\u00e9e commune : D\u00e9couvrir un nouveau sport dans la bonne humeur\u2026","rel":"","context":"Dans &quot;Actualit\u00e9&quot;","block_context":{"text":"Actualit\u00e9","link":"https:\/\/caen-yacht-club.com\/web\/category\/actualite\/"},"img":{"alt_text":"","src":"https:\/\/i0.wp.com\/caen-yacht-club.com\/web\/wp-content\/uploads\/ENC-1.jpg?fit=1200%2C569&ssl=1&resize=350%2C200","width":350,"height":200,"srcset":"https:\/\/i0.wp.com\/caen-yacht-club.com\/web\/wp-content\/uploads\/ENC-1.jpg?fit=1200%2C569&ssl=1&resize=350%2C200 1x, https:\/\/i0.wp.com\/caen-yacht-club.com\/web\/wp-content\/uploads\/ENC-1.jpg?fit=1200%2C569&ssl=1&resize=525%2C300 1.5x, https:\/\/i0.wp.com\/caen-yacht-club.com\/web\/wp-content\/uploads\/ENC-1.jpg?fit=1200%2C569&ssl=1&resize=700%2C400 2x, https:\/\/i0.wp.com\/caen-yacht-club.com\/web\/wp-content\/uploads\/ENC-1.jpg?fit=1200%2C569&ssl=1&resize=1050%2C600 3x"},"classes":[]}],"_links":{"self":[{"href":"https:\/\/caen-yacht-club.com\/web\/wp-json\/wp\/v2\/posts\/13546","targetHints":{"allow":["GET"]}}],"collection":[{"href":"https:\/\/caen-yacht-club.com\/web\/wp-json\/wp\/v2\/posts"}],"about":[{"href":"https:\/\/caen-yacht-club.com\/web\/wp-json\/wp\/v2\/types\/post"}],"author":[{"embeddable":true,"href":"https:\/\/caen-yacht-club.com\/web\/wp-json\/wp\/v2\/users\/301"}],"replies":[{"embeddable":true,"href":"https:\/\/caen-yacht-club.com\/web\/wp-json\/wp\/v2\/comments?post=13546"}],"version-history":[{"count":8,"href":"https:\/\/caen-yacht-club.com\/web\/wp-json\/wp\/v2\/posts\/13546\/revisions"}],"predecessor-version":[{"id":13743,"href":"https:\/\/caen-yacht-club.com\/web\/wp-json\/wp\/v2\/posts\/13546\/revisions\/13743"}],"wp:featuredmedia":[{"embeddable":true,"href":"https:\/\/caen-yacht-club.com\/web\/wp-json\/wp\/v2\/media\/13044"}],"wp:attachment":[{"href":"https:\/\/caen-yacht-club.com\/web\/wp-json\/wp\/v2\/media?parent=13546"}],"wp:term":[{"taxonomy":"category","embeddable":true,"href":"https:\/\/caen-yacht-club.com\/web\/wp-json\/wp\/v2\/categories?post=13546"},{"taxonomy":"post_tag","embeddable":true,"href":"https:\/\/caen-yacht-club.com\/web\/wp-json\/wp\/v2\/tags?post=13546"}],"curies":[{"name":"wp","href":"https:\/\/api.w.org\/{rel}","templated":true}]}}