{"id":13659,"date":"2024-07-02T13:31:33","date_gmt":"2024-07-02T12:31:33","guid":{"rendered":"https:\/\/caen-yacht-club.com\/web\/?p=13659"},"modified":"2024-07-22T13:18:26","modified_gmt":"2024-07-22T12:18:26","slug":"le-80eme-au-caen-yacht-club","status":"publish","type":"post","link":"https:\/\/caen-yacht-club.com\/web\/le-80eme-au-caen-yacht-club\/","title":{"rendered":"Le 80\u00e8me au Caen Yacht Club"},"content":{"rendered":"\n<p style=\"text-align: justify;\">&#8220;Il y a un an, nous avons \u00e9t\u00e9 contact\u00e9 par <strong>Steve White<\/strong>, commodore du <strong>Fishing Owners Association<\/strong> (FOA) qui avait \u00e9t\u00e9 accueilli par le <strong>Caen Yacht Club<\/strong> en 2014 puis 2019 pour c\u00e9l\u00e9brer le DDAY. Il souhaitait, \u00e0 l\u2019occasion du <strong>80\u00e8me anniversaire du D\u00e9barquement<\/strong>, renouveler avec le <strong>FSMBC<\/strong> (Fareham Sailing &amp; Motor Boat Club) l&#8217;organisation de son rallye \u00e0 destination de Caen depuis les c\u00f4tes anglaises.\u00a0 Les contacts se sont li\u00e9s avec le soutien du <strong>Comit\u00e9 de jumelage Caen-Portmouth<\/strong>. La pr\u00e9paration de leur accueil s\u2019est construite au fil des mois : visite du mus\u00e9e de <strong>Bateaux de Normandie<\/strong>, pr\u00e9sentation de la base nautique, r\u00e9gate en J80 suivis d&#8217;ap\u00e9ritif dinatoire en musique \u00e9taient au programme.<\/p>\n<p style=\"text-align: justify;\">Par ailleurs, courant mai, le Caen Yacht Club a re\u00e7u une invitation de la <strong>Royal Navy<\/strong> pour un cocktail \u00e0 bord du dragueur de mines <strong>HMS Cattistock<\/strong> et la semaine pr\u00e9c\u00e9dant les comm\u00e9morations, un mail de Californie est arriv\u00e9 : le <strong>Sausalito Yacht &amp; Sailing Club<\/strong> nous propose une rencontre et l\u2019\u00e9change de guidon (<em>\u00ab burgee \u00bb<\/em>)\u00a0 au soir du 6 juin.\u00a0<\/p>\n<p style=\"text-align: justify;\">Un grand m\u00e9nage et le pavoisement du club est r\u00e9alis\u00e9 pour accueillir convenablement nos invit\u00e9s et les drapeaux des alli\u00e9s, Fran\u00e7ais, Am\u00e9ricains, Canadiens et Britanniques sont mis \u00e0 l\u2019honneur aux c\u00f4t\u00e9s du drapeau Normand.<\/p>\n<h3 style=\"text-align: justify;\"><b>Jeudi 6 juin :\u00a0<\/b><\/h3>\n<p style=\"text-align: justify;\">Nous attendons 8 Californiens pour 16 heures, juste apr\u00e8s la c\u00e9r\u00e9monie officielle au cimeti\u00e8re militaire am\u00e9ricain de Colleville-sur-mer. <strong>R\u00e9my Chivot, pr\u00e9sident d&#8217;honneur<\/strong> du club nous a fait le plaisir, malgr\u00e9 les barrages routiers de nous rejoindre au club. Nous nous pr\u00e9parons \u00e0 ce qu&#8217;ils soient un peu en retard, mais nous sommes plut\u00f4t confiants et impatients. Nous \u00e9changeons plusieurs fois par t\u00e9l\u00e9phone, tout s&#8217;annonce bien. Mais nos invit\u00e9s attendent un bus qui tarde \u00e0 arriver \u00e0 cause des milliers de touristes du monde entier qui sont pr\u00e9sents sur la c\u00f4te normande.\u00a0<\/p>\n<p style=\"text-align: justify;\">Enfin, quelqu&#8217;un entre, parle anglais, nous pensons que c&#8217;est notre invit\u00e9 mais il dit qu&#8217;il ne fait que passer, qu&#8217;il vient du Canada pour le DDay. Il a vu notre bureau et l&#8217;abr\u00e9viation de notre club, <strong>CYC,<\/strong> tout comme le sien : <strong>Canadian Yacht Club<\/strong>. Il veut absolument ramener des articles du club avec notre logo et\u00a0 nous ach\u00e8te un bob blanc et un bonnet rouge, assortis au drapeau canadien ! Il vient de l&#8217;Ontario, de la r\u00e9gion des grands lacs. Il nous explique qu&#8217;ils viennent juste de remettre les bateaux \u00e0 l&#8217;eau apr\u00e8s la pause hivernale car, m\u00eame en \u00e9t\u00e9, la temp\u00e9rature de l&#8217;eau ne d\u00e9passe pas 5\u00b0C. Il nous raconte qu&#8217;il est venu avec un groupe de 100 jeunes. Ils ont assist\u00e9 \u00e0 la c\u00e9r\u00e9monie officielle canadienne au <strong>Centre Juno Beach<\/strong> de Courseulles-sur-mer o\u00f9 ils ont serr\u00e9 la main du <strong>Prince William<\/strong> et de <strong>Justin Trudeau<\/strong>, ainsi que celle du <strong>Pr\u00e9sident Macron<\/strong> et du <strong>Premier Ministre Gabriel Attal<\/strong>. Ensuite, ils sont all\u00e9s au cimeti\u00e8re militaire canadien o\u00f9 ils ont cherch\u00e9 les noms des gens de leur r\u00e9gion, ce qui les a beaucoup touch\u00e9s. Son r\u00e9cit nous \u00e9meut beaucoup, quelle belle rencontre ! Le fait que des gens font autant de kilom\u00e8tres pour venir ici c\u00e9l\u00e9brer cet \u00e9v\u00e9nement, nous \u00e9tonne toujours.<\/p>\n<p style=\"text-align: justify;\">La visite de nos amis californiens est finalement report\u00e9e au samedi midi mais nous avons fait une belle rencontre.<\/p>\n<h3 style=\"text-align: justify;\"><b>Vendredi 7 juin :<\/b><\/h3>\n<p style=\"text-align: justify;\">Le vendredi, les bateaux\u00a0 anglais sont attendus au pont de la Fonderie \u00e0 midi. Le <strong>ma\u00eetre du port St\u00e9phane Bradic<\/strong> et son coll\u00e8gue se tiennent pr\u00eats, ainsi que le journaliste de Ouest France et Katell Richard pour son amiti\u00e9 avec les anglais, Steve et Barbara White. Anke est l\u00e0 pour l\u2019accueil au club, les anglais sont ravis de boire un caf\u00e9 au club, le rendez-vous pour le lendemain est pris. Que le port est beau avec ces bateaux pavois\u00e9s et le soleil !\u00a0<\/p>\n<p style=\"text-align: justify;\">Vendredi soir, pour la fameuse invitation sur le navire HMS Cattistock ce sont L\u00e9a Houllemare et Anke Hedrich, membres du CA qui repr\u00e9sentent le club. L\u2019accueil \u00e0 bord est chaleureux. Les \u00e9changes se font dans un m\u00e9lange de fran\u00e7ais et d&#8217;anglais. Le pont du bateau, baign\u00e9 de soleil est rempli de personnes en uniformes. Le capitaine <strong>Johnny Campbell<\/strong> nous propose \u00e0 boire, des plateaux avec des petits fours font le tour, et nous sommes pr\u00e9sent\u00e9es \u00e0 l&#8217;assembl\u00e9e : le commandant du port <strong>Eric Destable<\/strong>, les officiers du bateau, notre <strong>D\u00e9put\u00e9 Arthur Delaporte<\/strong>, des <strong>repr\u00e9sentants de l\u2019ambassade anglaise pour la marine<\/strong>, des militaires fran\u00e7ais et fran\u00e7aises qui ont coop\u00e9r\u00e9 depuis des mois pour pr\u00e9parer ce 80\u00e8me anniversaire !Finalement l\u2019ensemble est tr\u00e8s d\u00e9contract\u00e9, polyglotte et sympathique. A 21h sur un signal sonore, tout le monde se fige au garde \u00e0 vous, nous ne comprenons rien, puis un nouveau signal retentit et cela bouge de nouveau. On nous explique gentiment que c\u2019\u00e9tait la descente du drapeau britannique, une c\u00e9r\u00e9monie qui se passe au coucher du soleil ou au plus tard \u00e0 21h.<\/p>\n<h3><b>Samedi 8 juin :\u00a0<\/b><\/h3>\n<p style=\"text-align: justify;\">Le samedi midi enfin, les visiteurs de Sausalito arrivent au club. Ils sont 5 : <strong>Rip Hunter<\/strong> qui nous avait contact\u00e9, <strong>Tim Rogers<\/strong> le &#8220;commodore\u201c, <strong>Ripley<\/strong>, le fils de Rip, et 2 autres membres du club. Le <strong>Sausalito Yacht club<\/strong> <a href=\"https:\/\/sausalitoyachtclub.org\/\">https:\/\/sausalitoyachtclub.org\/<\/a> est bien plus grand que le n\u00f4tre, il a plus de 1000 membres et une longue liste d\u2019attente. Ils ont un clubhouse flottant de l\u2019autre c\u00f4t\u00e9 du Golden Gate Bridge de San Francisco avec un restaurant. Ils nous apportent leur \u201cburgee\u201d et re\u00e7oivent notre guidon. C\u2019est l\u2019heure de manger et nous partageons un repas au restaurant l\u2019Azur, discutons de plein de choses, puis faisons une rapide visite guid\u00e9e du ch\u00e2teau de Caen en travaux avant leur retour par Paris vers les USA.<\/p>\n<p style=\"text-align: justify;\">Nous pr\u00e9parons ensuite notre soir\u00e9e pour les navigateurs anglais en d\u00e9corant la salle pr\u00eat\u00e9e par les AVF. L\u00e9a a organis\u00e9 une visite du mus\u00e9e de <strong>Bateaux de Normandie<\/strong> dans l\u2019apr\u00e8s-midi qui leur a beaucoup plu. Un joueur de cornemuse a \u00e9t\u00e9 invit\u00e9 pour lancer les festivit\u00e9s et accompagner nos visiteurs du quai \u00e0 la salle, c\u2019est bien un instrument d\u2019ext\u00e9rieur !<\/p>\n<p style=\"text-align: justify;\">Les <strong>chanteurs du club<\/strong> ont pr\u00e9vu un \u00e9chantillon de leur r\u00e9pertoire pour l\u2019occasion et ont g\u00e9n\u00e9reusement contribu\u00e9 \u00e0 l\u2019ap\u00e9ro d\u00eenatoire. Avec l\u2019accompagnement au clavier et \u00e0 l\u2019accord\u00e9on de <strong>Dominique Casenave, cheffe de choeur<\/strong>, ils chantent une version fran\u00e7aise du <em>&#8220;Drunken sailor\u201c<\/em>, la <em>&#8220;Chanson \u00e0 virer\u201c,<\/em> un chant en anglais <em>&#8220;Keep hauling\u201c<\/em> avant de terminer par <em>&#8220;La complainte du bassin Saint-Pierre\u201c<\/em> qui refl\u00e8te les obstacles pour atteindre la mer en partant en bateau du port de Caen <em>&#8220;A nous la libert\u00e9, oh\u00e9 !\u201c<\/em><\/p>\n<p style=\"text-align: justify;\">Avec Steve White, commodore du FOA et le repr\u00e9sentant du FSMBC associ\u00e9 au rallye Neptune 80, nous \u00e9changeons nos guidons et recevons le superbe drapeau du rallye en souvenir, d\u00e9sormais hiss\u00e9 dans le club.<\/p>\n<p style=\"text-align: justify;\">Ces jours de comm\u00e9moration ont \u00e9t\u00e9 riches de rencontres et d&#8217;\u00e9motions, d\u2019esprit de partage et de f\u00eate. <strong>Merci \u00e0 tous ceux qui y ont contribu\u00e9.&#8221;<\/strong><\/p>\n<p><em>Anke &amp; Isabelle<\/em><\/p>\n\n\n\n<div class=\"wp-block-buttons is-content-justification-center is-layout-flex wp-container-core-buttons-is-layout-16018d1d wp-block-buttons-is-layout-flex\">\n<div class=\"wp-block-button is-style-outline is-style-outline--1\"><a class=\"wp-block-button__link wp-element-button\"><strong><mark style=\"background-color:rgba(0, 0, 0, 0)\" class=\"has-inline-color has-luminous-vivid-orange-color\">Album photo<\/mark><\/strong><\/a><\/div>\n<\/div>\n","protected":false},"excerpt":{"rendered":"<p>&#8220;Il y a un an, nous avons \u00e9t\u00e9 contact\u00e9 par Steve White, commodore du Fishing Owners Association (FOA) qui avait \u00e9t\u00e9 accueilli par le Caen Yacht&#8230;<\/p>\n","protected":false},"author":301,"featured_media":13670,"comment_status":"open","ping_status":"open","sticky":false,"template":"","format":"standard","meta":{"_exactmetrics_skip_tracking":false,"_exactmetrics_sitenote_active":false,"_exactmetrics_sitenote_note":"","_exactmetrics_sitenote_category":0,"jetpack_post_was_ever_published":false,"_jetpack_newsletter_access":"","_jetpack_dont_email_post_to_subs":true,"_jetpack_newsletter_tier_id":0,"_jetpack_memberships_contains_paywalled_content":false,"_jetpack_memberships_contains_paid_content":false,"footnotes":""},"categories":[279,52,288,57],"tags":[],"class_list":["post-13659","post","type-post","status-publish","format-standard","has-post-thumbnail","hentry","category-caen","category-chants-de-marins","category-histoire","category-vie-du-club"],"yoast_head":"<!-- This site is optimized with the Yoast SEO plugin v27.4 - https:\/\/yoast.com\/product\/yoast-seo-wordpress\/ -->\n<title>Caen Yacht Club Actualit\u00e9s<\/title>\n<meta name=\"description\" content=\"Les actualit\u00e9s et \u00e9v\u00e8nements du Caen Yacht Club. R\u00e9gates, Cours de voile, Conf\u00e9rences\" \/>\n<meta name=\"robots\" content=\"index, follow, max-snippet:-1, max-image-preview:large, max-video-preview:-1\" \/>\n<link rel=\"canonical\" href=\"https:\/\/caen-yacht-club.com\/web\/le-80eme-au-caen-yacht-club\/\" \/>\n<meta property=\"og:locale\" content=\"fr_FR\" \/>\n<meta property=\"og:type\" content=\"article\" \/>\n<meta property=\"og:title\" content=\"Caen Yacht Club Actualit\u00e9s\" \/>\n<meta property=\"og:description\" content=\"Les actualit\u00e9s et \u00e9v\u00e8nements du Caen Yacht Club. R\u00e9gates, Cours de voile, Conf\u00e9rences\" \/>\n<meta property=\"og:url\" content=\"https:\/\/caen-yacht-club.com\/web\/le-80eme-au-caen-yacht-club\/\" \/>\n<meta property=\"og:site_name\" content=\"Caen Yacht Club\" \/>\n<meta property=\"article:author\" content=\"https:\/\/www.facebook.com\/anne.chivot\/media_set?set=a.3971425726631&amp;type=3\" \/>\n<meta property=\"article:published_time\" content=\"2024-07-02T12:31:33+00:00\" \/>\n<meta property=\"article:modified_time\" content=\"2024-07-22T12:18:26+00:00\" \/>\n<meta property=\"og:image\" content=\"https:\/\/caen-yacht-club.com\/web\/wp-content\/uploads\/20240607_130519-scaled.jpg\" \/>\n\t<meta property=\"og:image:width\" content=\"2560\" \/>\n\t<meta property=\"og:image:height\" content=\"1920\" \/>\n\t<meta property=\"og:image:type\" content=\"image\/jpeg\" \/>\n<meta name=\"author\" content=\"Anne CHIVOT\" \/>\n<meta name=\"twitter:card\" content=\"summary_large_image\" \/>\n<meta name=\"twitter:label1\" content=\"\u00c9crit par\" \/>\n\t<meta name=\"twitter:data1\" content=\"Anne CHIVOT\" \/>\n\t<meta name=\"twitter:label2\" content=\"Dur\u00e9e de lecture estim\u00e9e\" \/>\n\t<meta name=\"twitter:data2\" content=\"6 minutes\" \/>\n<script type=\"application\/ld+json\" class=\"yoast-schema-graph\">{\"@context\":\"https:\\\/\\\/schema.org\",\"@graph\":[{\"@type\":\"NewsArticle\",\"@id\":\"https:\\\/\\\/caen-yacht-club.com\\\/web\\\/le-80eme-au-caen-yacht-club\\\/#article\",\"isPartOf\":{\"@id\":\"https:\\\/\\\/caen-yacht-club.com\\\/web\\\/le-80eme-au-caen-yacht-club\\\/\"},\"author\":{\"name\":\"Anne CHIVOT\",\"@id\":\"https:\\\/\\\/caen-yacht-club.com\\\/web\\\/#\\\/schema\\\/person\\\/f9a03b75bf521efb5239cfedc3c69d33\"},\"headline\":\"Le 80\u00e8me au Caen Yacht Club\",\"datePublished\":\"2024-07-02T12:31:33+00:00\",\"dateModified\":\"2024-07-22T12:18:26+00:00\",\"mainEntityOfPage\":{\"@id\":\"https:\\\/\\\/caen-yacht-club.com\\\/web\\\/le-80eme-au-caen-yacht-club\\\/\"},\"wordCount\":1225,\"commentCount\":0,\"publisher\":{\"@id\":\"https:\\\/\\\/caen-yacht-club.com\\\/web\\\/#organization\"},\"image\":{\"@id\":\"https:\\\/\\\/caen-yacht-club.com\\\/web\\\/le-80eme-au-caen-yacht-club\\\/#primaryimage\"},\"thumbnailUrl\":\"https:\\\/\\\/i0.wp.com\\\/caen-yacht-club.com\\\/web\\\/wp-content\\\/uploads\\\/20240607_130519-scaled.jpg?fit=2560%2C1920&ssl=1\",\"articleSection\":[\"Caen\",\"Chants de marins\",\"Histoire\",\"Vie du club\"],\"inLanguage\":\"fr-FR\",\"potentialAction\":[{\"@type\":\"CommentAction\",\"name\":\"Comment\",\"target\":[\"https:\\\/\\\/caen-yacht-club.com\\\/web\\\/le-80eme-au-caen-yacht-club\\\/#respond\"]}]},{\"@type\":\"WebPage\",\"@id\":\"https:\\\/\\\/caen-yacht-club.com\\\/web\\\/le-80eme-au-caen-yacht-club\\\/\",\"url\":\"https:\\\/\\\/caen-yacht-club.com\\\/web\\\/le-80eme-au-caen-yacht-club\\\/\",\"name\":\"Caen Yacht Club Actualit\u00e9s\",\"isPartOf\":{\"@id\":\"https:\\\/\\\/caen-yacht-club.com\\\/web\\\/#website\"},\"primaryImageOfPage\":{\"@id\":\"https:\\\/\\\/caen-yacht-club.com\\\/web\\\/le-80eme-au-caen-yacht-club\\\/#primaryimage\"},\"image\":{\"@id\":\"https:\\\/\\\/caen-yacht-club.com\\\/web\\\/le-80eme-au-caen-yacht-club\\\/#primaryimage\"},\"thumbnailUrl\":\"https:\\\/\\\/i0.wp.com\\\/caen-yacht-club.com\\\/web\\\/wp-content\\\/uploads\\\/20240607_130519-scaled.jpg?fit=2560%2C1920&ssl=1\",\"datePublished\":\"2024-07-02T12:31:33+00:00\",\"dateModified\":\"2024-07-22T12:18:26+00:00\",\"description\":\"Les actualit\u00e9s et \u00e9v\u00e8nements du Caen Yacht Club. R\u00e9gates, Cours de voile, Conf\u00e9rences\",\"breadcrumb\":{\"@id\":\"https:\\\/\\\/caen-yacht-club.com\\\/web\\\/le-80eme-au-caen-yacht-club\\\/#breadcrumb\"},\"inLanguage\":\"fr-FR\",\"potentialAction\":[{\"@type\":\"ReadAction\",\"target\":[\"https:\\\/\\\/caen-yacht-club.com\\\/web\\\/le-80eme-au-caen-yacht-club\\\/\"]}]},{\"@type\":\"ImageObject\",\"inLanguage\":\"fr-FR\",\"@id\":\"https:\\\/\\\/caen-yacht-club.com\\\/web\\\/le-80eme-au-caen-yacht-club\\\/#primaryimage\",\"url\":\"https:\\\/\\\/i0.wp.com\\\/caen-yacht-club.com\\\/web\\\/wp-content\\\/uploads\\\/20240607_130519-scaled.jpg?fit=2560%2C1920&ssl=1\",\"contentUrl\":\"https:\\\/\\\/i0.wp.com\\\/caen-yacht-club.com\\\/web\\\/wp-content\\\/uploads\\\/20240607_130519-scaled.jpg?fit=2560%2C1920&ssl=1\",\"width\":2560,\"height\":1920,\"caption\":\"Rallye Neptune 80\"},{\"@type\":\"BreadcrumbList\",\"@id\":\"https:\\\/\\\/caen-yacht-club.com\\\/web\\\/le-80eme-au-caen-yacht-club\\\/#breadcrumb\",\"itemListElement\":[{\"@type\":\"ListItem\",\"position\":1,\"name\":\"Accueil\",\"item\":\"https:\\\/\\\/caen-yacht-club.com\\\/web\\\/\"},{\"@type\":\"ListItem\",\"position\":2,\"name\":\"Le 80\u00e8me au Caen Yacht Club\"}]},{\"@type\":\"WebSite\",\"@id\":\"https:\\\/\\\/caen-yacht-club.com\\\/web\\\/#website\",\"url\":\"https:\\\/\\\/caen-yacht-club.com\\\/web\\\/\",\"name\":\"Caen Yacht Club\",\"description\":\"Naviguez en ville\",\"publisher\":{\"@id\":\"https:\\\/\\\/caen-yacht-club.com\\\/web\\\/#organization\"},\"potentialAction\":[{\"@type\":\"SearchAction\",\"target\":{\"@type\":\"EntryPoint\",\"urlTemplate\":\"https:\\\/\\\/caen-yacht-club.com\\\/web\\\/?s={search_term_string}\"},\"query-input\":{\"@type\":\"PropertyValueSpecification\",\"valueRequired\":true,\"valueName\":\"search_term_string\"}}],\"inLanguage\":\"fr-FR\"},{\"@type\":\"Organization\",\"@id\":\"https:\\\/\\\/caen-yacht-club.com\\\/web\\\/#organization\",\"name\":\"Caen Yacht Club\",\"url\":\"https:\\\/\\\/caen-yacht-club.com\\\/web\\\/\",\"logo\":{\"@type\":\"ImageObject\",\"inLanguage\":\"fr-FR\",\"@id\":\"https:\\\/\\\/caen-yacht-club.com\\\/web\\\/#\\\/schema\\\/logo\\\/image\\\/\",\"url\":\"https:\\\/\\\/i0.wp.com\\\/caen-yacht-club.com\\\/web\\\/wp-content\\\/uploads\\\/2020\\\/03\\\/Logo_CYC_20170104-e1585662025871.png?fit=500%2C472&ssl=1\",\"contentUrl\":\"https:\\\/\\\/i0.wp.com\\\/caen-yacht-club.com\\\/web\\\/wp-content\\\/uploads\\\/2020\\\/03\\\/Logo_CYC_20170104-e1585662025871.png?fit=500%2C472&ssl=1\",\"width\":500,\"height\":472,\"caption\":\"Caen Yacht Club\"},\"image\":{\"@id\":\"https:\\\/\\\/caen-yacht-club.com\\\/web\\\/#\\\/schema\\\/logo\\\/image\\\/\"}},{\"@type\":\"Person\",\"@id\":\"https:\\\/\\\/caen-yacht-club.com\\\/web\\\/#\\\/schema\\\/person\\\/f9a03b75bf521efb5239cfedc3c69d33\",\"name\":\"Anne CHIVOT\",\"image\":{\"@type\":\"ImageObject\",\"inLanguage\":\"fr-FR\",\"@id\":\"https:\\\/\\\/secure.gravatar.com\\\/avatar\\\/aff550da7dd307e0b5382f28e47d29646c4c50f6dc46fcc2c311536e0b48acda?s=96&d=mm&r=g\",\"url\":\"https:\\\/\\\/secure.gravatar.com\\\/avatar\\\/aff550da7dd307e0b5382f28e47d29646c4c50f6dc46fcc2c311536e0b48acda?s=96&d=mm&r=g\",\"contentUrl\":\"https:\\\/\\\/secure.gravatar.com\\\/avatar\\\/aff550da7dd307e0b5382f28e47d29646c4c50f6dc46fcc2c311536e0b48acda?s=96&d=mm&r=g\",\"caption\":\"Anne CHIVOT\"},\"sameAs\":[\"https:\\\/\\\/www.facebook.com\\\/anne.chivot\\\/media_set?set=a.3971425726631&type=3\"],\"url\":\"https:\\\/\\\/caen-yacht-club.com\\\/web\\\/espace-membre\\\/?uid=301\"}]}<\/script>\n<!-- \/ Yoast SEO plugin. -->","yoast_head_json":{"title":"Caen Yacht Club Actualit\u00e9s","description":"Les actualit\u00e9s et \u00e9v\u00e8nements du Caen Yacht Club. R\u00e9gates, Cours de voile, Conf\u00e9rences","robots":{"index":"index","follow":"follow","max-snippet":"max-snippet:-1","max-image-preview":"max-image-preview:large","max-video-preview":"max-video-preview:-1"},"canonical":"https:\/\/caen-yacht-club.com\/web\/le-80eme-au-caen-yacht-club\/","og_locale":"fr_FR","og_type":"article","og_title":"Caen Yacht Club Actualit\u00e9s","og_description":"Les actualit\u00e9s et \u00e9v\u00e8nements du Caen Yacht Club. R\u00e9gates, Cours de voile, Conf\u00e9rences","og_url":"https:\/\/caen-yacht-club.com\/web\/le-80eme-au-caen-yacht-club\/","og_site_name":"Caen Yacht Club","article_author":"https:\/\/www.facebook.com\/anne.chivot\/media_set?set=a.3971425726631&type=3","article_published_time":"2024-07-02T12:31:33+00:00","article_modified_time":"2024-07-22T12:18:26+00:00","og_image":[{"width":2560,"height":1920,"url":"https:\/\/caen-yacht-club.com\/web\/wp-content\/uploads\/20240607_130519-scaled.jpg","type":"image\/jpeg"}],"author":"Anne CHIVOT","twitter_card":"summary_large_image","twitter_misc":{"\u00c9crit par":"Anne CHIVOT","Dur\u00e9e de lecture estim\u00e9e":"6 minutes"},"schema":{"@context":"https:\/\/schema.org","@graph":[{"@type":"NewsArticle","@id":"https:\/\/caen-yacht-club.com\/web\/le-80eme-au-caen-yacht-club\/#article","isPartOf":{"@id":"https:\/\/caen-yacht-club.com\/web\/le-80eme-au-caen-yacht-club\/"},"author":{"name":"Anne CHIVOT","@id":"https:\/\/caen-yacht-club.com\/web\/#\/schema\/person\/f9a03b75bf521efb5239cfedc3c69d33"},"headline":"Le 80\u00e8me au Caen Yacht Club","datePublished":"2024-07-02T12:31:33+00:00","dateModified":"2024-07-22T12:18:26+00:00","mainEntityOfPage":{"@id":"https:\/\/caen-yacht-club.com\/web\/le-80eme-au-caen-yacht-club\/"},"wordCount":1225,"commentCount":0,"publisher":{"@id":"https:\/\/caen-yacht-club.com\/web\/#organization"},"image":{"@id":"https:\/\/caen-yacht-club.com\/web\/le-80eme-au-caen-yacht-club\/#primaryimage"},"thumbnailUrl":"https:\/\/i0.wp.com\/caen-yacht-club.com\/web\/wp-content\/uploads\/20240607_130519-scaled.jpg?fit=2560%2C1920&ssl=1","articleSection":["Caen","Chants de marins","Histoire","Vie du club"],"inLanguage":"fr-FR","potentialAction":[{"@type":"CommentAction","name":"Comment","target":["https:\/\/caen-yacht-club.com\/web\/le-80eme-au-caen-yacht-club\/#respond"]}]},{"@type":"WebPage","@id":"https:\/\/caen-yacht-club.com\/web\/le-80eme-au-caen-yacht-club\/","url":"https:\/\/caen-yacht-club.com\/web\/le-80eme-au-caen-yacht-club\/","name":"Caen Yacht Club Actualit\u00e9s","isPartOf":{"@id":"https:\/\/caen-yacht-club.com\/web\/#website"},"primaryImageOfPage":{"@id":"https:\/\/caen-yacht-club.com\/web\/le-80eme-au-caen-yacht-club\/#primaryimage"},"image":{"@id":"https:\/\/caen-yacht-club.com\/web\/le-80eme-au-caen-yacht-club\/#primaryimage"},"thumbnailUrl":"https:\/\/i0.wp.com\/caen-yacht-club.com\/web\/wp-content\/uploads\/20240607_130519-scaled.jpg?fit=2560%2C1920&ssl=1","datePublished":"2024-07-02T12:31:33+00:00","dateModified":"2024-07-22T12:18:26+00:00","description":"Les actualit\u00e9s et \u00e9v\u00e8nements du Caen Yacht Club. R\u00e9gates, Cours de voile, Conf\u00e9rences","breadcrumb":{"@id":"https:\/\/caen-yacht-club.com\/web\/le-80eme-au-caen-yacht-club\/#breadcrumb"},"inLanguage":"fr-FR","potentialAction":[{"@type":"ReadAction","target":["https:\/\/caen-yacht-club.com\/web\/le-80eme-au-caen-yacht-club\/"]}]},{"@type":"ImageObject","inLanguage":"fr-FR","@id":"https:\/\/caen-yacht-club.com\/web\/le-80eme-au-caen-yacht-club\/#primaryimage","url":"https:\/\/i0.wp.com\/caen-yacht-club.com\/web\/wp-content\/uploads\/20240607_130519-scaled.jpg?fit=2560%2C1920&ssl=1","contentUrl":"https:\/\/i0.wp.com\/caen-yacht-club.com\/web\/wp-content\/uploads\/20240607_130519-scaled.jpg?fit=2560%2C1920&ssl=1","width":2560,"height":1920,"caption":"Rallye Neptune 80"},{"@type":"BreadcrumbList","@id":"https:\/\/caen-yacht-club.com\/web\/le-80eme-au-caen-yacht-club\/#breadcrumb","itemListElement":[{"@type":"ListItem","position":1,"name":"Accueil","item":"https:\/\/caen-yacht-club.com\/web\/"},{"@type":"ListItem","position":2,"name":"Le 80\u00e8me au Caen Yacht Club"}]},{"@type":"WebSite","@id":"https:\/\/caen-yacht-club.com\/web\/#website","url":"https:\/\/caen-yacht-club.com\/web\/","name":"Caen Yacht Club","description":"Naviguez en ville","publisher":{"@id":"https:\/\/caen-yacht-club.com\/web\/#organization"},"potentialAction":[{"@type":"SearchAction","target":{"@type":"EntryPoint","urlTemplate":"https:\/\/caen-yacht-club.com\/web\/?s={search_term_string}"},"query-input":{"@type":"PropertyValueSpecification","valueRequired":true,"valueName":"search_term_string"}}],"inLanguage":"fr-FR"},{"@type":"Organization","@id":"https:\/\/caen-yacht-club.com\/web\/#organization","name":"Caen Yacht Club","url":"https:\/\/caen-yacht-club.com\/web\/","logo":{"@type":"ImageObject","inLanguage":"fr-FR","@id":"https:\/\/caen-yacht-club.com\/web\/#\/schema\/logo\/image\/","url":"https:\/\/i0.wp.com\/caen-yacht-club.com\/web\/wp-content\/uploads\/2020\/03\/Logo_CYC_20170104-e1585662025871.png?fit=500%2C472&ssl=1","contentUrl":"https:\/\/i0.wp.com\/caen-yacht-club.com\/web\/wp-content\/uploads\/2020\/03\/Logo_CYC_20170104-e1585662025871.png?fit=500%2C472&ssl=1","width":500,"height":472,"caption":"Caen Yacht Club"},"image":{"@id":"https:\/\/caen-yacht-club.com\/web\/#\/schema\/logo\/image\/"}},{"@type":"Person","@id":"https:\/\/caen-yacht-club.com\/web\/#\/schema\/person\/f9a03b75bf521efb5239cfedc3c69d33","name":"Anne CHIVOT","image":{"@type":"ImageObject","inLanguage":"fr-FR","@id":"https:\/\/secure.gravatar.com\/avatar\/aff550da7dd307e0b5382f28e47d29646c4c50f6dc46fcc2c311536e0b48acda?s=96&d=mm&r=g","url":"https:\/\/secure.gravatar.com\/avatar\/aff550da7dd307e0b5382f28e47d29646c4c50f6dc46fcc2c311536e0b48acda?s=96&d=mm&r=g","contentUrl":"https:\/\/secure.gravatar.com\/avatar\/aff550da7dd307e0b5382f28e47d29646c4c50f6dc46fcc2c311536e0b48acda?s=96&d=mm&r=g","caption":"Anne CHIVOT"},"sameAs":["https:\/\/www.facebook.com\/anne.chivot\/media_set?set=a.3971425726631&type=3"],"url":"https:\/\/caen-yacht-club.com\/web\/espace-membre\/?uid=301"}]}},"jetpack_featured_media_url":"https:\/\/i0.wp.com\/caen-yacht-club.com\/web\/wp-content\/uploads\/20240607_130519-scaled.jpg?fit=2560%2C1920&ssl=1","jetpack_sharing_enabled":true,"jetpack_shortlink":"https:\/\/wp.me\/p7ppuD-3yj","jetpack-related-posts":[{"id":13511,"url":"https:\/\/caen-yacht-club.com\/web\/les-ports-du-calvados-cafe-maritime-du-jeudi-28-mars-2024\/","url_meta":{"origin":13659,"position":0},"title":"Les ports du Calvados. Caf\u00e9 Maritime du jeudi 28 mars 2024","author":"Anne CHIVOT","date":"19 mars 2024","format":false,"excerpt":"Pr\u00e9sentation de l\u2019organisation portuaire \u00e0 l\u2019\u00e9chelle de la fa\u00e7ade d\u00e9partementale. Antoine de Gouville, directeur des \u00c9quipements Portuaires de la CCI Caen Normandie et directeur G\u00e9n\u00e9ral de Ports du Calvados exposera la richesse des ports du Calvados lors d\u2019un caf\u00e9 maritime du Caen Yacht Club. Il d\u00e9crira leur diversit\u00e9 d\u2019Isigny-sur-Mer \u00e0\u2026","rel":"","context":"Dans &quot;Caen&quot;","block_context":{"text":"Caen","link":"https:\/\/caen-yacht-club.com\/web\/category\/caen\/"},"img":{"alt_text":"","src":"https:\/\/i0.wp.com\/caen-yacht-club.com\/web\/wp-content\/uploads\/CafMar.jpg?fit=1200%2C729&ssl=1&resize=350%2C200","width":350,"height":200,"srcset":"https:\/\/i0.wp.com\/caen-yacht-club.com\/web\/wp-content\/uploads\/CafMar.jpg?fit=1200%2C729&ssl=1&resize=350%2C200 1x, https:\/\/i0.wp.com\/caen-yacht-club.com\/web\/wp-content\/uploads\/CafMar.jpg?fit=1200%2C729&ssl=1&resize=525%2C300 1.5x, https:\/\/i0.wp.com\/caen-yacht-club.com\/web\/wp-content\/uploads\/CafMar.jpg?fit=1200%2C729&ssl=1&resize=700%2C400 2x, https:\/\/i0.wp.com\/caen-yacht-club.com\/web\/wp-content\/uploads\/CafMar.jpg?fit=1200%2C729&ssl=1&resize=1050%2C600 3x"},"classes":[]},{"id":13413,"url":"https:\/\/caen-yacht-club.com\/web\/le-programme-cimarconet-et-linscription-maritime-du-cotentincafe-maritime-du-jeudi-er-fevrier-2024\/","url_meta":{"origin":13659,"position":1},"title":"Le programme CIMARCONET et l&#8217;inscription maritime du Cotentin,&#8221;Caf\u00e9 Maritime&#8221; du jeudi 1er f\u00e9vrier 2024.","author":"Anne CHIVOT","date":"18 janvier 2024","format":false,"excerpt":"Depuis Colbert, le service de l\u2019Inscription maritime recense l\u2019ensemble des marins civils du territoire, quartier par quartier ; au fil des ann\u00e9es, ce qui n\u2019\u00e9tait qu\u2019un simple recensement annuel est devenu un recueil extr\u00eamement pr\u00e9cis des carri\u00e8res des marins, offrant une source inestimable pour l\u2019histoire sociale, d\u00e9mographique et \u00e9conomique des\u2026","rel":"","context":"Dans &quot;Actualit\u00e9&quot;","block_context":{"text":"Actualit\u00e9","link":"https:\/\/caen-yacht-club.com\/web\/category\/actualite\/"},"img":{"alt_text":"","src":"https:\/\/i0.wp.com\/caen-yacht-club.com\/web\/wp-content\/uploads\/marine-cherbourg0171-scaled.jpg?fit=803%2C1200&ssl=1&resize=350%2C200","width":350,"height":200,"srcset":"https:\/\/i0.wp.com\/caen-yacht-club.com\/web\/wp-content\/uploads\/marine-cherbourg0171-scaled.jpg?fit=803%2C1200&ssl=1&resize=350%2C200 1x, https:\/\/i0.wp.com\/caen-yacht-club.com\/web\/wp-content\/uploads\/marine-cherbourg0171-scaled.jpg?fit=803%2C1200&ssl=1&resize=525%2C300 1.5x, https:\/\/i0.wp.com\/caen-yacht-club.com\/web\/wp-content\/uploads\/marine-cherbourg0171-scaled.jpg?fit=803%2C1200&ssl=1&resize=700%2C400 2x"},"classes":[]},{"id":3504,"url":"https:\/\/caen-yacht-club.com\/web\/une-belle-journee-pour-les-enfants-de-lasptt-avec-le-cyc\/","url_meta":{"origin":13659,"position":2},"title":"Une belle journ\u00e9e pour les enfants de l&#8217;ASPTT avec le CYC","author":"Damien BULLET","date":"19 avril 2019","format":false,"excerpt":"Dans le cadre de la 8\u00e8me \u00e9dition du festival Multisports de l'Asptt CAEN, le Caen Yacht Club a accueilli mercredi 17 avril des 6-15 ans pour leur faire d\u00e9couvrir la navigation en J80. Cette journ\u00e9e a \u00e9t\u00e9 une r\u00e9ussite gr\u00e2ce \u00e0 l'investissement de Michel levannier, Michel noire et C\u00e9cile. 25\u2026","rel":"","context":"Dans &quot;Actualit\u00e9&quot;","block_context":{"text":"Actualit\u00e9","link":"https:\/\/caen-yacht-club.com\/web\/category\/actualite\/"},"img":{"alt_text":"","src":"https:\/\/i0.wp.com\/caen-yacht-club.com\/web\/wp-content\/uploads\/2019\/04\/IMG_3333FB.jpg?fit=1200%2C900&ssl=1&resize=350%2C200","width":350,"height":200,"srcset":"https:\/\/i0.wp.com\/caen-yacht-club.com\/web\/wp-content\/uploads\/2019\/04\/IMG_3333FB.jpg?fit=1200%2C900&ssl=1&resize=350%2C200 1x, https:\/\/i0.wp.com\/caen-yacht-club.com\/web\/wp-content\/uploads\/2019\/04\/IMG_3333FB.jpg?fit=1200%2C900&ssl=1&resize=525%2C300 1.5x, https:\/\/i0.wp.com\/caen-yacht-club.com\/web\/wp-content\/uploads\/2019\/04\/IMG_3333FB.jpg?fit=1200%2C900&ssl=1&resize=700%2C400 2x, https:\/\/i0.wp.com\/caen-yacht-club.com\/web\/wp-content\/uploads\/2019\/04\/IMG_3333FB.jpg?fit=1200%2C900&ssl=1&resize=1050%2C600 3x"},"classes":[]},{"id":11942,"url":"https:\/\/caen-yacht-club.com\/web\/le-caen-yacht-club-sera-present-au-forum-place-aux-assos-2\/","url_meta":{"origin":13659,"position":3},"title":"Caen Yacht Club au forum Place aux Assos","author":"Anne CHIVOT","date":"24 juin 2022","format":false,"excerpt":"Le Caen Yacht Club participe \u00e0 la 8\u00e8me \u00e9dition du forum des associations organis\u00e9 par la ville de Caen. Les adh\u00e9rents sont les meilleurs ambassadeurs de leur club ! Nous comptons sur vous pour pr\u00e9senter le Caen Yacht Club \u00e0 ses futurs adh\u00e9rents. Cette ann\u00e9e encore, Place aux Assos se\u2026","rel":"","context":"Dans &quot;Vie du club&quot;","block_context":{"text":"Vie du club","link":"https:\/\/caen-yacht-club.com\/web\/category\/vie-du-club\/"},"img":{"alt_text":"","src":"https:\/\/i0.wp.com\/caen-yacht-club.com\/web\/wp-content\/uploads\/FMANOR014V5404Q9_20220829120237_1.png?fit=600%2C450&ssl=1&resize=350%2C200","width":350,"height":200,"srcset":"https:\/\/i0.wp.com\/caen-yacht-club.com\/web\/wp-content\/uploads\/FMANOR014V5404Q9_20220829120237_1.png?fit=600%2C450&ssl=1&resize=350%2C200 1x, https:\/\/i0.wp.com\/caen-yacht-club.com\/web\/wp-content\/uploads\/FMANOR014V5404Q9_20220829120237_1.png?fit=600%2C450&ssl=1&resize=525%2C300 1.5x"},"classes":[]},{"id":10334,"url":"https:\/\/caen-yacht-club.com\/web\/8e-rallye-croisiere-du-calvados-organise-par-le-caen-yacht-club\/","url_meta":{"origin":13659,"position":4},"title":"8e Rallye Croisi\u00e8re du Calvados organis\u00e9 par le Caen Yacht Club","author":"Jean-Edouard","date":"10 juillet 2020","format":false,"excerpt":"Le 8e RCC \u00a0(Rallye Croisi\u00e8re du Calvados) du Caen Yacht Club aura lieu du 17 au 20 Septembre 2020.Cette ann\u00e9e, cap sur Le Havre pour 3 jours de navigation et de convivialit\u00e9 en mer, et \u00e0 terre. N\u2019h\u00e9sitez pas \u00e0 rejoindre l\u2019aventure !Skipper sans \u00e9quipage ? \u00c9quipier sans bateau ?\u2026","rel":"","context":"Dans &quot;Actualit\u00e9&quot;","block_context":{"text":"Actualit\u00e9","link":"https:\/\/caen-yacht-club.com\/web\/category\/actualite\/"},"img":{"alt_text":"","src":"https:\/\/i0.wp.com\/caen-yacht-club.com\/web\/wp-content\/uploads\/14C7CCF7-9F49-44DE-AB90-A742B45DCDFB.jpeg?fit=1176%2C883&ssl=1&resize=350%2C200","width":350,"height":200,"srcset":"https:\/\/i0.wp.com\/caen-yacht-club.com\/web\/wp-content\/uploads\/14C7CCF7-9F49-44DE-AB90-A742B45DCDFB.jpeg?fit=1176%2C883&ssl=1&resize=350%2C200 1x, https:\/\/i0.wp.com\/caen-yacht-club.com\/web\/wp-content\/uploads\/14C7CCF7-9F49-44DE-AB90-A742B45DCDFB.jpeg?fit=1176%2C883&ssl=1&resize=525%2C300 1.5x, https:\/\/i0.wp.com\/caen-yacht-club.com\/web\/wp-content\/uploads\/14C7CCF7-9F49-44DE-AB90-A742B45DCDFB.jpeg?fit=1176%2C883&ssl=1&resize=700%2C400 2x, https:\/\/i0.wp.com\/caen-yacht-club.com\/web\/wp-content\/uploads\/14C7CCF7-9F49-44DE-AB90-A742B45DCDFB.jpeg?fit=1176%2C883&ssl=1&resize=1050%2C600 3x"},"classes":[]},{"id":12414,"url":"https:\/\/caen-yacht-club.com\/web\/trois-normands-nous-racontent-leur-route-du-rhum-2022-cafe-maritime-du-jeudi-9-fevrier-2023\/","url_meta":{"origin":13659,"position":5},"title":"Trois normands nous racontent leur Route du Rhum 2022                                                          &#8220;Caf\u00e9 Maritime&#8221; du jeudi 9 f\u00e9vrier 2023.","author":"Anne CHIVOT","date":"31 janvier 2023","format":false,"excerpt":"Ce r\u00e9cit d'une des courses au large en solitaire les plus pris\u00e9es par les navigateurs, se fera \u00e0 3 voix \u00e0 la base nautique municipale Caen-Mondeville ! Pierre-Louis Attwell - Class40 FRA135 -Vogue avec un Crohn, Pierre Casenave-P\u00e9r\u00e9 - Class40 FRA145 - Legallais, Louis Duc - Imoca FRA172 - Fives-Lantana\u2026","rel":"","context":"Dans &quot;Actualit\u00e9&quot;","block_context":{"text":"Actualit\u00e9","link":"https:\/\/caen-yacht-club.com\/web\/category\/actualite\/"},"img":{"alt_text":"","src":"https:\/\/i0.wp.com\/caen-yacht-club.com\/web\/wp-content\/uploads\/Cafe-Maritime-du-Caen-Yacht-Club-def.jpg?fit=1200%2C712&ssl=1&resize=350%2C200","width":350,"height":200,"srcset":"https:\/\/i0.wp.com\/caen-yacht-club.com\/web\/wp-content\/uploads\/Cafe-Maritime-du-Caen-Yacht-Club-def.jpg?fit=1200%2C712&ssl=1&resize=350%2C200 1x, https:\/\/i0.wp.com\/caen-yacht-club.com\/web\/wp-content\/uploads\/Cafe-Maritime-du-Caen-Yacht-Club-def.jpg?fit=1200%2C712&ssl=1&resize=525%2C300 1.5x, https:\/\/i0.wp.com\/caen-yacht-club.com\/web\/wp-content\/uploads\/Cafe-Maritime-du-Caen-Yacht-Club-def.jpg?fit=1200%2C712&ssl=1&resize=700%2C400 2x, https:\/\/i0.wp.com\/caen-yacht-club.com\/web\/wp-content\/uploads\/Cafe-Maritime-du-Caen-Yacht-Club-def.jpg?fit=1200%2C712&ssl=1&resize=1050%2C600 3x"},"classes":[]}],"_links":{"self":[{"href":"https:\/\/caen-yacht-club.com\/web\/wp-json\/wp\/v2\/posts\/13659","targetHints":{"allow":["GET"]}}],"collection":[{"href":"https:\/\/caen-yacht-club.com\/web\/wp-json\/wp\/v2\/posts"}],"about":[{"href":"https:\/\/caen-yacht-club.com\/web\/wp-json\/wp\/v2\/types\/post"}],"author":[{"embeddable":true,"href":"https:\/\/caen-yacht-club.com\/web\/wp-json\/wp\/v2\/users\/301"}],"replies":[{"embeddable":true,"href":"https:\/\/caen-yacht-club.com\/web\/wp-json\/wp\/v2\/comments?post=13659"}],"version-history":[{"count":17,"href":"https:\/\/caen-yacht-club.com\/web\/wp-json\/wp\/v2\/posts\/13659\/revisions"}],"predecessor-version":[{"id":13689,"href":"https:\/\/caen-yacht-club.com\/web\/wp-json\/wp\/v2\/posts\/13659\/revisions\/13689"}],"wp:featuredmedia":[{"embeddable":true,"href":"https:\/\/caen-yacht-club.com\/web\/wp-json\/wp\/v2\/media\/13670"}],"wp:attachment":[{"href":"https:\/\/caen-yacht-club.com\/web\/wp-json\/wp\/v2\/media?parent=13659"}],"wp:term":[{"taxonomy":"category","embeddable":true,"href":"https:\/\/caen-yacht-club.com\/web\/wp-json\/wp\/v2\/categories?post=13659"},{"taxonomy":"post_tag","embeddable":true,"href":"https:\/\/caen-yacht-club.com\/web\/wp-json\/wp\/v2\/tags?post=13659"}],"curies":[{"name":"wp","href":"https:\/\/api.w.org\/{rel}","templated":true}]}}