{"id":13753,"date":"2025-02-01T14:55:49","date_gmt":"2025-02-01T13:55:49","guid":{"rendered":"https:\/\/caen-yacht-club.com\/web\/?p=13753"},"modified":"2025-04-25T15:08:29","modified_gmt":"2025-04-25T14:08:29","slug":"championnat-inter-clubs-habitable-au-caen-yacht-club-26-et-27-avril-2025","status":"publish","type":"post","link":"https:\/\/caen-yacht-club.com\/web\/championnat-inter-clubs-habitable-au-caen-yacht-club-26-et-27-avril-2025\/","title":{"rendered":"Championnat Inter Clubs Habitable au Caen Yacht Club 26 et 27 avril 2025"},"content":{"rendered":"\n<p><span style=\"font-size: 16px; color: #333333;\">Le <strong>Caen Yacht Club<\/strong> organise une \u00e9tape du <strong>CICH les 26 et 27 avril 2025.<\/strong><\/span><\/p>\n\n\n\n<p>Venez d\u00e9couvrir les plans d&#8217;eau caennais et r\u00e9gater au d\u00e9part de la base nautique B. G\u00e9nard \u00e0 Caen.<strong>&nbsp;<\/strong><\/p>\n\n\n\n<ul class=\"wp-block-list\">\n<li><strong><a href=\"https:\/\/caen-yacht-club.com\/web\/wp-content\/uploads\/Avis-de-Course-20251.docx-1.pdf\">Avis de course<\/a><\/strong><\/li>\n\n\n\n<li><strong>Paiement<\/strong> via <a href=\"https:\/\/www.helloasso.com\/associations\/caen-yacht-club\/evenements\/cich-a-caen-1\">Hello Asso<\/a><\/li>\n\n\n\n<li><strong><a href=\"https:\/\/caen-yacht-club.com\/web\/wp-content\/uploads\/Avis-de-Course-20251.docx-1.pdf\">Instructions de course<\/a><\/strong> <\/li>\n\n\n\n<li><strong>Possibilit\u00e9 d&#8217;h\u00e9bergement <\/strong>\u00e0 proximit\u00e9 en chambres-dortoir\n<ul class=\"wp-block-list\">\n<li><a href=\"https:\/\/www.thepeoplehostel.com\/fr\/destinations\/caen\/\">https:\/\/www.thepeoplehostel.com\/fr\/destinations\/caen\/<\/a><\/li>\n<\/ul>\n<\/li>\n<\/ul>\n\n\n\n<pre class=\"wp-block-preformatted\"><span style=\"font-family: arial, helvetica, sans-serif; font-size: 16px; color: #333333;\">Renseignements aupr\u00e8s du secr\u00e9tariat. <\/span><br><span style=\"font-family: arial, helvetica, sans-serif; font-size: 16px; color: #333333;\"><strong>02 31 28 58 46<\/strong>&nbsp; - <a style=\"color: #333333;\" href=\"mailto:cyc.secretariat@gmail.com\">cyc.secretariat@gmail.com<\/a><\/span><br><\/pre>\n\n\n\n<div class=\"wp-block-columns is-layout-flex wp-container-core-columns-is-layout-9d6595d7 wp-block-columns-is-layout-flex\">\n<div class=\"wp-block-column is-layout-flow wp-block-column-is-layout-flow\" style=\"flex-basis:100%\">\n<div class=\"wp-block-buttons is-content-justification-center is-layout-flex wp-container-core-buttons-is-layout-16018d1d wp-block-buttons-is-layout-flex\">\n<div class=\"wp-block-button is-style-fill\"><a class=\"wp-block-button__link wp-element-button\" href=\"https:\/\/docs.google.com\/spreadsheets\/d\/1KbsKC8rq9cwlCJJYC-ZBGQ3JoPLfmh685VZZNnlUa7Q\/edit?usp=sharing\" target=\"_blank\" rel=\"noreferrer noopener\">Equipages inscrits<\/a><\/div>\n<\/div>\n<\/div>\n<\/div>\n\n\n","protected":false},"excerpt":{"rendered":"<p>Le Caen Yacht Club organise une \u00e9tape du CICH les 26 et 27 avril 2025. Venez d\u00e9couvrir les plans d&#8217;eau caennais et r\u00e9gater au d\u00e9part de&#8230;<\/p>\n","protected":false},"author":301,"featured_media":13756,"comment_status":"open","ping_status":"open","sticky":true,"template":"","format":"standard","meta":{"_exactmetrics_skip_tracking":false,"_exactmetrics_sitenote_active":false,"_exactmetrics_sitenote_note":"","_exactmetrics_sitenote_category":0,"jetpack_post_was_ever_published":false,"_jetpack_newsletter_access":"","_jetpack_dont_email_post_to_subs":false,"_jetpack_newsletter_tier_id":0,"_jetpack_memberships_contains_paywalled_content":false,"_jetpack_memberships_contains_paid_content":false,"footnotes":""},"categories":[1,279,9,69,57],"tags":[4,13],"class_list":["post-13753","post","type-post","status-publish","format-standard","has-post-thumbnail","hentry","category-actualite","category-caen","category-ecole-j80","category-regate","category-vie-du-club","tag-j80","tag-regate"],"yoast_head":"<!-- This site is optimized with the Yoast SEO plugin v27.5 - https:\/\/yoast.com\/product\/yoast-seo-wordpress\/ -->\n<title>Caen Yacht Club Actualit\u00e9s<\/title>\n<meta name=\"description\" content=\"Les actualit\u00e9s et \u00e9v\u00e8nements du Caen Yacht Club. R\u00e9gates, Cours de voile, Conf\u00e9rences\" \/>\n<meta name=\"robots\" content=\"index, follow, max-snippet:-1, max-image-preview:large, max-video-preview:-1\" \/>\n<link rel=\"canonical\" href=\"https:\/\/caen-yacht-club.com\/web\/championnat-inter-clubs-habitable-au-caen-yacht-club-26-et-27-avril-2025\/\" \/>\n<meta property=\"og:locale\" content=\"fr_FR\" \/>\n<meta property=\"og:type\" content=\"article\" \/>\n<meta property=\"og:title\" content=\"Caen Yacht Club Actualit\u00e9s\" \/>\n<meta property=\"og:description\" content=\"Les actualit\u00e9s et \u00e9v\u00e8nements du Caen Yacht Club. R\u00e9gates, Cours de voile, Conf\u00e9rences\" \/>\n<meta property=\"og:url\" content=\"https:\/\/caen-yacht-club.com\/web\/championnat-inter-clubs-habitable-au-caen-yacht-club-26-et-27-avril-2025\/\" \/>\n<meta property=\"og:site_name\" content=\"Caen Yacht Club\" \/>\n<meta property=\"article:author\" content=\"https:\/\/www.facebook.com\/anne.chivot\/media_set?set=a.3971425726631&amp;type=3\" \/>\n<meta property=\"article:published_time\" content=\"2025-02-01T13:55:49+00:00\" \/>\n<meta property=\"article:modified_time\" content=\"2025-04-25T14:08:29+00:00\" \/>\n<meta property=\"og:image\" content=\"https:\/\/caen-yacht-club.com\/web\/wp-content\/uploads\/PHOTO-2023-11-12-18-02-27-3-1.jpg\" \/>\n\t<meta property=\"og:image:width\" content=\"640\" \/>\n\t<meta property=\"og:image:height\" content=\"426\" \/>\n\t<meta property=\"og:image:type\" content=\"image\/jpeg\" \/>\n<meta name=\"author\" content=\"Anne CHIVOT\" \/>\n<meta name=\"twitter:card\" content=\"summary_large_image\" \/>\n<meta name=\"twitter:label1\" content=\"\u00c9crit par\" \/>\n\t<meta name=\"twitter:data1\" content=\"Anne CHIVOT\" \/>\n\t<meta name=\"twitter:label2\" content=\"Dur\u00e9e de lecture estim\u00e9e\" \/>\n\t<meta name=\"twitter:data2\" content=\"1 minute\" \/>\n<script type=\"application\/ld+json\" class=\"yoast-schema-graph\">{\"@context\":\"https:\\\/\\\/schema.org\",\"@graph\":[{\"@type\":\"NewsArticle\",\"@id\":\"https:\\\/\\\/caen-yacht-club.com\\\/web\\\/championnat-inter-clubs-habitable-au-caen-yacht-club-26-et-27-avril-2025\\\/#article\",\"isPartOf\":{\"@id\":\"https:\\\/\\\/caen-yacht-club.com\\\/web\\\/championnat-inter-clubs-habitable-au-caen-yacht-club-26-et-27-avril-2025\\\/\"},\"author\":{\"name\":\"Anne CHIVOT\",\"@id\":\"https:\\\/\\\/caen-yacht-club.com\\\/web\\\/#\\\/schema\\\/person\\\/f9a03b75bf521efb5239cfedc3c69d33\"},\"headline\":\"Championnat Inter Clubs Habitable au Caen Yacht Club 26 et 27 avril 2025\",\"datePublished\":\"2025-02-01T13:55:49+00:00\",\"dateModified\":\"2025-04-25T14:08:29+00:00\",\"mainEntityOfPage\":{\"@id\":\"https:\\\/\\\/caen-yacht-club.com\\\/web\\\/championnat-inter-clubs-habitable-au-caen-yacht-club-26-et-27-avril-2025\\\/\"},\"wordCount\":69,\"commentCount\":0,\"publisher\":{\"@id\":\"https:\\\/\\\/caen-yacht-club.com\\\/web\\\/#organization\"},\"image\":{\"@id\":\"https:\\\/\\\/caen-yacht-club.com\\\/web\\\/championnat-inter-clubs-habitable-au-caen-yacht-club-26-et-27-avril-2025\\\/#primaryimage\"},\"thumbnailUrl\":\"https:\\\/\\\/i0.wp.com\\\/caen-yacht-club.com\\\/web\\\/wp-content\\\/uploads\\\/PHOTO-2023-11-12-18-02-27-3-1.jpg?fit=640%2C426&ssl=1\",\"keywords\":[\"J80\",\"r\u00e9gate\"],\"articleSection\":[\"Actualit\u00e9\",\"Caen\",\"Ecole J80\",\"R\u00e9gate\",\"Vie du club\"],\"inLanguage\":\"fr-FR\",\"potentialAction\":[{\"@type\":\"CommentAction\",\"name\":\"Comment\",\"target\":[\"https:\\\/\\\/caen-yacht-club.com\\\/web\\\/championnat-inter-clubs-habitable-au-caen-yacht-club-26-et-27-avril-2025\\\/#respond\"]}]},{\"@type\":\"WebPage\",\"@id\":\"https:\\\/\\\/caen-yacht-club.com\\\/web\\\/championnat-inter-clubs-habitable-au-caen-yacht-club-26-et-27-avril-2025\\\/\",\"url\":\"https:\\\/\\\/caen-yacht-club.com\\\/web\\\/championnat-inter-clubs-habitable-au-caen-yacht-club-26-et-27-avril-2025\\\/\",\"name\":\"Caen Yacht Club Actualit\u00e9s\",\"isPartOf\":{\"@id\":\"https:\\\/\\\/caen-yacht-club.com\\\/web\\\/#website\"},\"primaryImageOfPage\":{\"@id\":\"https:\\\/\\\/caen-yacht-club.com\\\/web\\\/championnat-inter-clubs-habitable-au-caen-yacht-club-26-et-27-avril-2025\\\/#primaryimage\"},\"image\":{\"@id\":\"https:\\\/\\\/caen-yacht-club.com\\\/web\\\/championnat-inter-clubs-habitable-au-caen-yacht-club-26-et-27-avril-2025\\\/#primaryimage\"},\"thumbnailUrl\":\"https:\\\/\\\/i0.wp.com\\\/caen-yacht-club.com\\\/web\\\/wp-content\\\/uploads\\\/PHOTO-2023-11-12-18-02-27-3-1.jpg?fit=640%2C426&ssl=1\",\"datePublished\":\"2025-02-01T13:55:49+00:00\",\"dateModified\":\"2025-04-25T14:08:29+00:00\",\"description\":\"Les actualit\u00e9s et \u00e9v\u00e8nements du Caen Yacht Club. R\u00e9gates, Cours de voile, Conf\u00e9rences\",\"breadcrumb\":{\"@id\":\"https:\\\/\\\/caen-yacht-club.com\\\/web\\\/championnat-inter-clubs-habitable-au-caen-yacht-club-26-et-27-avril-2025\\\/#breadcrumb\"},\"inLanguage\":\"fr-FR\",\"potentialAction\":[{\"@type\":\"ReadAction\",\"target\":[\"https:\\\/\\\/caen-yacht-club.com\\\/web\\\/championnat-inter-clubs-habitable-au-caen-yacht-club-26-et-27-avril-2025\\\/\"]}]},{\"@type\":\"ImageObject\",\"inLanguage\":\"fr-FR\",\"@id\":\"https:\\\/\\\/caen-yacht-club.com\\\/web\\\/championnat-inter-clubs-habitable-au-caen-yacht-club-26-et-27-avril-2025\\\/#primaryimage\",\"url\":\"https:\\\/\\\/i0.wp.com\\\/caen-yacht-club.com\\\/web\\\/wp-content\\\/uploads\\\/PHOTO-2023-11-12-18-02-27-3-1.jpg?fit=640%2C426&ssl=1\",\"contentUrl\":\"https:\\\/\\\/i0.wp.com\\\/caen-yacht-club.com\\\/web\\\/wp-content\\\/uploads\\\/PHOTO-2023-11-12-18-02-27-3-1.jpg?fit=640%2C426&ssl=1\",\"width\":640,\"height\":426},{\"@type\":\"BreadcrumbList\",\"@id\":\"https:\\\/\\\/caen-yacht-club.com\\\/web\\\/championnat-inter-clubs-habitable-au-caen-yacht-club-26-et-27-avril-2025\\\/#breadcrumb\",\"itemListElement\":[{\"@type\":\"ListItem\",\"position\":1,\"name\":\"Accueil\",\"item\":\"https:\\\/\\\/caen-yacht-club.com\\\/web\\\/\"},{\"@type\":\"ListItem\",\"position\":2,\"name\":\"Championnat Inter Clubs Habitable au Caen Yacht Club 26 et 27 avril 2025\"}]},{\"@type\":\"WebSite\",\"@id\":\"https:\\\/\\\/caen-yacht-club.com\\\/web\\\/#website\",\"url\":\"https:\\\/\\\/caen-yacht-club.com\\\/web\\\/\",\"name\":\"Caen Yacht Club\",\"description\":\"Naviguez en ville\",\"publisher\":{\"@id\":\"https:\\\/\\\/caen-yacht-club.com\\\/web\\\/#organization\"},\"potentialAction\":[{\"@type\":\"SearchAction\",\"target\":{\"@type\":\"EntryPoint\",\"urlTemplate\":\"https:\\\/\\\/caen-yacht-club.com\\\/web\\\/?s={search_term_string}\"},\"query-input\":{\"@type\":\"PropertyValueSpecification\",\"valueRequired\":true,\"valueName\":\"search_term_string\"}}],\"inLanguage\":\"fr-FR\"},{\"@type\":\"Organization\",\"@id\":\"https:\\\/\\\/caen-yacht-club.com\\\/web\\\/#organization\",\"name\":\"Caen Yacht Club\",\"url\":\"https:\\\/\\\/caen-yacht-club.com\\\/web\\\/\",\"logo\":{\"@type\":\"ImageObject\",\"inLanguage\":\"fr-FR\",\"@id\":\"https:\\\/\\\/caen-yacht-club.com\\\/web\\\/#\\\/schema\\\/logo\\\/image\\\/\",\"url\":\"https:\\\/\\\/i0.wp.com\\\/caen-yacht-club.com\\\/web\\\/wp-content\\\/uploads\\\/2020\\\/03\\\/Logo_CYC_20170104-e1585662025871.png?fit=500%2C472&ssl=1\",\"contentUrl\":\"https:\\\/\\\/i0.wp.com\\\/caen-yacht-club.com\\\/web\\\/wp-content\\\/uploads\\\/2020\\\/03\\\/Logo_CYC_20170104-e1585662025871.png?fit=500%2C472&ssl=1\",\"width\":500,\"height\":472,\"caption\":\"Caen Yacht Club\"},\"image\":{\"@id\":\"https:\\\/\\\/caen-yacht-club.com\\\/web\\\/#\\\/schema\\\/logo\\\/image\\\/\"}},{\"@type\":\"Person\",\"@id\":\"https:\\\/\\\/caen-yacht-club.com\\\/web\\\/#\\\/schema\\\/person\\\/f9a03b75bf521efb5239cfedc3c69d33\",\"name\":\"Anne CHIVOT\",\"image\":{\"@type\":\"ImageObject\",\"inLanguage\":\"fr-FR\",\"@id\":\"https:\\\/\\\/secure.gravatar.com\\\/avatar\\\/aff550da7dd307e0b5382f28e47d29646c4c50f6dc46fcc2c311536e0b48acda?s=96&d=mm&r=g\",\"url\":\"https:\\\/\\\/secure.gravatar.com\\\/avatar\\\/aff550da7dd307e0b5382f28e47d29646c4c50f6dc46fcc2c311536e0b48acda?s=96&d=mm&r=g\",\"contentUrl\":\"https:\\\/\\\/secure.gravatar.com\\\/avatar\\\/aff550da7dd307e0b5382f28e47d29646c4c50f6dc46fcc2c311536e0b48acda?s=96&d=mm&r=g\",\"caption\":\"Anne CHIVOT\"},\"sameAs\":[\"https:\\\/\\\/www.facebook.com\\\/anne.chivot\\\/media_set?set=a.3971425726631&type=3\"],\"url\":\"https:\\\/\\\/caen-yacht-club.com\\\/web\\\/espace-membre\\\/?uid=301\"}]}<\/script>\n<!-- \/ Yoast SEO plugin. -->","yoast_head_json":{"title":"Caen Yacht Club Actualit\u00e9s","description":"Les actualit\u00e9s et \u00e9v\u00e8nements du Caen Yacht Club. R\u00e9gates, Cours de voile, Conf\u00e9rences","robots":{"index":"index","follow":"follow","max-snippet":"max-snippet:-1","max-image-preview":"max-image-preview:large","max-video-preview":"max-video-preview:-1"},"canonical":"https:\/\/caen-yacht-club.com\/web\/championnat-inter-clubs-habitable-au-caen-yacht-club-26-et-27-avril-2025\/","og_locale":"fr_FR","og_type":"article","og_title":"Caen Yacht Club Actualit\u00e9s","og_description":"Les actualit\u00e9s et \u00e9v\u00e8nements du Caen Yacht Club. R\u00e9gates, Cours de voile, Conf\u00e9rences","og_url":"https:\/\/caen-yacht-club.com\/web\/championnat-inter-clubs-habitable-au-caen-yacht-club-26-et-27-avril-2025\/","og_site_name":"Caen Yacht Club","article_author":"https:\/\/www.facebook.com\/anne.chivot\/media_set?set=a.3971425726631&type=3","article_published_time":"2025-02-01T13:55:49+00:00","article_modified_time":"2025-04-25T14:08:29+00:00","og_image":[{"width":640,"height":426,"url":"https:\/\/caen-yacht-club.com\/web\/wp-content\/uploads\/PHOTO-2023-11-12-18-02-27-3-1.jpg","type":"image\/jpeg"}],"author":"Anne CHIVOT","twitter_card":"summary_large_image","twitter_misc":{"\u00c9crit par":"Anne CHIVOT","Dur\u00e9e de lecture estim\u00e9e":"1 minute"},"schema":{"@context":"https:\/\/schema.org","@graph":[{"@type":"NewsArticle","@id":"https:\/\/caen-yacht-club.com\/web\/championnat-inter-clubs-habitable-au-caen-yacht-club-26-et-27-avril-2025\/#article","isPartOf":{"@id":"https:\/\/caen-yacht-club.com\/web\/championnat-inter-clubs-habitable-au-caen-yacht-club-26-et-27-avril-2025\/"},"author":{"name":"Anne CHIVOT","@id":"https:\/\/caen-yacht-club.com\/web\/#\/schema\/person\/f9a03b75bf521efb5239cfedc3c69d33"},"headline":"Championnat Inter Clubs Habitable au Caen Yacht Club 26 et 27 avril 2025","datePublished":"2025-02-01T13:55:49+00:00","dateModified":"2025-04-25T14:08:29+00:00","mainEntityOfPage":{"@id":"https:\/\/caen-yacht-club.com\/web\/championnat-inter-clubs-habitable-au-caen-yacht-club-26-et-27-avril-2025\/"},"wordCount":69,"commentCount":0,"publisher":{"@id":"https:\/\/caen-yacht-club.com\/web\/#organization"},"image":{"@id":"https:\/\/caen-yacht-club.com\/web\/championnat-inter-clubs-habitable-au-caen-yacht-club-26-et-27-avril-2025\/#primaryimage"},"thumbnailUrl":"https:\/\/i0.wp.com\/caen-yacht-club.com\/web\/wp-content\/uploads\/PHOTO-2023-11-12-18-02-27-3-1.jpg?fit=640%2C426&ssl=1","keywords":["J80","r\u00e9gate"],"articleSection":["Actualit\u00e9","Caen","Ecole J80","R\u00e9gate","Vie du club"],"inLanguage":"fr-FR","potentialAction":[{"@type":"CommentAction","name":"Comment","target":["https:\/\/caen-yacht-club.com\/web\/championnat-inter-clubs-habitable-au-caen-yacht-club-26-et-27-avril-2025\/#respond"]}]},{"@type":"WebPage","@id":"https:\/\/caen-yacht-club.com\/web\/championnat-inter-clubs-habitable-au-caen-yacht-club-26-et-27-avril-2025\/","url":"https:\/\/caen-yacht-club.com\/web\/championnat-inter-clubs-habitable-au-caen-yacht-club-26-et-27-avril-2025\/","name":"Caen Yacht Club Actualit\u00e9s","isPartOf":{"@id":"https:\/\/caen-yacht-club.com\/web\/#website"},"primaryImageOfPage":{"@id":"https:\/\/caen-yacht-club.com\/web\/championnat-inter-clubs-habitable-au-caen-yacht-club-26-et-27-avril-2025\/#primaryimage"},"image":{"@id":"https:\/\/caen-yacht-club.com\/web\/championnat-inter-clubs-habitable-au-caen-yacht-club-26-et-27-avril-2025\/#primaryimage"},"thumbnailUrl":"https:\/\/i0.wp.com\/caen-yacht-club.com\/web\/wp-content\/uploads\/PHOTO-2023-11-12-18-02-27-3-1.jpg?fit=640%2C426&ssl=1","datePublished":"2025-02-01T13:55:49+00:00","dateModified":"2025-04-25T14:08:29+00:00","description":"Les actualit\u00e9s et \u00e9v\u00e8nements du Caen Yacht Club. R\u00e9gates, Cours de voile, Conf\u00e9rences","breadcrumb":{"@id":"https:\/\/caen-yacht-club.com\/web\/championnat-inter-clubs-habitable-au-caen-yacht-club-26-et-27-avril-2025\/#breadcrumb"},"inLanguage":"fr-FR","potentialAction":[{"@type":"ReadAction","target":["https:\/\/caen-yacht-club.com\/web\/championnat-inter-clubs-habitable-au-caen-yacht-club-26-et-27-avril-2025\/"]}]},{"@type":"ImageObject","inLanguage":"fr-FR","@id":"https:\/\/caen-yacht-club.com\/web\/championnat-inter-clubs-habitable-au-caen-yacht-club-26-et-27-avril-2025\/#primaryimage","url":"https:\/\/i0.wp.com\/caen-yacht-club.com\/web\/wp-content\/uploads\/PHOTO-2023-11-12-18-02-27-3-1.jpg?fit=640%2C426&ssl=1","contentUrl":"https:\/\/i0.wp.com\/caen-yacht-club.com\/web\/wp-content\/uploads\/PHOTO-2023-11-12-18-02-27-3-1.jpg?fit=640%2C426&ssl=1","width":640,"height":426},{"@type":"BreadcrumbList","@id":"https:\/\/caen-yacht-club.com\/web\/championnat-inter-clubs-habitable-au-caen-yacht-club-26-et-27-avril-2025\/#breadcrumb","itemListElement":[{"@type":"ListItem","position":1,"name":"Accueil","item":"https:\/\/caen-yacht-club.com\/web\/"},{"@type":"ListItem","position":2,"name":"Championnat Inter Clubs Habitable au Caen Yacht Club 26 et 27 avril 2025"}]},{"@type":"WebSite","@id":"https:\/\/caen-yacht-club.com\/web\/#website","url":"https:\/\/caen-yacht-club.com\/web\/","name":"Caen Yacht Club","description":"Naviguez en ville","publisher":{"@id":"https:\/\/caen-yacht-club.com\/web\/#organization"},"potentialAction":[{"@type":"SearchAction","target":{"@type":"EntryPoint","urlTemplate":"https:\/\/caen-yacht-club.com\/web\/?s={search_term_string}"},"query-input":{"@type":"PropertyValueSpecification","valueRequired":true,"valueName":"search_term_string"}}],"inLanguage":"fr-FR"},{"@type":"Organization","@id":"https:\/\/caen-yacht-club.com\/web\/#organization","name":"Caen Yacht Club","url":"https:\/\/caen-yacht-club.com\/web\/","logo":{"@type":"ImageObject","inLanguage":"fr-FR","@id":"https:\/\/caen-yacht-club.com\/web\/#\/schema\/logo\/image\/","url":"https:\/\/i0.wp.com\/caen-yacht-club.com\/web\/wp-content\/uploads\/2020\/03\/Logo_CYC_20170104-e1585662025871.png?fit=500%2C472&ssl=1","contentUrl":"https:\/\/i0.wp.com\/caen-yacht-club.com\/web\/wp-content\/uploads\/2020\/03\/Logo_CYC_20170104-e1585662025871.png?fit=500%2C472&ssl=1","width":500,"height":472,"caption":"Caen Yacht Club"},"image":{"@id":"https:\/\/caen-yacht-club.com\/web\/#\/schema\/logo\/image\/"}},{"@type":"Person","@id":"https:\/\/caen-yacht-club.com\/web\/#\/schema\/person\/f9a03b75bf521efb5239cfedc3c69d33","name":"Anne CHIVOT","image":{"@type":"ImageObject","inLanguage":"fr-FR","@id":"https:\/\/secure.gravatar.com\/avatar\/aff550da7dd307e0b5382f28e47d29646c4c50f6dc46fcc2c311536e0b48acda?s=96&d=mm&r=g","url":"https:\/\/secure.gravatar.com\/avatar\/aff550da7dd307e0b5382f28e47d29646c4c50f6dc46fcc2c311536e0b48acda?s=96&d=mm&r=g","contentUrl":"https:\/\/secure.gravatar.com\/avatar\/aff550da7dd307e0b5382f28e47d29646c4c50f6dc46fcc2c311536e0b48acda?s=96&d=mm&r=g","caption":"Anne CHIVOT"},"sameAs":["https:\/\/www.facebook.com\/anne.chivot\/media_set?set=a.3971425726631&type=3"],"url":"https:\/\/caen-yacht-club.com\/web\/espace-membre\/?uid=301"}]}},"jetpack_featured_media_url":"https:\/\/i0.wp.com\/caen-yacht-club.com\/web\/wp-content\/uploads\/PHOTO-2023-11-12-18-02-27-3-1.jpg?fit=640%2C426&ssl=1","jetpack_sharing_enabled":true,"jetpack_shortlink":"https:\/\/wp.me\/p7ppuD-3zP","jetpack-related-posts":[{"id":12273,"url":"https:\/\/caen-yacht-club.com\/web\/defi-sportif-en-partenariat-avec-lentente-nautique-caennaise\/","url_meta":{"origin":13753,"position":0},"title":"Nage &#038; Voile ! D\u00e9fi sportif en partenariat avec l&#8217;Entente Nautique Caennaise.","author":"Anne CHIVOT","date":"29 novembre 2022","format":false,"excerpt":"En partenariat avec l'Entente Nautique Caennaise, nous vous proposons un d\u00e9fi sportif et convivial \u00e0 la d\u00e9couverte du nautisme pour les adh\u00e9rents de l\u2019Entente Nautique Caennaise et de la natation course pour les adh\u00e9rents du Caen Yacht Club. Une id\u00e9e commune : D\u00e9couvrir un nouveau sport dans la bonne humeur\u2026","rel":"","context":"Dans &quot;Actualit\u00e9&quot;","block_context":{"text":"Actualit\u00e9","link":"https:\/\/caen-yacht-club.com\/web\/category\/actualite\/"},"img":{"alt_text":"","src":"https:\/\/i0.wp.com\/caen-yacht-club.com\/web\/wp-content\/uploads\/ENC-1.jpg?fit=1200%2C569&ssl=1&resize=350%2C200","width":350,"height":200,"srcset":"https:\/\/i0.wp.com\/caen-yacht-club.com\/web\/wp-content\/uploads\/ENC-1.jpg?fit=1200%2C569&ssl=1&resize=350%2C200 1x, https:\/\/i0.wp.com\/caen-yacht-club.com\/web\/wp-content\/uploads\/ENC-1.jpg?fit=1200%2C569&ssl=1&resize=525%2C300 1.5x, https:\/\/i0.wp.com\/caen-yacht-club.com\/web\/wp-content\/uploads\/ENC-1.jpg?fit=1200%2C569&ssl=1&resize=700%2C400 2x, https:\/\/i0.wp.com\/caen-yacht-club.com\/web\/wp-content\/uploads\/ENC-1.jpg?fit=1200%2C569&ssl=1&resize=1050%2C600 3x"},"classes":[]},{"id":12903,"url":"https:\/\/caen-yacht-club.com\/web\/women-leading-sailing-match-racing-au-caen-yacht-club-les-11-et-12-novembre-2023\/","url_meta":{"origin":13753,"position":1},"title":"Women Leading &#038; Sailing &#8211; Match-racing au Caen Yacht Club les 11 et 12 novembre 2023","author":"Anne CHIVOT","date":"26 juillet 2023","format":false,"excerpt":"Le Caen Yacht Club organise la derni\u00e8re \u00e9tape du WLS 2023 en match-racing les 11 et 12 novembre 2023. Venez d\u00e9couvrir les plans d'eau caennais et r\u00e9gater en match-racing au d\u00e9part de la base nautique B. G\u00e9nard \u00e0 Caen.\u00a0 Possibilit\u00e9 d'entra\u00eenement vendredi 10 novembre, r\u00e9servez votre cr\u00e9neau ! Avis de\u2026","rel":"","context":"Dans &quot;Actualit\u00e9&quot;","block_context":{"text":"Actualit\u00e9","link":"https:\/\/caen-yacht-club.com\/web\/category\/actualite\/"},"img":{"alt_text":"","src":"https:\/\/i0.wp.com\/caen-yacht-club.com\/web\/wp-content\/uploads\/Illustration-site.jpg?fit=1200%2C729&ssl=1&resize=350%2C200","width":350,"height":200,"srcset":"https:\/\/i0.wp.com\/caen-yacht-club.com\/web\/wp-content\/uploads\/Illustration-site.jpg?fit=1200%2C729&ssl=1&resize=350%2C200 1x, https:\/\/i0.wp.com\/caen-yacht-club.com\/web\/wp-content\/uploads\/Illustration-site.jpg?fit=1200%2C729&ssl=1&resize=525%2C300 1.5x, https:\/\/i0.wp.com\/caen-yacht-club.com\/web\/wp-content\/uploads\/Illustration-site.jpg?fit=1200%2C729&ssl=1&resize=700%2C400 2x, https:\/\/i0.wp.com\/caen-yacht-club.com\/web\/wp-content\/uploads\/Illustration-site.jpg?fit=1200%2C729&ssl=1&resize=1050%2C600 3x"},"classes":[]},{"id":13694,"url":"https:\/\/caen-yacht-club.com\/web\/women-leading-sailing-match-racing-feminin-au-caen-yacht-club-les-9-et-10-novembre-2024\/","url_meta":{"origin":13753,"position":2},"title":"Women Leading &amp; Sailing &#8211; Match-racing f\u00e9minin au Caen Yacht Club les 9 et 10 novembre 2024","author":"Anne CHIVOT","date":"22 juillet 2024","format":false,"excerpt":"Le Caen Yacht Club organise la derni\u00e8re \u00e9tape du WLS 2024 en match-racing les 9 et 10 novembre 2024. Venez d\u00e9couvrir les plans d'eau caennais et r\u00e9gater en match-racing au d\u00e9part de la base nautique B. G\u00e9nard \u00e0 Caen.\u00a0 Possibilit\u00e9 d'entra\u00eenement vendredi 8 novembre, r\u00e9servez votre cr\u00e9neau ! Avis de\u2026","rel":"","context":"Dans &quot;Actualit\u00e9&quot;","block_context":{"text":"Actualit\u00e9","link":"https:\/\/caen-yacht-club.com\/web\/category\/actualite\/"},"img":{"alt_text":"","src":"https:\/\/i0.wp.com\/caen-yacht-club.com\/web\/wp-content\/uploads\/Illustration-site3.jpg?fit=1200%2C729&ssl=1&resize=350%2C200","width":350,"height":200,"srcset":"https:\/\/i0.wp.com\/caen-yacht-club.com\/web\/wp-content\/uploads\/Illustration-site3.jpg?fit=1200%2C729&ssl=1&resize=350%2C200 1x, https:\/\/i0.wp.com\/caen-yacht-club.com\/web\/wp-content\/uploads\/Illustration-site3.jpg?fit=1200%2C729&ssl=1&resize=525%2C300 1.5x, https:\/\/i0.wp.com\/caen-yacht-club.com\/web\/wp-content\/uploads\/Illustration-site3.jpg?fit=1200%2C729&ssl=1&resize=700%2C400 2x, https:\/\/i0.wp.com\/caen-yacht-club.com\/web\/wp-content\/uploads\/Illustration-site3.jpg?fit=1200%2C729&ssl=1&resize=1050%2C600 3x"},"classes":[]},{"id":13924,"url":"https:\/\/caen-yacht-club.com\/web\/trophee-etudiant-de-la-presquile-caen-yacht-club-samedi-29-mars-2025\/","url_meta":{"origin":13753,"position":3},"title":"Troph\u00e9e \u00c9tudiant de la Presqu&#8217;\u00eele &#8211; Caen Yacht Club &#8211; Samedi 29 mars 2025","author":"Anne CHIVOT","date":"11 f\u00e9vrier 2025","format":false,"excerpt":"Le Caen Yacht Club organise son 3\u00e8me Troph\u00e9e \u00c9tudiant de la Presqu'\u00eele le samedi 29 mars 2025. Venez d\u00e9couvrir les plans d'eau caennais et r\u00e9gater au d\u00e9part de la base nautique B. G\u00e9nard \u00e0 Caen.\u00a0 Avis de course ici Paiement via Hello Asso Instructions de course \u00e0 venir Renseignements aupr\u00e8s\u2026","rel":"","context":"Dans &quot;Caen&quot;","block_context":{"text":"Caen","link":"https:\/\/caen-yacht-club.com\/web\/category\/caen\/"},"img":{"alt_text":"","src":"https:\/\/i0.wp.com\/caen-yacht-club.com\/web\/wp-content\/uploads\/IMG_2472-scaled.jpg?fit=1200%2C392&ssl=1&resize=350%2C200","width":350,"height":200,"srcset":"https:\/\/i0.wp.com\/caen-yacht-club.com\/web\/wp-content\/uploads\/IMG_2472-scaled.jpg?fit=1200%2C392&ssl=1&resize=350%2C200 1x, https:\/\/i0.wp.com\/caen-yacht-club.com\/web\/wp-content\/uploads\/IMG_2472-scaled.jpg?fit=1200%2C392&ssl=1&resize=525%2C300 1.5x, https:\/\/i0.wp.com\/caen-yacht-club.com\/web\/wp-content\/uploads\/IMG_2472-scaled.jpg?fit=1200%2C392&ssl=1&resize=700%2C400 2x, https:\/\/i0.wp.com\/caen-yacht-club.com\/web\/wp-content\/uploads\/IMG_2472-scaled.jpg?fit=1200%2C392&ssl=1&resize=1050%2C600 3x"},"classes":[]},{"id":13217,"url":"https:\/\/caen-yacht-club.com\/web\/entrainement-pour-la-regate-du-beaujolais-srco\/","url_meta":{"origin":13753,"position":4},"title":"Entra\u00eenement pour la r\u00e9gate du Beaujolais &#8211; SRCO","author":"Anne CHIVOT","date":"6 novembre 2023","format":false,"excerpt":"\u00a0 Le Caen Yacht Club propose \u00e0 ses adh\u00e9rents un week-end de d\u00e9couverte de la pratique de la r\u00e9gate en autonomie, le week-end du 19 novembre, en lien avec la SRCO (Soci\u00e9t\u00e9 des R\u00e9gates de Caen-Ouistreham), club ami et voisin. \u00a0 Au menu: Samedi 18 novembre : Convoyage du ou\u2026","rel":"","context":"Dans &quot;Actualit\u00e9&quot;","block_context":{"text":"Actualit\u00e9","link":"https:\/\/caen-yacht-club.com\/web\/category\/actualite\/"},"img":{"alt_text":"","src":"https:\/\/i0.wp.com\/caen-yacht-club.com\/web\/wp-content\/uploads\/regate.jpg?fit=900%2C1200&ssl=1&resize=350%2C200","width":350,"height":200,"srcset":"https:\/\/i0.wp.com\/caen-yacht-club.com\/web\/wp-content\/uploads\/regate.jpg?fit=900%2C1200&ssl=1&resize=350%2C200 1x, https:\/\/i0.wp.com\/caen-yacht-club.com\/web\/wp-content\/uploads\/regate.jpg?fit=900%2C1200&ssl=1&resize=525%2C300 1.5x, https:\/\/i0.wp.com\/caen-yacht-club.com\/web\/wp-content\/uploads\/regate.jpg?fit=900%2C1200&ssl=1&resize=700%2C400 2x"},"classes":[]},{"id":13177,"url":"https:\/\/caen-yacht-club.com\/web\/organisation-preparation-regate-wls\/","url_meta":{"origin":13753,"position":5},"title":"Organisation pr\u00e9paration r\u00e9gate WLS","author":"Anne CHIVOT","date":"25 octobre 2023","format":false,"excerpt":"\u00a0 En pr\u00e9vision de la r\u00e9gate f\u00e9minine WLS que le Caen Yacht Club organise les 11 et 12 novembre, nous faisons appel aux b\u00e9n\u00e9voles, merci de vous inscrire ici. \u00a0 \u00a0 Une r\u00e9union est pr\u00e9vue le jeudi 2\/11 \u00e0 18h30 au club, n'h\u00e9sitez pas \u00e0 venir \u00a0 ! (inscription souhait\u00e9e\u2026","rel":"","context":"Dans &quot;Actualit\u00e9&quot;","block_context":{"text":"Actualit\u00e9","link":"https:\/\/caen-yacht-club.com\/web\/category\/actualite\/"},"img":{"alt_text":"","src":"https:\/\/i0.wp.com\/caen-yacht-club.com\/web\/wp-content\/uploads\/WLS_TROPHY_LOGO1.png?fit=510%2C257&ssl=1&resize=350%2C200","width":350,"height":200},"classes":[]}],"_links":{"self":[{"href":"https:\/\/caen-yacht-club.com\/web\/wp-json\/wp\/v2\/posts\/13753","targetHints":{"allow":["GET"]}}],"collection":[{"href":"https:\/\/caen-yacht-club.com\/web\/wp-json\/wp\/v2\/posts"}],"about":[{"href":"https:\/\/caen-yacht-club.com\/web\/wp-json\/wp\/v2\/types\/post"}],"author":[{"embeddable":true,"href":"https:\/\/caen-yacht-club.com\/web\/wp-json\/wp\/v2\/users\/301"}],"replies":[{"embeddable":true,"href":"https:\/\/caen-yacht-club.com\/web\/wp-json\/wp\/v2\/comments?post=13753"}],"version-history":[{"count":7,"href":"https:\/\/caen-yacht-club.com\/web\/wp-json\/wp\/v2\/posts\/13753\/revisions"}],"predecessor-version":[{"id":13983,"href":"https:\/\/caen-yacht-club.com\/web\/wp-json\/wp\/v2\/posts\/13753\/revisions\/13983"}],"wp:featuredmedia":[{"embeddable":true,"href":"https:\/\/caen-yacht-club.com\/web\/wp-json\/wp\/v2\/media\/13756"}],"wp:attachment":[{"href":"https:\/\/caen-yacht-club.com\/web\/wp-json\/wp\/v2\/media?parent=13753"}],"wp:term":[{"taxonomy":"category","embeddable":true,"href":"https:\/\/caen-yacht-club.com\/web\/wp-json\/wp\/v2\/categories?post=13753"},{"taxonomy":"post_tag","embeddable":true,"href":"https:\/\/caen-yacht-club.com\/web\/wp-json\/wp\/v2\/tags?post=13753"}],"curies":[{"name":"wp","href":"https:\/\/api.w.org\/{rel}","templated":true}]}}