{"id":13782,"date":"2024-09-26T15:30:30","date_gmt":"2024-09-26T14:30:30","guid":{"rendered":"https:\/\/caen-yacht-club.com\/web\/?p=13782"},"modified":"2024-09-27T12:22:48","modified_gmt":"2024-09-27T11:22:48","slug":"les-oiseaux-marins-de-normandie-evolutions-et-protections-cafe-maritime-du-jeudi-17-octobre-2024","status":"publish","type":"post","link":"https:\/\/caen-yacht-club.com\/web\/les-oiseaux-marins-de-normandie-evolutions-et-protections-cafe-maritime-du-jeudi-17-octobre-2024\/","title":{"rendered":"Les oiseaux marins de Normandie\u00a0: Evolutions et protections. Caf\u00e9 Maritime du jeudi 17 octobre 2024"},"content":{"rendered":"\n<p style=\"text-align: justify;\">Le <strong>Groupe Ornithologique Normand<\/strong> pr\u00e9sentera les oiseaux marins de Normandie lors du <strong>Caf\u00e9 Maritime du Caen Yacht Club<\/strong>. Les diff\u00e9rentes esp\u00e8ces d\u2019oiseaux marins nicheurs de Normandie seront d\u00e9crites dans leurs caract\u00e9ristiques et \u00e9volutions d\u00e9mographiques.\u00a0 Sera ensuite abord\u00e9 ce qui, malgr\u00e9 leur diversit\u00e9, rassemble les oiseaux marins car ils doivent tous r\u00e9pondre aux m\u00eames contraintes que leur impose un milieu particulier : la mer.<\/p>\n<p style=\"text-align: justify;\">La pr\u00e9sentation se termine par un tour d\u2019horizon des menaces qui affectent particuli\u00e8rement ces esp\u00e8ces et par une question : comment les prot\u00e9ger ? Un temps d\u2019\u00e9change avec les participants de ce caf\u00e9 maritime aura lieu.<\/p>\n<p style=\"text-align: justify;\">Ce &#8220;<strong><em>Caf\u00e9 Maritime du Caen Yacht Club&#8221;<\/em><\/strong> se d\u00e9roulera<strong> le jeudi 17 octobre 2024 de 18h30 \u00e0 20h au 2 quai de la Londe (salle des AVF), \u00e0 Caen. <a href=\"https:\/\/goo.gl\/maps\/zJ7jTHSFfzCFePXX6\">Plan<\/a><\/strong><\/p>\n<p style=\"text-align: justify;\">Un pot suivra cette pr\u00e9sentation, pour lequel il vous sera demand\u00e9 une <strong>participation de 3 \u20ac<\/strong>.<\/p>\n","protected":false},"excerpt":{"rendered":"<p>Le Groupe Ornithologique Normand pr\u00e9sentera les oiseaux marins de Normandie lors du Caf\u00e9 Maritime du Caen Yacht Club. Les diff\u00e9rentes esp\u00e8ces d\u2019oiseaux marins nicheurs de Normandie&#8230;<\/p>\n","protected":false},"author":301,"featured_media":13787,"comment_status":"open","ping_status":"open","sticky":false,"template":"","format":"standard","meta":{"_exactmetrics_skip_tracking":false,"_exactmetrics_sitenote_active":false,"_exactmetrics_sitenote_note":"","_exactmetrics_sitenote_category":0,"jetpack_post_was_ever_published":false,"_jetpack_newsletter_access":"","_jetpack_dont_email_post_to_subs":true,"_jetpack_newsletter_tier_id":0,"_jetpack_memberships_contains_paywalled_content":false,"_jetpack_memberships_contains_paid_content":false,"footnotes":""},"categories":[279,17,288,69,57],"tags":[],"class_list":["post-13782","post","type-post","status-publish","format-standard","has-post-thumbnail","hentry","category-caen","category-cafe-maritime","category-histoire","category-regate","category-vie-du-club"],"yoast_head":"<!-- This site is optimized with the Yoast SEO plugin v27.5 - https:\/\/yoast.com\/product\/yoast-seo-wordpress\/ -->\n<title>Caen Yacht Club Actualit\u00e9s<\/title>\n<meta name=\"description\" content=\"Les actualit\u00e9s et \u00e9v\u00e8nements du Caen Yacht Club. R\u00e9gates, Cours de voile, Conf\u00e9rences\" \/>\n<meta name=\"robots\" content=\"index, follow, max-snippet:-1, max-image-preview:large, max-video-preview:-1\" \/>\n<link rel=\"canonical\" href=\"https:\/\/caen-yacht-club.com\/web\/les-oiseaux-marins-de-normandie-evolutions-et-protections-cafe-maritime-du-jeudi-17-octobre-2024\/\" \/>\n<meta property=\"og:locale\" content=\"fr_FR\" \/>\n<meta property=\"og:type\" content=\"article\" \/>\n<meta property=\"og:title\" content=\"Caen Yacht Club Actualit\u00e9s\" \/>\n<meta property=\"og:description\" content=\"Les actualit\u00e9s et \u00e9v\u00e8nements du Caen Yacht Club. R\u00e9gates, Cours de voile, Conf\u00e9rences\" \/>\n<meta property=\"og:url\" content=\"https:\/\/caen-yacht-club.com\/web\/les-oiseaux-marins-de-normandie-evolutions-et-protections-cafe-maritime-du-jeudi-17-octobre-2024\/\" \/>\n<meta property=\"og:site_name\" content=\"Caen Yacht Club\" \/>\n<meta property=\"article:author\" content=\"https:\/\/www.facebook.com\/anne.chivot\/media_set?set=a.3971425726631&amp;type=3\" \/>\n<meta property=\"article:published_time\" content=\"2024-09-26T14:30:30+00:00\" \/>\n<meta property=\"article:modified_time\" content=\"2024-09-27T11:22:48+00:00\" \/>\n<meta property=\"og:image\" content=\"https:\/\/caen-yacht-club.com\/web\/wp-content\/uploads\/Capture-decran-2024-09-26-162249.png\" \/>\n\t<meta property=\"og:image:width\" content=\"837\" \/>\n\t<meta property=\"og:image:height\" content=\"568\" \/>\n\t<meta property=\"og:image:type\" content=\"image\/png\" \/>\n<meta name=\"author\" content=\"Anne CHIVOT\" \/>\n<meta name=\"twitter:card\" content=\"summary_large_image\" \/>\n<meta name=\"twitter:label1\" content=\"\u00c9crit par\" \/>\n\t<meta name=\"twitter:data1\" content=\"Anne CHIVOT\" \/>\n\t<meta name=\"twitter:label2\" content=\"Dur\u00e9e de lecture estim\u00e9e\" \/>\n\t<meta name=\"twitter:data2\" content=\"1 minute\" \/>\n<script type=\"application\/ld+json\" class=\"yoast-schema-graph\">{\"@context\":\"https:\\\/\\\/schema.org\",\"@graph\":[{\"@type\":\"NewsArticle\",\"@id\":\"https:\\\/\\\/caen-yacht-club.com\\\/web\\\/les-oiseaux-marins-de-normandie-evolutions-et-protections-cafe-maritime-du-jeudi-17-octobre-2024\\\/#article\",\"isPartOf\":{\"@id\":\"https:\\\/\\\/caen-yacht-club.com\\\/web\\\/les-oiseaux-marins-de-normandie-evolutions-et-protections-cafe-maritime-du-jeudi-17-octobre-2024\\\/\"},\"author\":{\"name\":\"Anne CHIVOT\",\"@id\":\"https:\\\/\\\/caen-yacht-club.com\\\/web\\\/#\\\/schema\\\/person\\\/f9a03b75bf521efb5239cfedc3c69d33\"},\"headline\":\"Les oiseaux marins de Normandie\u00a0: Evolutions et protections. Caf\u00e9 Maritime du jeudi 17 octobre 2024\",\"datePublished\":\"2024-09-26T14:30:30+00:00\",\"dateModified\":\"2024-09-27T11:22:48+00:00\",\"mainEntityOfPage\":{\"@id\":\"https:\\\/\\\/caen-yacht-club.com\\\/web\\\/les-oiseaux-marins-de-normandie-evolutions-et-protections-cafe-maritime-du-jeudi-17-octobre-2024\\\/\"},\"wordCount\":165,\"commentCount\":0,\"publisher\":{\"@id\":\"https:\\\/\\\/caen-yacht-club.com\\\/web\\\/#organization\"},\"image\":{\"@id\":\"https:\\\/\\\/caen-yacht-club.com\\\/web\\\/les-oiseaux-marins-de-normandie-evolutions-et-protections-cafe-maritime-du-jeudi-17-octobre-2024\\\/#primaryimage\"},\"thumbnailUrl\":\"https:\\\/\\\/i0.wp.com\\\/caen-yacht-club.com\\\/web\\\/wp-content\\\/uploads\\\/Capture-decran-2024-09-26-162249.png?fit=837%2C568&ssl=1\",\"articleSection\":[\"Caen\",\"Caf\u00e9 Maritime\",\"Histoire\",\"R\u00e9gate\",\"Vie du club\"],\"inLanguage\":\"fr-FR\",\"potentialAction\":[{\"@type\":\"CommentAction\",\"name\":\"Comment\",\"target\":[\"https:\\\/\\\/caen-yacht-club.com\\\/web\\\/les-oiseaux-marins-de-normandie-evolutions-et-protections-cafe-maritime-du-jeudi-17-octobre-2024\\\/#respond\"]}]},{\"@type\":\"WebPage\",\"@id\":\"https:\\\/\\\/caen-yacht-club.com\\\/web\\\/les-oiseaux-marins-de-normandie-evolutions-et-protections-cafe-maritime-du-jeudi-17-octobre-2024\\\/\",\"url\":\"https:\\\/\\\/caen-yacht-club.com\\\/web\\\/les-oiseaux-marins-de-normandie-evolutions-et-protections-cafe-maritime-du-jeudi-17-octobre-2024\\\/\",\"name\":\"Caen Yacht Club Actualit\u00e9s\",\"isPartOf\":{\"@id\":\"https:\\\/\\\/caen-yacht-club.com\\\/web\\\/#website\"},\"primaryImageOfPage\":{\"@id\":\"https:\\\/\\\/caen-yacht-club.com\\\/web\\\/les-oiseaux-marins-de-normandie-evolutions-et-protections-cafe-maritime-du-jeudi-17-octobre-2024\\\/#primaryimage\"},\"image\":{\"@id\":\"https:\\\/\\\/caen-yacht-club.com\\\/web\\\/les-oiseaux-marins-de-normandie-evolutions-et-protections-cafe-maritime-du-jeudi-17-octobre-2024\\\/#primaryimage\"},\"thumbnailUrl\":\"https:\\\/\\\/i0.wp.com\\\/caen-yacht-club.com\\\/web\\\/wp-content\\\/uploads\\\/Capture-decran-2024-09-26-162249.png?fit=837%2C568&ssl=1\",\"datePublished\":\"2024-09-26T14:30:30+00:00\",\"dateModified\":\"2024-09-27T11:22:48+00:00\",\"description\":\"Les actualit\u00e9s et \u00e9v\u00e8nements du Caen Yacht Club. R\u00e9gates, Cours de voile, Conf\u00e9rences\",\"breadcrumb\":{\"@id\":\"https:\\\/\\\/caen-yacht-club.com\\\/web\\\/les-oiseaux-marins-de-normandie-evolutions-et-protections-cafe-maritime-du-jeudi-17-octobre-2024\\\/#breadcrumb\"},\"inLanguage\":\"fr-FR\",\"potentialAction\":[{\"@type\":\"ReadAction\",\"target\":[\"https:\\\/\\\/caen-yacht-club.com\\\/web\\\/les-oiseaux-marins-de-normandie-evolutions-et-protections-cafe-maritime-du-jeudi-17-octobre-2024\\\/\"]}]},{\"@type\":\"ImageObject\",\"inLanguage\":\"fr-FR\",\"@id\":\"https:\\\/\\\/caen-yacht-club.com\\\/web\\\/les-oiseaux-marins-de-normandie-evolutions-et-protections-cafe-maritime-du-jeudi-17-octobre-2024\\\/#primaryimage\",\"url\":\"https:\\\/\\\/i0.wp.com\\\/caen-yacht-club.com\\\/web\\\/wp-content\\\/uploads\\\/Capture-decran-2024-09-26-162249.png?fit=837%2C568&ssl=1\",\"contentUrl\":\"https:\\\/\\\/i0.wp.com\\\/caen-yacht-club.com\\\/web\\\/wp-content\\\/uploads\\\/Capture-decran-2024-09-26-162249.png?fit=837%2C568&ssl=1\",\"width\":837,\"height\":568},{\"@type\":\"BreadcrumbList\",\"@id\":\"https:\\\/\\\/caen-yacht-club.com\\\/web\\\/les-oiseaux-marins-de-normandie-evolutions-et-protections-cafe-maritime-du-jeudi-17-octobre-2024\\\/#breadcrumb\",\"itemListElement\":[{\"@type\":\"ListItem\",\"position\":1,\"name\":\"Accueil\",\"item\":\"https:\\\/\\\/caen-yacht-club.com\\\/web\\\/\"},{\"@type\":\"ListItem\",\"position\":2,\"name\":\"Les oiseaux marins de Normandie\u00a0: Evolutions et protections. Caf\u00e9 Maritime du jeudi 17 octobre 2024\"}]},{\"@type\":\"WebSite\",\"@id\":\"https:\\\/\\\/caen-yacht-club.com\\\/web\\\/#website\",\"url\":\"https:\\\/\\\/caen-yacht-club.com\\\/web\\\/\",\"name\":\"Caen Yacht Club\",\"description\":\"Naviguez en ville\",\"publisher\":{\"@id\":\"https:\\\/\\\/caen-yacht-club.com\\\/web\\\/#organization\"},\"potentialAction\":[{\"@type\":\"SearchAction\",\"target\":{\"@type\":\"EntryPoint\",\"urlTemplate\":\"https:\\\/\\\/caen-yacht-club.com\\\/web\\\/?s={search_term_string}\"},\"query-input\":{\"@type\":\"PropertyValueSpecification\",\"valueRequired\":true,\"valueName\":\"search_term_string\"}}],\"inLanguage\":\"fr-FR\"},{\"@type\":\"Organization\",\"@id\":\"https:\\\/\\\/caen-yacht-club.com\\\/web\\\/#organization\",\"name\":\"Caen Yacht Club\",\"url\":\"https:\\\/\\\/caen-yacht-club.com\\\/web\\\/\",\"logo\":{\"@type\":\"ImageObject\",\"inLanguage\":\"fr-FR\",\"@id\":\"https:\\\/\\\/caen-yacht-club.com\\\/web\\\/#\\\/schema\\\/logo\\\/image\\\/\",\"url\":\"https:\\\/\\\/i0.wp.com\\\/caen-yacht-club.com\\\/web\\\/wp-content\\\/uploads\\\/2020\\\/03\\\/Logo_CYC_20170104-e1585662025871.png?fit=500%2C472&ssl=1\",\"contentUrl\":\"https:\\\/\\\/i0.wp.com\\\/caen-yacht-club.com\\\/web\\\/wp-content\\\/uploads\\\/2020\\\/03\\\/Logo_CYC_20170104-e1585662025871.png?fit=500%2C472&ssl=1\",\"width\":500,\"height\":472,\"caption\":\"Caen Yacht Club\"},\"image\":{\"@id\":\"https:\\\/\\\/caen-yacht-club.com\\\/web\\\/#\\\/schema\\\/logo\\\/image\\\/\"}},{\"@type\":\"Person\",\"@id\":\"https:\\\/\\\/caen-yacht-club.com\\\/web\\\/#\\\/schema\\\/person\\\/f9a03b75bf521efb5239cfedc3c69d33\",\"name\":\"Anne CHIVOT\",\"image\":{\"@type\":\"ImageObject\",\"inLanguage\":\"fr-FR\",\"@id\":\"https:\\\/\\\/secure.gravatar.com\\\/avatar\\\/aff550da7dd307e0b5382f28e47d29646c4c50f6dc46fcc2c311536e0b48acda?s=96&d=mm&r=g\",\"url\":\"https:\\\/\\\/secure.gravatar.com\\\/avatar\\\/aff550da7dd307e0b5382f28e47d29646c4c50f6dc46fcc2c311536e0b48acda?s=96&d=mm&r=g\",\"contentUrl\":\"https:\\\/\\\/secure.gravatar.com\\\/avatar\\\/aff550da7dd307e0b5382f28e47d29646c4c50f6dc46fcc2c311536e0b48acda?s=96&d=mm&r=g\",\"caption\":\"Anne CHIVOT\"},\"sameAs\":[\"https:\\\/\\\/www.facebook.com\\\/anne.chivot\\\/media_set?set=a.3971425726631&type=3\"],\"url\":\"https:\\\/\\\/caen-yacht-club.com\\\/web\\\/espace-membre\\\/?uid=301\"}]}<\/script>\n<!-- \/ Yoast SEO plugin. -->","yoast_head_json":{"title":"Caen Yacht Club Actualit\u00e9s","description":"Les actualit\u00e9s et \u00e9v\u00e8nements du Caen Yacht Club. R\u00e9gates, Cours de voile, Conf\u00e9rences","robots":{"index":"index","follow":"follow","max-snippet":"max-snippet:-1","max-image-preview":"max-image-preview:large","max-video-preview":"max-video-preview:-1"},"canonical":"https:\/\/caen-yacht-club.com\/web\/les-oiseaux-marins-de-normandie-evolutions-et-protections-cafe-maritime-du-jeudi-17-octobre-2024\/","og_locale":"fr_FR","og_type":"article","og_title":"Caen Yacht Club Actualit\u00e9s","og_description":"Les actualit\u00e9s et \u00e9v\u00e8nements du Caen Yacht Club. R\u00e9gates, Cours de voile, Conf\u00e9rences","og_url":"https:\/\/caen-yacht-club.com\/web\/les-oiseaux-marins-de-normandie-evolutions-et-protections-cafe-maritime-du-jeudi-17-octobre-2024\/","og_site_name":"Caen Yacht Club","article_author":"https:\/\/www.facebook.com\/anne.chivot\/media_set?set=a.3971425726631&type=3","article_published_time":"2024-09-26T14:30:30+00:00","article_modified_time":"2024-09-27T11:22:48+00:00","og_image":[{"width":837,"height":568,"url":"https:\/\/caen-yacht-club.com\/web\/wp-content\/uploads\/Capture-decran-2024-09-26-162249.png","type":"image\/png"}],"author":"Anne CHIVOT","twitter_card":"summary_large_image","twitter_misc":{"\u00c9crit par":"Anne CHIVOT","Dur\u00e9e de lecture estim\u00e9e":"1 minute"},"schema":{"@context":"https:\/\/schema.org","@graph":[{"@type":"NewsArticle","@id":"https:\/\/caen-yacht-club.com\/web\/les-oiseaux-marins-de-normandie-evolutions-et-protections-cafe-maritime-du-jeudi-17-octobre-2024\/#article","isPartOf":{"@id":"https:\/\/caen-yacht-club.com\/web\/les-oiseaux-marins-de-normandie-evolutions-et-protections-cafe-maritime-du-jeudi-17-octobre-2024\/"},"author":{"name":"Anne CHIVOT","@id":"https:\/\/caen-yacht-club.com\/web\/#\/schema\/person\/f9a03b75bf521efb5239cfedc3c69d33"},"headline":"Les oiseaux marins de Normandie\u00a0: Evolutions et protections. Caf\u00e9 Maritime du jeudi 17 octobre 2024","datePublished":"2024-09-26T14:30:30+00:00","dateModified":"2024-09-27T11:22:48+00:00","mainEntityOfPage":{"@id":"https:\/\/caen-yacht-club.com\/web\/les-oiseaux-marins-de-normandie-evolutions-et-protections-cafe-maritime-du-jeudi-17-octobre-2024\/"},"wordCount":165,"commentCount":0,"publisher":{"@id":"https:\/\/caen-yacht-club.com\/web\/#organization"},"image":{"@id":"https:\/\/caen-yacht-club.com\/web\/les-oiseaux-marins-de-normandie-evolutions-et-protections-cafe-maritime-du-jeudi-17-octobre-2024\/#primaryimage"},"thumbnailUrl":"https:\/\/i0.wp.com\/caen-yacht-club.com\/web\/wp-content\/uploads\/Capture-decran-2024-09-26-162249.png?fit=837%2C568&ssl=1","articleSection":["Caen","Caf\u00e9 Maritime","Histoire","R\u00e9gate","Vie du club"],"inLanguage":"fr-FR","potentialAction":[{"@type":"CommentAction","name":"Comment","target":["https:\/\/caen-yacht-club.com\/web\/les-oiseaux-marins-de-normandie-evolutions-et-protections-cafe-maritime-du-jeudi-17-octobre-2024\/#respond"]}]},{"@type":"WebPage","@id":"https:\/\/caen-yacht-club.com\/web\/les-oiseaux-marins-de-normandie-evolutions-et-protections-cafe-maritime-du-jeudi-17-octobre-2024\/","url":"https:\/\/caen-yacht-club.com\/web\/les-oiseaux-marins-de-normandie-evolutions-et-protections-cafe-maritime-du-jeudi-17-octobre-2024\/","name":"Caen Yacht Club Actualit\u00e9s","isPartOf":{"@id":"https:\/\/caen-yacht-club.com\/web\/#website"},"primaryImageOfPage":{"@id":"https:\/\/caen-yacht-club.com\/web\/les-oiseaux-marins-de-normandie-evolutions-et-protections-cafe-maritime-du-jeudi-17-octobre-2024\/#primaryimage"},"image":{"@id":"https:\/\/caen-yacht-club.com\/web\/les-oiseaux-marins-de-normandie-evolutions-et-protections-cafe-maritime-du-jeudi-17-octobre-2024\/#primaryimage"},"thumbnailUrl":"https:\/\/i0.wp.com\/caen-yacht-club.com\/web\/wp-content\/uploads\/Capture-decran-2024-09-26-162249.png?fit=837%2C568&ssl=1","datePublished":"2024-09-26T14:30:30+00:00","dateModified":"2024-09-27T11:22:48+00:00","description":"Les actualit\u00e9s et \u00e9v\u00e8nements du Caen Yacht Club. R\u00e9gates, Cours de voile, Conf\u00e9rences","breadcrumb":{"@id":"https:\/\/caen-yacht-club.com\/web\/les-oiseaux-marins-de-normandie-evolutions-et-protections-cafe-maritime-du-jeudi-17-octobre-2024\/#breadcrumb"},"inLanguage":"fr-FR","potentialAction":[{"@type":"ReadAction","target":["https:\/\/caen-yacht-club.com\/web\/les-oiseaux-marins-de-normandie-evolutions-et-protections-cafe-maritime-du-jeudi-17-octobre-2024\/"]}]},{"@type":"ImageObject","inLanguage":"fr-FR","@id":"https:\/\/caen-yacht-club.com\/web\/les-oiseaux-marins-de-normandie-evolutions-et-protections-cafe-maritime-du-jeudi-17-octobre-2024\/#primaryimage","url":"https:\/\/i0.wp.com\/caen-yacht-club.com\/web\/wp-content\/uploads\/Capture-decran-2024-09-26-162249.png?fit=837%2C568&ssl=1","contentUrl":"https:\/\/i0.wp.com\/caen-yacht-club.com\/web\/wp-content\/uploads\/Capture-decran-2024-09-26-162249.png?fit=837%2C568&ssl=1","width":837,"height":568},{"@type":"BreadcrumbList","@id":"https:\/\/caen-yacht-club.com\/web\/les-oiseaux-marins-de-normandie-evolutions-et-protections-cafe-maritime-du-jeudi-17-octobre-2024\/#breadcrumb","itemListElement":[{"@type":"ListItem","position":1,"name":"Accueil","item":"https:\/\/caen-yacht-club.com\/web\/"},{"@type":"ListItem","position":2,"name":"Les oiseaux marins de Normandie\u00a0: Evolutions et protections. Caf\u00e9 Maritime du jeudi 17 octobre 2024"}]},{"@type":"WebSite","@id":"https:\/\/caen-yacht-club.com\/web\/#website","url":"https:\/\/caen-yacht-club.com\/web\/","name":"Caen Yacht Club","description":"Naviguez en ville","publisher":{"@id":"https:\/\/caen-yacht-club.com\/web\/#organization"},"potentialAction":[{"@type":"SearchAction","target":{"@type":"EntryPoint","urlTemplate":"https:\/\/caen-yacht-club.com\/web\/?s={search_term_string}"},"query-input":{"@type":"PropertyValueSpecification","valueRequired":true,"valueName":"search_term_string"}}],"inLanguage":"fr-FR"},{"@type":"Organization","@id":"https:\/\/caen-yacht-club.com\/web\/#organization","name":"Caen Yacht Club","url":"https:\/\/caen-yacht-club.com\/web\/","logo":{"@type":"ImageObject","inLanguage":"fr-FR","@id":"https:\/\/caen-yacht-club.com\/web\/#\/schema\/logo\/image\/","url":"https:\/\/i0.wp.com\/caen-yacht-club.com\/web\/wp-content\/uploads\/2020\/03\/Logo_CYC_20170104-e1585662025871.png?fit=500%2C472&ssl=1","contentUrl":"https:\/\/i0.wp.com\/caen-yacht-club.com\/web\/wp-content\/uploads\/2020\/03\/Logo_CYC_20170104-e1585662025871.png?fit=500%2C472&ssl=1","width":500,"height":472,"caption":"Caen Yacht Club"},"image":{"@id":"https:\/\/caen-yacht-club.com\/web\/#\/schema\/logo\/image\/"}},{"@type":"Person","@id":"https:\/\/caen-yacht-club.com\/web\/#\/schema\/person\/f9a03b75bf521efb5239cfedc3c69d33","name":"Anne CHIVOT","image":{"@type":"ImageObject","inLanguage":"fr-FR","@id":"https:\/\/secure.gravatar.com\/avatar\/aff550da7dd307e0b5382f28e47d29646c4c50f6dc46fcc2c311536e0b48acda?s=96&d=mm&r=g","url":"https:\/\/secure.gravatar.com\/avatar\/aff550da7dd307e0b5382f28e47d29646c4c50f6dc46fcc2c311536e0b48acda?s=96&d=mm&r=g","contentUrl":"https:\/\/secure.gravatar.com\/avatar\/aff550da7dd307e0b5382f28e47d29646c4c50f6dc46fcc2c311536e0b48acda?s=96&d=mm&r=g","caption":"Anne CHIVOT"},"sameAs":["https:\/\/www.facebook.com\/anne.chivot\/media_set?set=a.3971425726631&type=3"],"url":"https:\/\/caen-yacht-club.com\/web\/espace-membre\/?uid=301"}]}},"jetpack_featured_media_url":"https:\/\/i0.wp.com\/caen-yacht-club.com\/web\/wp-content\/uploads\/Capture-decran-2024-09-26-162249.png?fit=837%2C568&ssl=1","jetpack_sharing_enabled":true,"jetpack_shortlink":"https:\/\/wp.me\/p7ppuD-3Ai","jetpack-related-posts":[{"id":2762,"url":"https:\/\/caen-yacht-club.com\/web\/ecologie-economie-et-peche-lors-du-dernier-cafe-maritime\/","url_meta":{"origin":13782,"position":0},"title":"\u00c9cologie, \u00e9conomie et p\u00eache lors du dernier Caf\u00e9 Maritime","author":"Damien BULLET","date":"26 avril 2018","format":false,"excerpt":"Le dernier Caf\u00e9 Maritime avant l\u2019automne fut consacr\u00e9 \u00e0 un sujet \u00e9conomique et \u00e9cologique d\u2019importance : le capital-p\u00eache en Normandie, son exploitation, sa valorisation et sa pr\u00e9servation. Le pr\u00e9sident et la charg\u00e9e de mission \u00ab\u00a0Environnement\u00bb du Comit\u00e9 des P\u00eaches R\u00e9gional ont captiv\u00e9 et rassur\u00e9 l\u2019auditoire r\u00e9uni le jeudi 19 avril\u2026","rel":"","context":"Dans &quot;Caf\u00e9 Maritime&quot;","block_context":{"text":"Caf\u00e9 Maritime","link":"https:\/\/caen-yacht-club.com\/web\/category\/cafe-maritime\/"},"img":{"alt_text":"","src":"https:\/\/i0.wp.com\/caen-yacht-club.com\/web\/wp-content\/uploads\/2018\/04\/DSC_0026-scaled.jpg?fit=1200%2C675&ssl=1&resize=350%2C200","width":350,"height":200,"srcset":"https:\/\/i0.wp.com\/caen-yacht-club.com\/web\/wp-content\/uploads\/2018\/04\/DSC_0026-scaled.jpg?fit=1200%2C675&ssl=1&resize=350%2C200 1x, https:\/\/i0.wp.com\/caen-yacht-club.com\/web\/wp-content\/uploads\/2018\/04\/DSC_0026-scaled.jpg?fit=1200%2C675&ssl=1&resize=525%2C300 1.5x, https:\/\/i0.wp.com\/caen-yacht-club.com\/web\/wp-content\/uploads\/2018\/04\/DSC_0026-scaled.jpg?fit=1200%2C675&ssl=1&resize=700%2C400 2x, https:\/\/i0.wp.com\/caen-yacht-club.com\/web\/wp-content\/uploads\/2018\/04\/DSC_0026-scaled.jpg?fit=1200%2C675&ssl=1&resize=1050%2C600 3x"},"classes":[]},{"id":3061,"url":"https:\/\/caen-yacht-club.com\/web\/la-baie-des-veys-et-sa-faune-a-lhonneur-au-prochain-cafe-maritime\/","url_meta":{"origin":13782,"position":1},"title":"La baie des Veys et sa faune \u00e0 l&#8217;honneur au prochain Caf\u00e9 Maritime","author":"Damien BULLET","date":"9 octobre 2018","format":false,"excerpt":"Le prochain Caf\u00e9 Maritime du CAEN YACHT CLUB se d\u00e9roulera le jeudi 18 octobre, \u00e0 18h30, dans la salle de l'AVF, quai de la Londe. L'intervenant Jean-Fran\u00e7ois Elder, permanent scientifique de la r\u00e9serve de Beauguillot (50), viendra parler des oiseaux et mammif\u00e8res marins observ\u00e9s en Manche : dynamique et comportement\u2026","rel":"","context":"Dans &quot;Actualit\u00e9&quot;","block_context":{"text":"Actualit\u00e9","link":"https:\/\/caen-yacht-club.com\/web\/category\/actualite\/"},"img":{"alt_text":"","src":"https:\/\/i0.wp.com\/caen-yacht-club.com\/web\/wp-content\/uploads\/2018\/10\/IMGP1731.jpg?fit=1024%2C685&ssl=1&resize=350%2C200","width":350,"height":200,"srcset":"https:\/\/i0.wp.com\/caen-yacht-club.com\/web\/wp-content\/uploads\/2018\/10\/IMGP1731.jpg?fit=1024%2C685&ssl=1&resize=350%2C200 1x, https:\/\/i0.wp.com\/caen-yacht-club.com\/web\/wp-content\/uploads\/2018\/10\/IMGP1731.jpg?fit=1024%2C685&ssl=1&resize=525%2C300 1.5x, https:\/\/i0.wp.com\/caen-yacht-club.com\/web\/wp-content\/uploads\/2018\/10\/IMGP1731.jpg?fit=1024%2C685&ssl=1&resize=700%2C400 2x"},"classes":[]},{"id":14538,"url":"https:\/\/caen-yacht-club.com\/web\/especes-exotiques-et-salissuresbiologiques-dans-les-ports-normands\/","url_meta":{"origin":13782,"position":2},"title":"Esp\u00e8ces exotiques et \u00ab salissures biologiques \u00bb dans les ports normands","author":"Anke Hedrich","date":"20 mars 2026","format":false,"excerpt":"JEUDI 26 MARS 2026 18h30 - 20h Quai de la Londe \u00e0 Caen Conf\u00e9rence anim\u00e9e par Katherine Costil Chercheure en \u00e9cologie et \u00e9cotoxicologie marines, membre du laboratoire MERSEA (Marine Ecosystems and oRganisms reSEArch Lab) Les ports normands peuvent \u00eatre colonis\u00e9s par des esp\u00e8ce exotiques (c\u2019est-\u00e0-dire introduites), susceptibles de devenir invasives\u2026","rel":"","context":"Dans &quot;Actualit\u00e9&quot;","block_context":{"text":"Actualit\u00e9","link":"https:\/\/caen-yacht-club.com\/web\/category\/actualite\/"},"img":{"alt_text":"","src":"https:\/\/i0.wp.com\/caen-yacht-club.com\/web\/wp-content\/uploads\/Bildschirmfoto-2026-03-20-um-16.00.00.png?resize=350%2C200&ssl=1","width":350,"height":200,"srcset":"https:\/\/i0.wp.com\/caen-yacht-club.com\/web\/wp-content\/uploads\/Bildschirmfoto-2026-03-20-um-16.00.00.png?resize=350%2C200&ssl=1 1x, https:\/\/i0.wp.com\/caen-yacht-club.com\/web\/wp-content\/uploads\/Bildschirmfoto-2026-03-20-um-16.00.00.png?resize=525%2C300&ssl=1 1.5x, https:\/\/i0.wp.com\/caen-yacht-club.com\/web\/wp-content\/uploads\/Bildschirmfoto-2026-03-20-um-16.00.00.png?resize=700%2C400&ssl=1 2x, https:\/\/i0.wp.com\/caen-yacht-club.com\/web\/wp-content\/uploads\/Bildschirmfoto-2026-03-20-um-16.00.00.png?resize=1050%2C600&ssl=1 3x"},"classes":[]},{"id":13413,"url":"https:\/\/caen-yacht-club.com\/web\/le-programme-cimarconet-et-linscription-maritime-du-cotentincafe-maritime-du-jeudi-er-fevrier-2024\/","url_meta":{"origin":13782,"position":3},"title":"Le programme CIMARCONET et l&#8217;inscription maritime du Cotentin,&#8221;Caf\u00e9 Maritime&#8221; du jeudi 1er f\u00e9vrier 2024.","author":"Anne CHIVOT","date":"18 janvier 2024","format":false,"excerpt":"Depuis Colbert, le service de l\u2019Inscription maritime recense l\u2019ensemble des marins civils du territoire, quartier par quartier ; au fil des ann\u00e9es, ce qui n\u2019\u00e9tait qu\u2019un simple recensement annuel est devenu un recueil extr\u00eamement pr\u00e9cis des carri\u00e8res des marins, offrant une source inestimable pour l\u2019histoire sociale, d\u00e9mographique et \u00e9conomique des\u2026","rel":"","context":"Dans &quot;Actualit\u00e9&quot;","block_context":{"text":"Actualit\u00e9","link":"https:\/\/caen-yacht-club.com\/web\/category\/actualite\/"},"img":{"alt_text":"","src":"https:\/\/i0.wp.com\/caen-yacht-club.com\/web\/wp-content\/uploads\/marine-cherbourg0171-scaled.jpg?fit=803%2C1200&ssl=1&resize=350%2C200","width":350,"height":200,"srcset":"https:\/\/i0.wp.com\/caen-yacht-club.com\/web\/wp-content\/uploads\/marine-cherbourg0171-scaled.jpg?fit=803%2C1200&ssl=1&resize=350%2C200 1x, https:\/\/i0.wp.com\/caen-yacht-club.com\/web\/wp-content\/uploads\/marine-cherbourg0171-scaled.jpg?fit=803%2C1200&ssl=1&resize=525%2C300 1.5x, https:\/\/i0.wp.com\/caen-yacht-club.com\/web\/wp-content\/uploads\/marine-cherbourg0171-scaled.jpg?fit=803%2C1200&ssl=1&resize=700%2C400 2x"},"classes":[]},{"id":13511,"url":"https:\/\/caen-yacht-club.com\/web\/les-ports-du-calvados-cafe-maritime-du-jeudi-28-mars-2024\/","url_meta":{"origin":13782,"position":4},"title":"Les ports du Calvados. Caf\u00e9 Maritime du jeudi 28 mars 2024","author":"Anne CHIVOT","date":"19 mars 2024","format":false,"excerpt":"Pr\u00e9sentation de l\u2019organisation portuaire \u00e0 l\u2019\u00e9chelle de la fa\u00e7ade d\u00e9partementale. Antoine de Gouville, directeur des \u00c9quipements Portuaires de la CCI Caen Normandie et directeur G\u00e9n\u00e9ral de Ports du Calvados exposera la richesse des ports du Calvados lors d\u2019un caf\u00e9 maritime du Caen Yacht Club. Il d\u00e9crira leur diversit\u00e9 d\u2019Isigny-sur-Mer \u00e0\u2026","rel":"","context":"Dans &quot;Caen&quot;","block_context":{"text":"Caen","link":"https:\/\/caen-yacht-club.com\/web\/category\/caen\/"},"img":{"alt_text":"","src":"https:\/\/i0.wp.com\/caen-yacht-club.com\/web\/wp-content\/uploads\/CafMar.jpg?fit=1200%2C729&ssl=1&resize=350%2C200","width":350,"height":200,"srcset":"https:\/\/i0.wp.com\/caen-yacht-club.com\/web\/wp-content\/uploads\/CafMar.jpg?fit=1200%2C729&ssl=1&resize=350%2C200 1x, https:\/\/i0.wp.com\/caen-yacht-club.com\/web\/wp-content\/uploads\/CafMar.jpg?fit=1200%2C729&ssl=1&resize=525%2C300 1.5x, https:\/\/i0.wp.com\/caen-yacht-club.com\/web\/wp-content\/uploads\/CafMar.jpg?fit=1200%2C729&ssl=1&resize=700%2C400 2x, https:\/\/i0.wp.com\/caen-yacht-club.com\/web\/wp-content\/uploads\/CafMar.jpg?fit=1200%2C729&ssl=1&resize=1050%2C600 3x"},"classes":[]},{"id":13225,"url":"https:\/\/caen-yacht-club.com\/web\/lhistoire-dun-capitaine-au-long-cours-normand-ernest-ybert-cafe-maritime-du-jeudi-30-novembre-2023\/","url_meta":{"origin":13782,"position":5},"title":"L&#8217;histoire d&#8217;un capitaine au long cours normand,  Ernest Ybert ,&#8221;Caf\u00e9 Maritime&#8221; du jeudi 30 novembre 2023.","author":"Anne CHIVOT","date":"6 novembre 2023","format":false,"excerpt":"Ernest Ybert (1881-1951), n\u00e9 \u00e0 Regn\u00e9ville-sur-Mer (Manche), a navigu\u00e9 sur des trois et quatre-m\u00e2ts puis sur des vapeurs, alors qu\u2019il \u00e9tait capitaine au long cours. Il parcourt les oc\u00e9ans, reliant l\u2019Australie, la Nouvelle-Cal\u00e9donie, les Antilles et parfois le Chili. Il fait le r\u00e9cit de ces aventures dans ses m\u00e9moires \u00e9crits\u2026","rel":"","context":"Dans &quot;Actualit\u00e9&quot;","block_context":{"text":"Actualit\u00e9","link":"https:\/\/caen-yacht-club.com\/web\/category\/actualite\/"},"img":{"alt_text":"","src":"https:\/\/i0.wp.com\/caen-yacht-club.com\/web\/wp-content\/uploads\/Capture-decran-2023-11-06-155742.jpg?fit=781%2C491&ssl=1&resize=350%2C200","width":350,"height":200,"srcset":"https:\/\/i0.wp.com\/caen-yacht-club.com\/web\/wp-content\/uploads\/Capture-decran-2023-11-06-155742.jpg?fit=781%2C491&ssl=1&resize=350%2C200 1x, https:\/\/i0.wp.com\/caen-yacht-club.com\/web\/wp-content\/uploads\/Capture-decran-2023-11-06-155742.jpg?fit=781%2C491&ssl=1&resize=525%2C300 1.5x, https:\/\/i0.wp.com\/caen-yacht-club.com\/web\/wp-content\/uploads\/Capture-decran-2023-11-06-155742.jpg?fit=781%2C491&ssl=1&resize=700%2C400 2x"},"classes":[]}],"_links":{"self":[{"href":"https:\/\/caen-yacht-club.com\/web\/wp-json\/wp\/v2\/posts\/13782","targetHints":{"allow":["GET"]}}],"collection":[{"href":"https:\/\/caen-yacht-club.com\/web\/wp-json\/wp\/v2\/posts"}],"about":[{"href":"https:\/\/caen-yacht-club.com\/web\/wp-json\/wp\/v2\/types\/post"}],"author":[{"embeddable":true,"href":"https:\/\/caen-yacht-club.com\/web\/wp-json\/wp\/v2\/users\/301"}],"replies":[{"embeddable":true,"href":"https:\/\/caen-yacht-club.com\/web\/wp-json\/wp\/v2\/comments?post=13782"}],"version-history":[{"count":4,"href":"https:\/\/caen-yacht-club.com\/web\/wp-json\/wp\/v2\/posts\/13782\/revisions"}],"predecessor-version":[{"id":13791,"href":"https:\/\/caen-yacht-club.com\/web\/wp-json\/wp\/v2\/posts\/13782\/revisions\/13791"}],"wp:featuredmedia":[{"embeddable":true,"href":"https:\/\/caen-yacht-club.com\/web\/wp-json\/wp\/v2\/media\/13787"}],"wp:attachment":[{"href":"https:\/\/caen-yacht-club.com\/web\/wp-json\/wp\/v2\/media?parent=13782"}],"wp:term":[{"taxonomy":"category","embeddable":true,"href":"https:\/\/caen-yacht-club.com\/web\/wp-json\/wp\/v2\/categories?post=13782"},{"taxonomy":"post_tag","embeddable":true,"href":"https:\/\/caen-yacht-club.com\/web\/wp-json\/wp\/v2\/tags?post=13782"}],"curies":[{"name":"wp","href":"https:\/\/api.w.org\/{rel}","templated":true}]}}