{"id":14450,"date":"2026-01-22T15:15:57","date_gmt":"2026-01-22T14:15:57","guid":{"rendered":"https:\/\/caen-yacht-club.com\/web\/?p=14450"},"modified":"2026-01-22T15:16:00","modified_gmt":"2026-01-22T14:16:00","slug":"au-bout-des-tentacules-le-mystere-des-seiches-normandes","status":"publish","type":"post","link":"https:\/\/caen-yacht-club.com\/web\/au-bout-des-tentacules-le-mystere-des-seiches-normandes\/","title":{"rendered":"Au bout des tentacules\u2026  Le myst\u00e8re des seiches normandes"},"content":{"rendered":"\n<h3><img data-recalc-dims=\"1\" loading=\"lazy\" decoding=\"async\" data-attachment-id=\"14452\" data-permalink=\"https:\/\/caen-yacht-club.com\/web\/au-bout-des-tentacules-le-mystere-des-seiches-normandes\/bildschirmfoto-2026-01-19-um-15-40-53\/\" data-orig-file=\"https:\/\/i0.wp.com\/caen-yacht-club.com\/web\/wp-content\/uploads\/Bildschirmfoto-2026-01-19-um-15.40.53.png?fit=2070%2C1340&amp;ssl=1\" data-orig-size=\"2070,1340\" data-comments-opened=\"1\" data-image-meta=\"{&quot;aperture&quot;:&quot;0&quot;,&quot;credit&quot;:&quot;&quot;,&quot;camera&quot;:&quot;&quot;,&quot;caption&quot;:&quot;&quot;,&quot;created_timestamp&quot;:&quot;0&quot;,&quot;copyright&quot;:&quot;&quot;,&quot;focal_length&quot;:&quot;0&quot;,&quot;iso&quot;:&quot;0&quot;,&quot;shutter_speed&quot;:&quot;0&quot;,&quot;title&quot;:&quot;&quot;,&quot;orientation&quot;:&quot;0&quot;}\" data-image-title=\"Seiche CafMar 29 jan 26\" data-image-description=\"\" data-image-caption=\"\" data-large-file=\"https:\/\/i0.wp.com\/caen-yacht-club.com\/web\/wp-content\/uploads\/Bildschirmfoto-2026-01-19-um-15.40.53.png?fit=1024%2C663&amp;ssl=1\" class=\"alignnone size-medium wp-image-14452\" src=\"https:\/\/i0.wp.com\/caen-yacht-club.com\/web\/wp-content\/uploads\/Bildschirmfoto-2026-01-19-um-15.40.53.png?resize=300%2C194&#038;ssl=1\" alt=\"Seiche\" width=\"300\" height=\"194\" srcset=\"https:\/\/i0.wp.com\/caen-yacht-club.com\/web\/wp-content\/uploads\/Bildschirmfoto-2026-01-19-um-15.40.53.png?resize=300%2C194&amp;ssl=1 300w, https:\/\/i0.wp.com\/caen-yacht-club.com\/web\/wp-content\/uploads\/Bildschirmfoto-2026-01-19-um-15.40.53.png?resize=1024%2C663&amp;ssl=1 1024w, https:\/\/i0.wp.com\/caen-yacht-club.com\/web\/wp-content\/uploads\/Bildschirmfoto-2026-01-19-um-15.40.53.png?resize=768%2C497&amp;ssl=1 768w, https:\/\/i0.wp.com\/caen-yacht-club.com\/web\/wp-content\/uploads\/Bildschirmfoto-2026-01-19-um-15.40.53.png?resize=1536%2C994&amp;ssl=1 1536w, https:\/\/i0.wp.com\/caen-yacht-club.com\/web\/wp-content\/uploads\/Bildschirmfoto-2026-01-19-um-15.40.53.png?resize=2048%2C1326&amp;ssl=1 2048w, https:\/\/i0.wp.com\/caen-yacht-club.com\/web\/wp-content\/uploads\/Bildschirmfoto-2026-01-19-um-15.40.53.png?resize=600%2C388&amp;ssl=1 600w\" sizes=\"auto, (max-width: 300px) 100vw, 300px\" \/><\/h3>\n<h3>Caf\u00e9 Maritime le 29 janvier 2026 \u00e0 19h<\/h3>\n\n\n\n<p>Chaque printemps, la seiche revient sur nos c\u00f4tes. Mais que savons-nous r\u00e9ellement de cet \u00e9trange animal capable de dispara\u00eetre dans un nuage d&#8217;encre ? Bien plus qu&#8217;un simple mollusque cousin du bulot, la seiche poss\u00e8de une intelligence et une biologie fascinantes.<\/p>\n\n\n\n<p>Les chercheurs du laboratoire MERSEA (Marine Ecosystems and oRganisms reSEArch Lab) de l\u2019Universit\u00e9 de Caen-Normandie nous ouvrent les portes de leurs recherches au cours du caf\u00e9 maritime du Caen Yacht Club jeudi 29 janvier. De ses rituels de reproduction spectaculaires \u00e0 sa fin de vie myst\u00e9rieuse, d\u00e9couvrez comment ce c\u00e9phalopode s&#8217;adapte aux d\u00e9fis de demain : changement climatique et pression humaine. Plongez dans les secrets d&#8217;une esp\u00e8ce locale hors du commun avec la pr\u00e9sentation de <strong>C\u00e9line Zatylny-Gaudin<\/strong>, professeur en Biologie Marine et directrice du laboratoire de recherche MERSEA. Un temps d\u2019\u00e9change avec les participants de ce caf\u00e9 maritime aura ensuite lieu.<\/p>\n\n\n\n<p>Ce Caf\u00e9 Maritime du Caen Yacht Club se d\u00e9roulera<strong> le jeudi 29 janvier 2026 <\/strong>de <strong>19h \u00e0 20h15 <\/strong>sur le bassin Saint-Pierre, 2 quai de la Londe \u00e0 Caen. Une participation de 3 \u20ac vous sera demand\u00e9e, un pot suivra cette pr\u00e9sentation.<\/p>\n\n\n","protected":false},"excerpt":{"rendered":"<p>Caf\u00e9 Maritime le 29 janvier 2026 \u00e0 19h Chaque printemps, la seiche revient sur nos c\u00f4tes. Mais que savons-nous r\u00e9ellement de cet \u00e9trange animal capable de&#8230;<\/p>\n","protected":false},"author":337,"featured_media":0,"comment_status":"open","ping_status":"open","sticky":false,"template":"","format":"standard","meta":{"_exactmetrics_skip_tracking":false,"_exactmetrics_sitenote_active":false,"_exactmetrics_sitenote_note":"","_exactmetrics_sitenote_category":0,"jetpack_post_was_ever_published":false,"_jetpack_newsletter_access":"","_jetpack_dont_email_post_to_subs":false,"_jetpack_newsletter_tier_id":0,"_jetpack_memberships_contains_paywalled_content":false,"_jetpack_memberships_contains_paid_content":false,"footnotes":""},"categories":[1,17],"tags":[249,257,18,269],"class_list":["post-14450","post","type-post","status-publish","format-standard","hentry","category-actualite","category-cafe-maritime","tag-actualite","tag-caen-yacht-club","tag-cafe-maritime","tag-conference"],"yoast_head":"<!-- This site is optimized with the Yoast SEO plugin v27.5 - https:\/\/yoast.com\/product\/yoast-seo-wordpress\/ -->\n<title>Caen Yacht Club Actualit\u00e9s %<\/title>\n<meta name=\"description\" content=\"Les actualit\u00e9s et \u00e9v\u00e8nements du Caen Yacht Club. Conf\u00e9rences : Biologie marine, les seiches en mer normande\" \/>\n<meta name=\"robots\" content=\"index, follow, max-snippet:-1, max-image-preview:large, max-video-preview:-1\" \/>\n<link rel=\"canonical\" href=\"https:\/\/caen-yacht-club.com\/web\/au-bout-des-tentacules-le-mystere-des-seiches-normandes\/\" \/>\n<meta property=\"og:locale\" content=\"fr_FR\" \/>\n<meta property=\"og:type\" content=\"article\" \/>\n<meta property=\"og:title\" content=\"Caen Yacht Club Actualit\u00e9s %\" \/>\n<meta property=\"og:description\" content=\"Les actualit\u00e9s et \u00e9v\u00e8nements du Caen Yacht Club. Conf\u00e9rences : Biologie marine, les seiches en mer normande\" \/>\n<meta property=\"og:url\" content=\"https:\/\/caen-yacht-club.com\/web\/au-bout-des-tentacules-le-mystere-des-seiches-normandes\/\" \/>\n<meta property=\"og:site_name\" content=\"Caen Yacht Club\" \/>\n<meta property=\"article:published_time\" content=\"2026-01-22T14:15:57+00:00\" \/>\n<meta property=\"article:modified_time\" content=\"2026-01-22T14:16:00+00:00\" \/>\n<meta property=\"og:image\" content=\"https:\/\/caen-yacht-club.com\/web\/wp-content\/uploads\/Bildschirmfoto-2026-01-19-um-15.40.53-300x194.png\" \/>\n<meta name=\"author\" content=\"Anke Hedrich\" \/>\n<meta name=\"twitter:card\" content=\"summary_large_image\" \/>\n<meta name=\"twitter:label1\" content=\"\u00c9crit par\" \/>\n\t<meta name=\"twitter:data1\" content=\"Anke Hedrich\" \/>\n\t<meta name=\"twitter:label2\" content=\"Dur\u00e9e de lecture estim\u00e9e\" \/>\n\t<meta name=\"twitter:data2\" content=\"2 minutes\" \/>\n<script type=\"application\/ld+json\" class=\"yoast-schema-graph\">{\"@context\":\"https:\\\/\\\/schema.org\",\"@graph\":[{\"@type\":\"NewsArticle\",\"@id\":\"https:\\\/\\\/caen-yacht-club.com\\\/web\\\/au-bout-des-tentacules-le-mystere-des-seiches-normandes\\\/#article\",\"isPartOf\":{\"@id\":\"https:\\\/\\\/caen-yacht-club.com\\\/web\\\/au-bout-des-tentacules-le-mystere-des-seiches-normandes\\\/\"},\"author\":{\"name\":\"Anke Hedrich\",\"@id\":\"https:\\\/\\\/caen-yacht-club.com\\\/web\\\/#\\\/schema\\\/person\\\/4fa7678b6ad8d4d119760cb45aaebdd4\"},\"headline\":\"Au bout des tentacules\u2026 Le myst\u00e8re des seiches normandes\",\"datePublished\":\"2026-01-22T14:15:57+00:00\",\"dateModified\":\"2026-01-22T14:16:00+00:00\",\"mainEntityOfPage\":{\"@id\":\"https:\\\/\\\/caen-yacht-club.com\\\/web\\\/au-bout-des-tentacules-le-mystere-des-seiches-normandes\\\/\"},\"wordCount\":204,\"commentCount\":0,\"publisher\":{\"@id\":\"https:\\\/\\\/caen-yacht-club.com\\\/web\\\/#organization\"},\"image\":{\"@id\":\"https:\\\/\\\/caen-yacht-club.com\\\/web\\\/au-bout-des-tentacules-le-mystere-des-seiches-normandes\\\/#primaryimage\"},\"thumbnailUrl\":\"https:\\\/\\\/caen-yacht-club.com\\\/web\\\/wp-content\\\/uploads\\\/Bildschirmfoto-2026-01-19-um-15.40.53-300x194.png\",\"keywords\":[\"actualit\u00e9\",\"Caen-yacht-club\",\"caf\u00e9 maritime\",\"conf\u00e9rence\"],\"articleSection\":[\"Actualit\u00e9\",\"Caf\u00e9 Maritime\"],\"inLanguage\":\"fr-FR\",\"potentialAction\":[{\"@type\":\"CommentAction\",\"name\":\"Comment\",\"target\":[\"https:\\\/\\\/caen-yacht-club.com\\\/web\\\/au-bout-des-tentacules-le-mystere-des-seiches-normandes\\\/#respond\"]}]},{\"@type\":\"WebPage\",\"@id\":\"https:\\\/\\\/caen-yacht-club.com\\\/web\\\/au-bout-des-tentacules-le-mystere-des-seiches-normandes\\\/\",\"url\":\"https:\\\/\\\/caen-yacht-club.com\\\/web\\\/au-bout-des-tentacules-le-mystere-des-seiches-normandes\\\/\",\"name\":\"Caen Yacht Club Actualit\u00e9s %\",\"isPartOf\":{\"@id\":\"https:\\\/\\\/caen-yacht-club.com\\\/web\\\/#website\"},\"primaryImageOfPage\":{\"@id\":\"https:\\\/\\\/caen-yacht-club.com\\\/web\\\/au-bout-des-tentacules-le-mystere-des-seiches-normandes\\\/#primaryimage\"},\"image\":{\"@id\":\"https:\\\/\\\/caen-yacht-club.com\\\/web\\\/au-bout-des-tentacules-le-mystere-des-seiches-normandes\\\/#primaryimage\"},\"thumbnailUrl\":\"https:\\\/\\\/caen-yacht-club.com\\\/web\\\/wp-content\\\/uploads\\\/Bildschirmfoto-2026-01-19-um-15.40.53-300x194.png\",\"datePublished\":\"2026-01-22T14:15:57+00:00\",\"dateModified\":\"2026-01-22T14:16:00+00:00\",\"description\":\"Les actualit\u00e9s et \u00e9v\u00e8nements du Caen Yacht Club. Conf\u00e9rences : Biologie marine, les seiches en mer normande\",\"breadcrumb\":{\"@id\":\"https:\\\/\\\/caen-yacht-club.com\\\/web\\\/au-bout-des-tentacules-le-mystere-des-seiches-normandes\\\/#breadcrumb\"},\"inLanguage\":\"fr-FR\",\"potentialAction\":[{\"@type\":\"ReadAction\",\"target\":[\"https:\\\/\\\/caen-yacht-club.com\\\/web\\\/au-bout-des-tentacules-le-mystere-des-seiches-normandes\\\/\"]}]},{\"@type\":\"ImageObject\",\"inLanguage\":\"fr-FR\",\"@id\":\"https:\\\/\\\/caen-yacht-club.com\\\/web\\\/au-bout-des-tentacules-le-mystere-des-seiches-normandes\\\/#primaryimage\",\"url\":\"https:\\\/\\\/i0.wp.com\\\/caen-yacht-club.com\\\/web\\\/wp-content\\\/uploads\\\/Bildschirmfoto-2026-01-19-um-15.40.53.png?fit=2070%2C1340&ssl=1\",\"contentUrl\":\"https:\\\/\\\/i0.wp.com\\\/caen-yacht-club.com\\\/web\\\/wp-content\\\/uploads\\\/Bildschirmfoto-2026-01-19-um-15.40.53.png?fit=2070%2C1340&ssl=1\",\"width\":2070,\"height\":1340,\"caption\":\"Seiche\"},{\"@type\":\"BreadcrumbList\",\"@id\":\"https:\\\/\\\/caen-yacht-club.com\\\/web\\\/au-bout-des-tentacules-le-mystere-des-seiches-normandes\\\/#breadcrumb\",\"itemListElement\":[{\"@type\":\"ListItem\",\"position\":1,\"name\":\"Accueil\",\"item\":\"https:\\\/\\\/caen-yacht-club.com\\\/web\\\/\"},{\"@type\":\"ListItem\",\"position\":2,\"name\":\"Au bout des tentacules\u2026 Le myst\u00e8re des seiches normandes\"}]},{\"@type\":\"WebSite\",\"@id\":\"https:\\\/\\\/caen-yacht-club.com\\\/web\\\/#website\",\"url\":\"https:\\\/\\\/caen-yacht-club.com\\\/web\\\/\",\"name\":\"Caen Yacht Club\",\"description\":\"Naviguez en ville\",\"publisher\":{\"@id\":\"https:\\\/\\\/caen-yacht-club.com\\\/web\\\/#organization\"},\"potentialAction\":[{\"@type\":\"SearchAction\",\"target\":{\"@type\":\"EntryPoint\",\"urlTemplate\":\"https:\\\/\\\/caen-yacht-club.com\\\/web\\\/?s={search_term_string}\"},\"query-input\":{\"@type\":\"PropertyValueSpecification\",\"valueRequired\":true,\"valueName\":\"search_term_string\"}}],\"inLanguage\":\"fr-FR\"},{\"@type\":\"Organization\",\"@id\":\"https:\\\/\\\/caen-yacht-club.com\\\/web\\\/#organization\",\"name\":\"Caen Yacht Club\",\"url\":\"https:\\\/\\\/caen-yacht-club.com\\\/web\\\/\",\"logo\":{\"@type\":\"ImageObject\",\"inLanguage\":\"fr-FR\",\"@id\":\"https:\\\/\\\/caen-yacht-club.com\\\/web\\\/#\\\/schema\\\/logo\\\/image\\\/\",\"url\":\"https:\\\/\\\/i0.wp.com\\\/caen-yacht-club.com\\\/web\\\/wp-content\\\/uploads\\\/2020\\\/03\\\/Logo_CYC_20170104-e1585662025871.png?fit=500%2C472&ssl=1\",\"contentUrl\":\"https:\\\/\\\/i0.wp.com\\\/caen-yacht-club.com\\\/web\\\/wp-content\\\/uploads\\\/2020\\\/03\\\/Logo_CYC_20170104-e1585662025871.png?fit=500%2C472&ssl=1\",\"width\":500,\"height\":472,\"caption\":\"Caen Yacht Club\"},\"image\":{\"@id\":\"https:\\\/\\\/caen-yacht-club.com\\\/web\\\/#\\\/schema\\\/logo\\\/image\\\/\"}},{\"@type\":\"Person\",\"@id\":\"https:\\\/\\\/caen-yacht-club.com\\\/web\\\/#\\\/schema\\\/person\\\/4fa7678b6ad8d4d119760cb45aaebdd4\",\"name\":\"Anke Hedrich\",\"image\":{\"@type\":\"ImageObject\",\"inLanguage\":\"fr-FR\",\"@id\":\"https:\\\/\\\/secure.gravatar.com\\\/avatar\\\/607fb6e297b4428122ca163dbeca2244c2e17983b5d2285897678a781ad9d5a5?s=96&d=mm&r=g\",\"url\":\"https:\\\/\\\/secure.gravatar.com\\\/avatar\\\/607fb6e297b4428122ca163dbeca2244c2e17983b5d2285897678a781ad9d5a5?s=96&d=mm&r=g\",\"contentUrl\":\"https:\\\/\\\/secure.gravatar.com\\\/avatar\\\/607fb6e297b4428122ca163dbeca2244c2e17983b5d2285897678a781ad9d5a5?s=96&d=mm&r=g\",\"caption\":\"Anke Hedrich\"},\"url\":\"https:\\\/\\\/caen-yacht-club.com\\\/web\\\/espace-membre\\\/?uid=337\"}]}<\/script>\n<!-- \/ Yoast SEO plugin. -->","yoast_head_json":{"title":"Caen Yacht Club Actualit\u00e9s %","description":"Les actualit\u00e9s et \u00e9v\u00e8nements du Caen Yacht Club. Conf\u00e9rences : Biologie marine, les seiches en mer normande","robots":{"index":"index","follow":"follow","max-snippet":"max-snippet:-1","max-image-preview":"max-image-preview:large","max-video-preview":"max-video-preview:-1"},"canonical":"https:\/\/caen-yacht-club.com\/web\/au-bout-des-tentacules-le-mystere-des-seiches-normandes\/","og_locale":"fr_FR","og_type":"article","og_title":"Caen Yacht Club Actualit\u00e9s %","og_description":"Les actualit\u00e9s et \u00e9v\u00e8nements du Caen Yacht Club. Conf\u00e9rences : Biologie marine, les seiches en mer normande","og_url":"https:\/\/caen-yacht-club.com\/web\/au-bout-des-tentacules-le-mystere-des-seiches-normandes\/","og_site_name":"Caen Yacht Club","article_published_time":"2026-01-22T14:15:57+00:00","article_modified_time":"2026-01-22T14:16:00+00:00","og_image":[{"url":"https:\/\/caen-yacht-club.com\/web\/wp-content\/uploads\/Bildschirmfoto-2026-01-19-um-15.40.53-300x194.png","type":"","width":"","height":""}],"author":"Anke Hedrich","twitter_card":"summary_large_image","twitter_misc":{"\u00c9crit par":"Anke Hedrich","Dur\u00e9e de lecture estim\u00e9e":"2 minutes"},"schema":{"@context":"https:\/\/schema.org","@graph":[{"@type":"NewsArticle","@id":"https:\/\/caen-yacht-club.com\/web\/au-bout-des-tentacules-le-mystere-des-seiches-normandes\/#article","isPartOf":{"@id":"https:\/\/caen-yacht-club.com\/web\/au-bout-des-tentacules-le-mystere-des-seiches-normandes\/"},"author":{"name":"Anke Hedrich","@id":"https:\/\/caen-yacht-club.com\/web\/#\/schema\/person\/4fa7678b6ad8d4d119760cb45aaebdd4"},"headline":"Au bout des tentacules\u2026 Le myst\u00e8re des seiches normandes","datePublished":"2026-01-22T14:15:57+00:00","dateModified":"2026-01-22T14:16:00+00:00","mainEntityOfPage":{"@id":"https:\/\/caen-yacht-club.com\/web\/au-bout-des-tentacules-le-mystere-des-seiches-normandes\/"},"wordCount":204,"commentCount":0,"publisher":{"@id":"https:\/\/caen-yacht-club.com\/web\/#organization"},"image":{"@id":"https:\/\/caen-yacht-club.com\/web\/au-bout-des-tentacules-le-mystere-des-seiches-normandes\/#primaryimage"},"thumbnailUrl":"https:\/\/caen-yacht-club.com\/web\/wp-content\/uploads\/Bildschirmfoto-2026-01-19-um-15.40.53-300x194.png","keywords":["actualit\u00e9","Caen-yacht-club","caf\u00e9 maritime","conf\u00e9rence"],"articleSection":["Actualit\u00e9","Caf\u00e9 Maritime"],"inLanguage":"fr-FR","potentialAction":[{"@type":"CommentAction","name":"Comment","target":["https:\/\/caen-yacht-club.com\/web\/au-bout-des-tentacules-le-mystere-des-seiches-normandes\/#respond"]}]},{"@type":"WebPage","@id":"https:\/\/caen-yacht-club.com\/web\/au-bout-des-tentacules-le-mystere-des-seiches-normandes\/","url":"https:\/\/caen-yacht-club.com\/web\/au-bout-des-tentacules-le-mystere-des-seiches-normandes\/","name":"Caen Yacht Club Actualit\u00e9s %","isPartOf":{"@id":"https:\/\/caen-yacht-club.com\/web\/#website"},"primaryImageOfPage":{"@id":"https:\/\/caen-yacht-club.com\/web\/au-bout-des-tentacules-le-mystere-des-seiches-normandes\/#primaryimage"},"image":{"@id":"https:\/\/caen-yacht-club.com\/web\/au-bout-des-tentacules-le-mystere-des-seiches-normandes\/#primaryimage"},"thumbnailUrl":"https:\/\/caen-yacht-club.com\/web\/wp-content\/uploads\/Bildschirmfoto-2026-01-19-um-15.40.53-300x194.png","datePublished":"2026-01-22T14:15:57+00:00","dateModified":"2026-01-22T14:16:00+00:00","description":"Les actualit\u00e9s et \u00e9v\u00e8nements du Caen Yacht Club. Conf\u00e9rences : Biologie marine, les seiches en mer normande","breadcrumb":{"@id":"https:\/\/caen-yacht-club.com\/web\/au-bout-des-tentacules-le-mystere-des-seiches-normandes\/#breadcrumb"},"inLanguage":"fr-FR","potentialAction":[{"@type":"ReadAction","target":["https:\/\/caen-yacht-club.com\/web\/au-bout-des-tentacules-le-mystere-des-seiches-normandes\/"]}]},{"@type":"ImageObject","inLanguage":"fr-FR","@id":"https:\/\/caen-yacht-club.com\/web\/au-bout-des-tentacules-le-mystere-des-seiches-normandes\/#primaryimage","url":"https:\/\/i0.wp.com\/caen-yacht-club.com\/web\/wp-content\/uploads\/Bildschirmfoto-2026-01-19-um-15.40.53.png?fit=2070%2C1340&ssl=1","contentUrl":"https:\/\/i0.wp.com\/caen-yacht-club.com\/web\/wp-content\/uploads\/Bildschirmfoto-2026-01-19-um-15.40.53.png?fit=2070%2C1340&ssl=1","width":2070,"height":1340,"caption":"Seiche"},{"@type":"BreadcrumbList","@id":"https:\/\/caen-yacht-club.com\/web\/au-bout-des-tentacules-le-mystere-des-seiches-normandes\/#breadcrumb","itemListElement":[{"@type":"ListItem","position":1,"name":"Accueil","item":"https:\/\/caen-yacht-club.com\/web\/"},{"@type":"ListItem","position":2,"name":"Au bout des tentacules\u2026 Le myst\u00e8re des seiches normandes"}]},{"@type":"WebSite","@id":"https:\/\/caen-yacht-club.com\/web\/#website","url":"https:\/\/caen-yacht-club.com\/web\/","name":"Caen Yacht Club","description":"Naviguez en ville","publisher":{"@id":"https:\/\/caen-yacht-club.com\/web\/#organization"},"potentialAction":[{"@type":"SearchAction","target":{"@type":"EntryPoint","urlTemplate":"https:\/\/caen-yacht-club.com\/web\/?s={search_term_string}"},"query-input":{"@type":"PropertyValueSpecification","valueRequired":true,"valueName":"search_term_string"}}],"inLanguage":"fr-FR"},{"@type":"Organization","@id":"https:\/\/caen-yacht-club.com\/web\/#organization","name":"Caen Yacht Club","url":"https:\/\/caen-yacht-club.com\/web\/","logo":{"@type":"ImageObject","inLanguage":"fr-FR","@id":"https:\/\/caen-yacht-club.com\/web\/#\/schema\/logo\/image\/","url":"https:\/\/i0.wp.com\/caen-yacht-club.com\/web\/wp-content\/uploads\/2020\/03\/Logo_CYC_20170104-e1585662025871.png?fit=500%2C472&ssl=1","contentUrl":"https:\/\/i0.wp.com\/caen-yacht-club.com\/web\/wp-content\/uploads\/2020\/03\/Logo_CYC_20170104-e1585662025871.png?fit=500%2C472&ssl=1","width":500,"height":472,"caption":"Caen Yacht Club"},"image":{"@id":"https:\/\/caen-yacht-club.com\/web\/#\/schema\/logo\/image\/"}},{"@type":"Person","@id":"https:\/\/caen-yacht-club.com\/web\/#\/schema\/person\/4fa7678b6ad8d4d119760cb45aaebdd4","name":"Anke Hedrich","image":{"@type":"ImageObject","inLanguage":"fr-FR","@id":"https:\/\/secure.gravatar.com\/avatar\/607fb6e297b4428122ca163dbeca2244c2e17983b5d2285897678a781ad9d5a5?s=96&d=mm&r=g","url":"https:\/\/secure.gravatar.com\/avatar\/607fb6e297b4428122ca163dbeca2244c2e17983b5d2285897678a781ad9d5a5?s=96&d=mm&r=g","contentUrl":"https:\/\/secure.gravatar.com\/avatar\/607fb6e297b4428122ca163dbeca2244c2e17983b5d2285897678a781ad9d5a5?s=96&d=mm&r=g","caption":"Anke Hedrich"},"url":"https:\/\/caen-yacht-club.com\/web\/espace-membre\/?uid=337"}]}},"jetpack_featured_media_url":"","jetpack_sharing_enabled":true,"jetpack_shortlink":"https:\/\/wp.me\/p7ppuD-3L4","jetpack-related-posts":[{"id":3894,"url":"https:\/\/caen-yacht-club.com\/web\/affluence-au-dernier-cafe-maritime-de-2019\/","url_meta":{"origin":14450,"position":0},"title":"Affluence au dernier Caf\u00e9 Maritime de 2019","author":"Damien BULLET","date":"12 d\u00e9cembre 2019","format":false,"excerpt":"Avec science et humour, Ludovic Dickel nous a transport\u00e9s de son laboratoire caennais aux mers lointaines avec des films o\u00f9 les poulpes tiennent la vedette. Les prochains rendez-vous du Caf\u00e9 Maritime samedi 4 janvier, 19h-22h (avec repas partag\u00e9) : Pierre-Andr\u00e9 Huglo\u00a0 nous racontera son tour du monde \u00e0 la voile\u2026","rel":"","context":"Dans &quot;Actualit\u00e9&quot;","block_context":{"text":"Actualit\u00e9","link":"https:\/\/caen-yacht-club.com\/web\/category\/actualite\/"},"img":{"alt_text":"","src":"https:\/\/i0.wp.com\/caen-yacht-club.com\/web\/wp-content\/uploads\/2019\/12\/DSC_0006-scaled.jpg?fit=1200%2C675&ssl=1&resize=350%2C200","width":350,"height":200,"srcset":"https:\/\/i0.wp.com\/caen-yacht-club.com\/web\/wp-content\/uploads\/2019\/12\/DSC_0006-scaled.jpg?fit=1200%2C675&ssl=1&resize=350%2C200 1x, https:\/\/i0.wp.com\/caen-yacht-club.com\/web\/wp-content\/uploads\/2019\/12\/DSC_0006-scaled.jpg?fit=1200%2C675&ssl=1&resize=525%2C300 1.5x, https:\/\/i0.wp.com\/caen-yacht-club.com\/web\/wp-content\/uploads\/2019\/12\/DSC_0006-scaled.jpg?fit=1200%2C675&ssl=1&resize=700%2C400 2x, https:\/\/i0.wp.com\/caen-yacht-club.com\/web\/wp-content\/uploads\/2019\/12\/DSC_0006-scaled.jpg?fit=1200%2C675&ssl=1&resize=1050%2C600 3x"},"classes":[]},{"id":12225,"url":"https:\/\/caen-yacht-club.com\/web\/presentation-du-pilotage-maritime-par-christophe-hurel-pilote-de-la-seine-caen-dieppe-cafe-maritime-du-1er-decembre-2022\/","url_meta":{"origin":14450,"position":1},"title":"Pr\u00e9sentation du pilotage maritime par Christophe Hurel, pilote de la Seine-Caen-Dieppe.                                                      &#8220;Caf\u00e9 Maritime&#8221; du jeudi 12 janvier 2023.","author":"Anne CHIVOT","date":"18 novembre 2022","format":false,"excerpt":"Les pilotes maritimes, partout dans le monde, guident les navires \u00e0 l\u2019entr\u00e9e et \u00e0 la sortie des ports. Pour ce faire, ils embarquent sur les navires jour et nuit par (presque) tous les temps pour apporter aux commandants de ces navires leur connaissance des lieux, leur expertise et leur exp\u00e9rience.\u2026","rel":"","context":"Dans &quot;Actualit\u00e9&quot;","block_context":{"text":"Actualit\u00e9","link":"https:\/\/caen-yacht-club.com\/web\/category\/actualite\/"},"img":{"alt_text":"","src":"https:\/\/i0.wp.com\/caen-yacht-club.com\/web\/wp-content\/uploads\/DJI_0323-scaled.jpg?fit=1200%2C800&ssl=1&resize=350%2C200","width":350,"height":200,"srcset":"https:\/\/i0.wp.com\/caen-yacht-club.com\/web\/wp-content\/uploads\/DJI_0323-scaled.jpg?fit=1200%2C800&ssl=1&resize=350%2C200 1x, https:\/\/i0.wp.com\/caen-yacht-club.com\/web\/wp-content\/uploads\/DJI_0323-scaled.jpg?fit=1200%2C800&ssl=1&resize=525%2C300 1.5x, https:\/\/i0.wp.com\/caen-yacht-club.com\/web\/wp-content\/uploads\/DJI_0323-scaled.jpg?fit=1200%2C800&ssl=1&resize=700%2C400 2x, https:\/\/i0.wp.com\/caen-yacht-club.com\/web\/wp-content\/uploads\/DJI_0323-scaled.jpg?fit=1200%2C800&ssl=1&resize=1050%2C600 3x"},"classes":[]},{"id":3907,"url":"https:\/\/caen-yacht-club.com\/web\/prochain-cafe-maritime-le-04-janvier-2020\/","url_meta":{"origin":14450,"position":2},"title":"Prochain Caf\u00e9 maritime  le 04 janvier 2020","author":"Damien BULLET","date":"17 d\u00e9cembre 2019","format":false,"excerpt":"Sur son voilier de 9,60 m, Pierre-Andr\u00e9 Huglo a parcouru SEUL 26 943 milles autour du monde, soit 221 jours SANS ESCALE. Au Caen Yacht Club, samedi 4 janvier, de 18h \u00e0 20h, il nous racontera sa longue et minutieuse pr\u00e9paration et le d\u00e9roulement de son aventure, accomplie avec le\u2026","rel":"","context":"Dans &quot;Actualit\u00e9&quot;","block_context":{"text":"Actualit\u00e9","link":"https:\/\/caen-yacht-club.com\/web\/category\/actualite\/"},"img":{"alt_text":"","src":"https:\/\/i0.wp.com\/caen-yacht-club.com\/web\/wp-content\/uploads\/2019\/12\/Affiche.jpg?fit=900%2C1200&ssl=1&resize=350%2C200","width":350,"height":200,"srcset":"https:\/\/i0.wp.com\/caen-yacht-club.com\/web\/wp-content\/uploads\/2019\/12\/Affiche.jpg?fit=900%2C1200&ssl=1&resize=350%2C200 1x, https:\/\/i0.wp.com\/caen-yacht-club.com\/web\/wp-content\/uploads\/2019\/12\/Affiche.jpg?fit=900%2C1200&ssl=1&resize=525%2C300 1.5x, https:\/\/i0.wp.com\/caen-yacht-club.com\/web\/wp-content\/uploads\/2019\/12\/Affiche.jpg?fit=900%2C1200&ssl=1&resize=700%2C400 2x"},"classes":[]},{"id":3975,"url":"https:\/\/caen-yacht-club.com\/web\/cafe-maritime-du-jeudi-30-janvier-2020\/","url_meta":{"origin":14450,"position":3},"title":"Caf\u00e9 Maritime du jeudi 30 janvier 2020","author":"Damien BULLET","date":"21 janvier 2020","format":false,"excerpt":"MARINEFF, un espoir pour la biodiversit\u00e9 en Manche. C'est un projet unique, soutenu par l\u2019Union Europ\u00e9enne, pour lutter contre la perte de biodiversit\u00e9 de la zone c\u00f4ti\u00e8re.Biologistes, marins, plongeurs, enseignants-chercheurs, ing\u00e9nieurs, acteurs de la construction maritime collaborent pour produire des infrastructures de nouvelle g\u00e9n\u00e9ration, capables d\u2019\u00eatre colonis\u00e9es par les organismes\u2026","rel":"","context":"Dans &quot;Actualit\u00e9&quot;","block_context":{"text":"Actualit\u00e9","link":"https:\/\/caen-yacht-club.com\/web\/category\/actualite\/"},"img":{"alt_text":"","src":"https:\/\/i0.wp.com\/caen-yacht-club.com\/web\/wp-content\/uploads\/2020\/01\/couverture_Fb_logo-interreg_partners.png?fit=1200%2C482&ssl=1&resize=350%2C200","width":350,"height":200,"srcset":"https:\/\/i0.wp.com\/caen-yacht-club.com\/web\/wp-content\/uploads\/2020\/01\/couverture_Fb_logo-interreg_partners.png?fit=1200%2C482&ssl=1&resize=350%2C200 1x, https:\/\/i0.wp.com\/caen-yacht-club.com\/web\/wp-content\/uploads\/2020\/01\/couverture_Fb_logo-interreg_partners.png?fit=1200%2C482&ssl=1&resize=525%2C300 1.5x, https:\/\/i0.wp.com\/caen-yacht-club.com\/web\/wp-content\/uploads\/2020\/01\/couverture_Fb_logo-interreg_partners.png?fit=1200%2C482&ssl=1&resize=700%2C400 2x, https:\/\/i0.wp.com\/caen-yacht-club.com\/web\/wp-content\/uploads\/2020\/01\/couverture_Fb_logo-interreg_partners.png?fit=1200%2C482&ssl=1&resize=1050%2C600 3x"},"classes":[]},{"id":14538,"url":"https:\/\/caen-yacht-club.com\/web\/especes-exotiques-et-salissuresbiologiques-dans-les-ports-normands\/","url_meta":{"origin":14450,"position":4},"title":"Esp\u00e8ces exotiques et \u00ab salissures biologiques \u00bb dans les ports normands","author":"Anke Hedrich","date":"20 mars 2026","format":false,"excerpt":"JEUDI 26 MARS 2026 18h30 - 20h Quai de la Londe \u00e0 Caen Conf\u00e9rence anim\u00e9e par Katherine Costil Chercheure en \u00e9cologie et \u00e9cotoxicologie marines, membre du laboratoire MERSEA (Marine Ecosystems and oRganisms reSEArch Lab) Les ports normands peuvent \u00eatre colonis\u00e9s par des esp\u00e8ce exotiques (c\u2019est-\u00e0-dire introduites), susceptibles de devenir invasives\u2026","rel":"","context":"Dans &quot;Actualit\u00e9&quot;","block_context":{"text":"Actualit\u00e9","link":"https:\/\/caen-yacht-club.com\/web\/category\/actualite\/"},"img":{"alt_text":"","src":"https:\/\/i0.wp.com\/caen-yacht-club.com\/web\/wp-content\/uploads\/Bildschirmfoto-2026-03-20-um-16.00.00.png?resize=350%2C200&ssl=1","width":350,"height":200,"srcset":"https:\/\/i0.wp.com\/caen-yacht-club.com\/web\/wp-content\/uploads\/Bildschirmfoto-2026-03-20-um-16.00.00.png?resize=350%2C200&ssl=1 1x, https:\/\/i0.wp.com\/caen-yacht-club.com\/web\/wp-content\/uploads\/Bildschirmfoto-2026-03-20-um-16.00.00.png?resize=525%2C300&ssl=1 1.5x, https:\/\/i0.wp.com\/caen-yacht-club.com\/web\/wp-content\/uploads\/Bildschirmfoto-2026-03-20-um-16.00.00.png?resize=700%2C400&ssl=1 2x, https:\/\/i0.wp.com\/caen-yacht-club.com\/web\/wp-content\/uploads\/Bildschirmfoto-2026-03-20-um-16.00.00.png?resize=1050%2C600&ssl=1 3x"},"classes":[]},{"id":10869,"url":"https:\/\/caen-yacht-club.com\/web\/nouveau-cafe-maritime-jeudi-28-janvier-2021\/","url_meta":{"origin":14450,"position":5},"title":"Caf\u00e9 maritime &#8211; Jeudi 28 janvier 2021","author":"Alexandre FROMENT","date":"27 janvier 2021","format":false,"excerpt":"Ce premier Caf\u00e9 Maritime de l'ann\u00e9e 2021 lance la saison culturelle du Caen Yacht Club ! Et si, aux vues des conditions sanitaires, vous ne pouvez venir au Caf\u00e9 Maritime, le Caf\u00e9 Maritime viendra \u00e0 vous (en visioconf\u00e9rence) ! Pour cette \u00a0\u00e9dition \u00a0sp\u00e9ciale, le Caf\u00e9-Maritime s'adapte et sera enti\u00e8rement num\u00e9rique,\u2026","rel":"","context":"Dans &quot;Caf\u00e9 Maritime&quot;","block_context":{"text":"Caf\u00e9 Maritime","link":"https:\/\/caen-yacht-club.com\/web\/category\/cafe-maritime\/"},"img":{"alt_text":"","src":"https:\/\/i0.wp.com\/caen-yacht-club.com\/web\/wp-content\/uploads\/huitres_plates-5ef44b0b.jpg?fit=604%2C846&ssl=1&resize=350%2C200","width":350,"height":200,"srcset":"https:\/\/i0.wp.com\/caen-yacht-club.com\/web\/wp-content\/uploads\/huitres_plates-5ef44b0b.jpg?fit=604%2C846&ssl=1&resize=350%2C200 1x, https:\/\/i0.wp.com\/caen-yacht-club.com\/web\/wp-content\/uploads\/huitres_plates-5ef44b0b.jpg?fit=604%2C846&ssl=1&resize=525%2C300 1.5x"},"classes":[]}],"_links":{"self":[{"href":"https:\/\/caen-yacht-club.com\/web\/wp-json\/wp\/v2\/posts\/14450","targetHints":{"allow":["GET"]}}],"collection":[{"href":"https:\/\/caen-yacht-club.com\/web\/wp-json\/wp\/v2\/posts"}],"about":[{"href":"https:\/\/caen-yacht-club.com\/web\/wp-json\/wp\/v2\/types\/post"}],"author":[{"embeddable":true,"href":"https:\/\/caen-yacht-club.com\/web\/wp-json\/wp\/v2\/users\/337"}],"replies":[{"embeddable":true,"href":"https:\/\/caen-yacht-club.com\/web\/wp-json\/wp\/v2\/comments?post=14450"}],"version-history":[{"count":3,"href":"https:\/\/caen-yacht-club.com\/web\/wp-json\/wp\/v2\/posts\/14450\/revisions"}],"predecessor-version":[{"id":14454,"href":"https:\/\/caen-yacht-club.com\/web\/wp-json\/wp\/v2\/posts\/14450\/revisions\/14454"}],"wp:attachment":[{"href":"https:\/\/caen-yacht-club.com\/web\/wp-json\/wp\/v2\/media?parent=14450"}],"wp:term":[{"taxonomy":"category","embeddable":true,"href":"https:\/\/caen-yacht-club.com\/web\/wp-json\/wp\/v2\/categories?post=14450"},{"taxonomy":"post_tag","embeddable":true,"href":"https:\/\/caen-yacht-club.com\/web\/wp-json\/wp\/v2\/tags?post=14450"}],"curies":[{"name":"wp","href":"https:\/\/api.w.org\/{rel}","templated":true}]}}