{"id":3341,"date":"2019-02-21T13:35:34","date_gmt":"2019-02-21T12:35:34","guid":{"rendered":"http:\/\/caen-yacht-club.com\/web\/?p=3341"},"modified":"2019-02-21T13:37:38","modified_gmt":"2019-02-21T12:37:38","slug":"prochain-cafe-maritime-le-jeudi-28-fevrier","status":"publish","type":"post","link":"https:\/\/caen-yacht-club.com\/web\/prochain-cafe-maritime-le-jeudi-28-fevrier\/","title":{"rendered":"Prochain Caf\u00e9 Maritime le jeudi 28 f\u00e9vrier"},"content":{"rendered":"\n<p><strong>Le prochain Caf\u00e9 Maritime du Caen Yacht Club se d\u00e9roulera le jeudi 28 f\u00e9vrier 2019 \u00e0 18h30, dans la salle de la Ligue de voile avec comme invit\u00e9, le navigateur Philippe Bensimon, Pr\u00e9sident de l&#8217;association &#8220;Tour solidaire des deux Am\u00e9riques en voilier.&#8221;<\/strong><\/p>\n\n\n\n<p><em>&#8220;L\u2019exp\u00e9dition Tour des deux Am\u00e9riques solidaire en voilier nait de la rencontre de plusieurs volont\u00e9s :<\/em><\/p>\n\n\n\n<ul class=\"wp-block-list\"><li><em>celles tr\u00e8s fortes de plusieurs navigateurs engag\u00e9s dans la d\u00e9fense de l\u2019oc\u00e9an et de la vie marine victimes de la pollution et du r\u00e9chauffement climatique, au profit de la plan\u00e8te et de ceux qui y vivent. 152.000 personnes mourront chaque ann\u00e9e en Europe du r\u00e9chauffement climatique d\u2019ici la fin du si\u00e8cle. Les ressources de 3,5 milliards d\u2019individus d\u00e9pendent aujourd\u2019hui de la survie des oc\u00e9ans (source : UN Environment 28 sept. 2017). <\/em><\/li><li><em>celles de laboratoires de recherche scientifique ayant besoin de relais en mer pour le recueil de donn\u00e9es.&#8221;<\/em>\ufeff<\/li><\/ul>\n\n\n\n<p>Pour en savoir plus sur ce projet : <a target=\"_blank\" href=\"http:\/\/il8x.mjt.lu\/lnk\/ANAAAC8R_G4AAaUiPRIAAGiMRiMAARrnUasAGflTAAhSHwBca6lxPjFHIFokS-atCUCfQvWHkAAH6QI\/3\/62k4PAuh0s2fBgFTLKjFYg\/aHR0cDovL3d3dy5hbWVyaXF1ZXN2b2lsaWVyLWV4cGVkaXRpb25zLm9yZy8\" rel=\"noreferrer noopener\">http:\/\/www.ameriquesvoilier-expeditions.org\/<\/a><\/p>\n","protected":false},"excerpt":{"rendered":"<p>Le prochain Caf\u00e9 Maritime du Caen Yacht Club se d\u00e9roulera le jeudi 28 f\u00e9vrier 2019 \u00e0 18h30, dans la salle de la Ligue de voile avec&#8230;<\/p>\n","protected":false},"author":221,"featured_media":3345,"comment_status":"open","ping_status":"open","sticky":false,"template":"","format":"standard","meta":{"_exactmetrics_skip_tracking":false,"_exactmetrics_sitenote_active":false,"_exactmetrics_sitenote_note":"","_exactmetrics_sitenote_category":0,"jetpack_post_was_ever_published":false,"_jetpack_newsletter_access":"","_jetpack_dont_email_post_to_subs":false,"_jetpack_newsletter_tier_id":0,"_jetpack_memberships_contains_paywalled_content":false,"_jetpack_memberships_contains_paid_content":false,"footnotes":""},"categories":[1,17],"tags":[],"class_list":["post-3341","post","type-post","status-publish","format-standard","has-post-thumbnail","hentry","category-actualite","category-cafe-maritime"],"yoast_head":"<!-- This site is optimized with the Yoast SEO plugin v27.5 - https:\/\/yoast.com\/product\/yoast-seo-wordpress\/ -->\n<title>Caen Yacht Club Actualit\u00e9s<\/title>\n<meta name=\"description\" content=\"Les actualit\u00e9s et \u00e9v\u00e8nements du Caen Yacht Club. R\u00e9gates, Cours de voile, Conf\u00e9rences\" \/>\n<meta name=\"robots\" content=\"index, follow, max-snippet:-1, max-image-preview:large, max-video-preview:-1\" \/>\n<link rel=\"canonical\" href=\"https:\/\/caen-yacht-club.com\/web\/prochain-cafe-maritime-le-jeudi-28-fevrier\/\" \/>\n<meta property=\"og:locale\" content=\"fr_FR\" \/>\n<meta property=\"og:type\" content=\"article\" \/>\n<meta property=\"og:title\" content=\"Caen Yacht Club Actualit\u00e9s\" \/>\n<meta property=\"og:description\" content=\"Les actualit\u00e9s et \u00e9v\u00e8nements du Caen Yacht Club. R\u00e9gates, Cours de voile, Conf\u00e9rences\" \/>\n<meta property=\"og:url\" content=\"https:\/\/caen-yacht-club.com\/web\/prochain-cafe-maritime-le-jeudi-28-fevrier\/\" \/>\n<meta property=\"og:site_name\" content=\"Caen Yacht Club\" \/>\n<meta property=\"article:published_time\" content=\"2019-02-21T12:35:34+00:00\" \/>\n<meta property=\"article:modified_time\" content=\"2019-02-21T12:37:38+00:00\" \/>\n<meta property=\"og:image\" content=\"https:\/\/i0.wp.com\/caen-yacht-club.com\/web\/wp-content\/uploads\/2019\/02\/100347222_o.jpg?fit=2048%2C1536&ssl=1\" \/>\n\t<meta property=\"og:image:width\" content=\"2048\" \/>\n\t<meta property=\"og:image:height\" content=\"1536\" \/>\n\t<meta property=\"og:image:type\" content=\"image\/jpeg\" \/>\n<meta name=\"author\" content=\"Damien BULLET\" \/>\n<meta name=\"twitter:card\" content=\"summary_large_image\" \/>\n<meta name=\"twitter:label1\" content=\"\u00c9crit par\" \/>\n\t<meta name=\"twitter:data1\" content=\"Damien BULLET\" \/>\n\t<meta name=\"twitter:label2\" content=\"Dur\u00e9e de lecture estim\u00e9e\" \/>\n\t<meta name=\"twitter:data2\" content=\"1 minute\" \/>\n<script type=\"application\/ld+json\" class=\"yoast-schema-graph\">{\"@context\":\"https:\\\/\\\/schema.org\",\"@graph\":[{\"@type\":\"NewsArticle\",\"@id\":\"https:\\\/\\\/caen-yacht-club.com\\\/web\\\/prochain-cafe-maritime-le-jeudi-28-fevrier\\\/#article\",\"isPartOf\":{\"@id\":\"https:\\\/\\\/caen-yacht-club.com\\\/web\\\/prochain-cafe-maritime-le-jeudi-28-fevrier\\\/\"},\"author\":{\"name\":\"Damien BULLET\",\"@id\":\"https:\\\/\\\/caen-yacht-club.com\\\/web\\\/#\\\/schema\\\/person\\\/38f45dab01ccdf9e6429c7fd372783fe\"},\"headline\":\"Prochain Caf\u00e9 Maritime le jeudi 28 f\u00e9vrier\",\"datePublished\":\"2019-02-21T12:35:34+00:00\",\"dateModified\":\"2019-02-21T12:37:38+00:00\",\"mainEntityOfPage\":{\"@id\":\"https:\\\/\\\/caen-yacht-club.com\\\/web\\\/prochain-cafe-maritime-le-jeudi-28-fevrier\\\/\"},\"wordCount\":179,\"commentCount\":0,\"publisher\":{\"@id\":\"https:\\\/\\\/caen-yacht-club.com\\\/web\\\/#organization\"},\"image\":{\"@id\":\"https:\\\/\\\/caen-yacht-club.com\\\/web\\\/prochain-cafe-maritime-le-jeudi-28-fevrier\\\/#primaryimage\"},\"thumbnailUrl\":\"https:\\\/\\\/i0.wp.com\\\/caen-yacht-club.com\\\/web\\\/wp-content\\\/uploads\\\/2019\\\/02\\\/100347222_o.jpg?fit=2048%2C1536&ssl=1\",\"articleSection\":[\"Actualit\u00e9\",\"Caf\u00e9 Maritime\"],\"inLanguage\":\"fr-FR\",\"potentialAction\":[{\"@type\":\"CommentAction\",\"name\":\"Comment\",\"target\":[\"https:\\\/\\\/caen-yacht-club.com\\\/web\\\/prochain-cafe-maritime-le-jeudi-28-fevrier\\\/#respond\"]}]},{\"@type\":\"WebPage\",\"@id\":\"https:\\\/\\\/caen-yacht-club.com\\\/web\\\/prochain-cafe-maritime-le-jeudi-28-fevrier\\\/\",\"url\":\"https:\\\/\\\/caen-yacht-club.com\\\/web\\\/prochain-cafe-maritime-le-jeudi-28-fevrier\\\/\",\"name\":\"Caen Yacht Club Actualit\u00e9s\",\"isPartOf\":{\"@id\":\"https:\\\/\\\/caen-yacht-club.com\\\/web\\\/#website\"},\"primaryImageOfPage\":{\"@id\":\"https:\\\/\\\/caen-yacht-club.com\\\/web\\\/prochain-cafe-maritime-le-jeudi-28-fevrier\\\/#primaryimage\"},\"image\":{\"@id\":\"https:\\\/\\\/caen-yacht-club.com\\\/web\\\/prochain-cafe-maritime-le-jeudi-28-fevrier\\\/#primaryimage\"},\"thumbnailUrl\":\"https:\\\/\\\/i0.wp.com\\\/caen-yacht-club.com\\\/web\\\/wp-content\\\/uploads\\\/2019\\\/02\\\/100347222_o.jpg?fit=2048%2C1536&ssl=1\",\"datePublished\":\"2019-02-21T12:35:34+00:00\",\"dateModified\":\"2019-02-21T12:37:38+00:00\",\"description\":\"Les actualit\u00e9s et \u00e9v\u00e8nements du Caen Yacht Club. R\u00e9gates, Cours de voile, Conf\u00e9rences\",\"breadcrumb\":{\"@id\":\"https:\\\/\\\/caen-yacht-club.com\\\/web\\\/prochain-cafe-maritime-le-jeudi-28-fevrier\\\/#breadcrumb\"},\"inLanguage\":\"fr-FR\",\"potentialAction\":[{\"@type\":\"ReadAction\",\"target\":[\"https:\\\/\\\/caen-yacht-club.com\\\/web\\\/prochain-cafe-maritime-le-jeudi-28-fevrier\\\/\"]}]},{\"@type\":\"ImageObject\",\"inLanguage\":\"fr-FR\",\"@id\":\"https:\\\/\\\/caen-yacht-club.com\\\/web\\\/prochain-cafe-maritime-le-jeudi-28-fevrier\\\/#primaryimage\",\"url\":\"https:\\\/\\\/i0.wp.com\\\/caen-yacht-club.com\\\/web\\\/wp-content\\\/uploads\\\/2019\\\/02\\\/100347222_o.jpg?fit=2048%2C1536&ssl=1\",\"contentUrl\":\"https:\\\/\\\/i0.wp.com\\\/caen-yacht-club.com\\\/web\\\/wp-content\\\/uploads\\\/2019\\\/02\\\/100347222_o.jpg?fit=2048%2C1536&ssl=1\",\"width\":2048,\"height\":1536},{\"@type\":\"BreadcrumbList\",\"@id\":\"https:\\\/\\\/caen-yacht-club.com\\\/web\\\/prochain-cafe-maritime-le-jeudi-28-fevrier\\\/#breadcrumb\",\"itemListElement\":[{\"@type\":\"ListItem\",\"position\":1,\"name\":\"Accueil\",\"item\":\"https:\\\/\\\/caen-yacht-club.com\\\/web\\\/\"},{\"@type\":\"ListItem\",\"position\":2,\"name\":\"Prochain Caf\u00e9 Maritime le jeudi 28 f\u00e9vrier\"}]},{\"@type\":\"WebSite\",\"@id\":\"https:\\\/\\\/caen-yacht-club.com\\\/web\\\/#website\",\"url\":\"https:\\\/\\\/caen-yacht-club.com\\\/web\\\/\",\"name\":\"Caen Yacht Club\",\"description\":\"Naviguez en ville\",\"publisher\":{\"@id\":\"https:\\\/\\\/caen-yacht-club.com\\\/web\\\/#organization\"},\"potentialAction\":[{\"@type\":\"SearchAction\",\"target\":{\"@type\":\"EntryPoint\",\"urlTemplate\":\"https:\\\/\\\/caen-yacht-club.com\\\/web\\\/?s={search_term_string}\"},\"query-input\":{\"@type\":\"PropertyValueSpecification\",\"valueRequired\":true,\"valueName\":\"search_term_string\"}}],\"inLanguage\":\"fr-FR\"},{\"@type\":\"Organization\",\"@id\":\"https:\\\/\\\/caen-yacht-club.com\\\/web\\\/#organization\",\"name\":\"Caen Yacht Club\",\"url\":\"https:\\\/\\\/caen-yacht-club.com\\\/web\\\/\",\"logo\":{\"@type\":\"ImageObject\",\"inLanguage\":\"fr-FR\",\"@id\":\"https:\\\/\\\/caen-yacht-club.com\\\/web\\\/#\\\/schema\\\/logo\\\/image\\\/\",\"url\":\"https:\\\/\\\/i0.wp.com\\\/caen-yacht-club.com\\\/web\\\/wp-content\\\/uploads\\\/2020\\\/03\\\/Logo_CYC_20170104-e1585662025871.png?fit=500%2C472&ssl=1\",\"contentUrl\":\"https:\\\/\\\/i0.wp.com\\\/caen-yacht-club.com\\\/web\\\/wp-content\\\/uploads\\\/2020\\\/03\\\/Logo_CYC_20170104-e1585662025871.png?fit=500%2C472&ssl=1\",\"width\":500,\"height\":472,\"caption\":\"Caen Yacht Club\"},\"image\":{\"@id\":\"https:\\\/\\\/caen-yacht-club.com\\\/web\\\/#\\\/schema\\\/logo\\\/image\\\/\"}},{\"@type\":\"Person\",\"@id\":\"https:\\\/\\\/caen-yacht-club.com\\\/web\\\/#\\\/schema\\\/person\\\/38f45dab01ccdf9e6429c7fd372783fe\",\"name\":\"Damien BULLET\",\"image\":{\"@type\":\"ImageObject\",\"inLanguage\":\"fr-FR\",\"@id\":\"https:\\\/\\\/secure.gravatar.com\\\/avatar\\\/0c69813934744fc030932dbda30c96ed63755f50f85910b865b465baec75149c?s=96&d=mm&r=g\",\"url\":\"https:\\\/\\\/secure.gravatar.com\\\/avatar\\\/0c69813934744fc030932dbda30c96ed63755f50f85910b865b465baec75149c?s=96&d=mm&r=g\",\"contentUrl\":\"https:\\\/\\\/secure.gravatar.com\\\/avatar\\\/0c69813934744fc030932dbda30c96ed63755f50f85910b865b465baec75149c?s=96&d=mm&r=g\",\"caption\":\"Damien BULLET\"},\"url\":\"https:\\\/\\\/caen-yacht-club.com\\\/web\\\/espace-membre\\\/?uid=221\"}]}<\/script>\n<!-- \/ Yoast SEO plugin. -->","yoast_head_json":{"title":"Caen Yacht Club Actualit\u00e9s","description":"Les actualit\u00e9s et \u00e9v\u00e8nements du Caen Yacht Club. R\u00e9gates, Cours de voile, Conf\u00e9rences","robots":{"index":"index","follow":"follow","max-snippet":"max-snippet:-1","max-image-preview":"max-image-preview:large","max-video-preview":"max-video-preview:-1"},"canonical":"https:\/\/caen-yacht-club.com\/web\/prochain-cafe-maritime-le-jeudi-28-fevrier\/","og_locale":"fr_FR","og_type":"article","og_title":"Caen Yacht Club Actualit\u00e9s","og_description":"Les actualit\u00e9s et \u00e9v\u00e8nements du Caen Yacht Club. R\u00e9gates, Cours de voile, Conf\u00e9rences","og_url":"https:\/\/caen-yacht-club.com\/web\/prochain-cafe-maritime-le-jeudi-28-fevrier\/","og_site_name":"Caen Yacht Club","article_published_time":"2019-02-21T12:35:34+00:00","article_modified_time":"2019-02-21T12:37:38+00:00","og_image":[{"width":2048,"height":1536,"url":"https:\/\/i0.wp.com\/caen-yacht-club.com\/web\/wp-content\/uploads\/2019\/02\/100347222_o.jpg?fit=2048%2C1536&ssl=1","type":"image\/jpeg"}],"author":"Damien BULLET","twitter_card":"summary_large_image","twitter_misc":{"\u00c9crit par":"Damien BULLET","Dur\u00e9e de lecture estim\u00e9e":"1 minute"},"schema":{"@context":"https:\/\/schema.org","@graph":[{"@type":"NewsArticle","@id":"https:\/\/caen-yacht-club.com\/web\/prochain-cafe-maritime-le-jeudi-28-fevrier\/#article","isPartOf":{"@id":"https:\/\/caen-yacht-club.com\/web\/prochain-cafe-maritime-le-jeudi-28-fevrier\/"},"author":{"name":"Damien BULLET","@id":"https:\/\/caen-yacht-club.com\/web\/#\/schema\/person\/38f45dab01ccdf9e6429c7fd372783fe"},"headline":"Prochain Caf\u00e9 Maritime le jeudi 28 f\u00e9vrier","datePublished":"2019-02-21T12:35:34+00:00","dateModified":"2019-02-21T12:37:38+00:00","mainEntityOfPage":{"@id":"https:\/\/caen-yacht-club.com\/web\/prochain-cafe-maritime-le-jeudi-28-fevrier\/"},"wordCount":179,"commentCount":0,"publisher":{"@id":"https:\/\/caen-yacht-club.com\/web\/#organization"},"image":{"@id":"https:\/\/caen-yacht-club.com\/web\/prochain-cafe-maritime-le-jeudi-28-fevrier\/#primaryimage"},"thumbnailUrl":"https:\/\/i0.wp.com\/caen-yacht-club.com\/web\/wp-content\/uploads\/2019\/02\/100347222_o.jpg?fit=2048%2C1536&ssl=1","articleSection":["Actualit\u00e9","Caf\u00e9 Maritime"],"inLanguage":"fr-FR","potentialAction":[{"@type":"CommentAction","name":"Comment","target":["https:\/\/caen-yacht-club.com\/web\/prochain-cafe-maritime-le-jeudi-28-fevrier\/#respond"]}]},{"@type":"WebPage","@id":"https:\/\/caen-yacht-club.com\/web\/prochain-cafe-maritime-le-jeudi-28-fevrier\/","url":"https:\/\/caen-yacht-club.com\/web\/prochain-cafe-maritime-le-jeudi-28-fevrier\/","name":"Caen Yacht Club Actualit\u00e9s","isPartOf":{"@id":"https:\/\/caen-yacht-club.com\/web\/#website"},"primaryImageOfPage":{"@id":"https:\/\/caen-yacht-club.com\/web\/prochain-cafe-maritime-le-jeudi-28-fevrier\/#primaryimage"},"image":{"@id":"https:\/\/caen-yacht-club.com\/web\/prochain-cafe-maritime-le-jeudi-28-fevrier\/#primaryimage"},"thumbnailUrl":"https:\/\/i0.wp.com\/caen-yacht-club.com\/web\/wp-content\/uploads\/2019\/02\/100347222_o.jpg?fit=2048%2C1536&ssl=1","datePublished":"2019-02-21T12:35:34+00:00","dateModified":"2019-02-21T12:37:38+00:00","description":"Les actualit\u00e9s et \u00e9v\u00e8nements du Caen Yacht Club. R\u00e9gates, Cours de voile, Conf\u00e9rences","breadcrumb":{"@id":"https:\/\/caen-yacht-club.com\/web\/prochain-cafe-maritime-le-jeudi-28-fevrier\/#breadcrumb"},"inLanguage":"fr-FR","potentialAction":[{"@type":"ReadAction","target":["https:\/\/caen-yacht-club.com\/web\/prochain-cafe-maritime-le-jeudi-28-fevrier\/"]}]},{"@type":"ImageObject","inLanguage":"fr-FR","@id":"https:\/\/caen-yacht-club.com\/web\/prochain-cafe-maritime-le-jeudi-28-fevrier\/#primaryimage","url":"https:\/\/i0.wp.com\/caen-yacht-club.com\/web\/wp-content\/uploads\/2019\/02\/100347222_o.jpg?fit=2048%2C1536&ssl=1","contentUrl":"https:\/\/i0.wp.com\/caen-yacht-club.com\/web\/wp-content\/uploads\/2019\/02\/100347222_o.jpg?fit=2048%2C1536&ssl=1","width":2048,"height":1536},{"@type":"BreadcrumbList","@id":"https:\/\/caen-yacht-club.com\/web\/prochain-cafe-maritime-le-jeudi-28-fevrier\/#breadcrumb","itemListElement":[{"@type":"ListItem","position":1,"name":"Accueil","item":"https:\/\/caen-yacht-club.com\/web\/"},{"@type":"ListItem","position":2,"name":"Prochain Caf\u00e9 Maritime le jeudi 28 f\u00e9vrier"}]},{"@type":"WebSite","@id":"https:\/\/caen-yacht-club.com\/web\/#website","url":"https:\/\/caen-yacht-club.com\/web\/","name":"Caen Yacht Club","description":"Naviguez en ville","publisher":{"@id":"https:\/\/caen-yacht-club.com\/web\/#organization"},"potentialAction":[{"@type":"SearchAction","target":{"@type":"EntryPoint","urlTemplate":"https:\/\/caen-yacht-club.com\/web\/?s={search_term_string}"},"query-input":{"@type":"PropertyValueSpecification","valueRequired":true,"valueName":"search_term_string"}}],"inLanguage":"fr-FR"},{"@type":"Organization","@id":"https:\/\/caen-yacht-club.com\/web\/#organization","name":"Caen Yacht Club","url":"https:\/\/caen-yacht-club.com\/web\/","logo":{"@type":"ImageObject","inLanguage":"fr-FR","@id":"https:\/\/caen-yacht-club.com\/web\/#\/schema\/logo\/image\/","url":"https:\/\/i0.wp.com\/caen-yacht-club.com\/web\/wp-content\/uploads\/2020\/03\/Logo_CYC_20170104-e1585662025871.png?fit=500%2C472&ssl=1","contentUrl":"https:\/\/i0.wp.com\/caen-yacht-club.com\/web\/wp-content\/uploads\/2020\/03\/Logo_CYC_20170104-e1585662025871.png?fit=500%2C472&ssl=1","width":500,"height":472,"caption":"Caen Yacht Club"},"image":{"@id":"https:\/\/caen-yacht-club.com\/web\/#\/schema\/logo\/image\/"}},{"@type":"Person","@id":"https:\/\/caen-yacht-club.com\/web\/#\/schema\/person\/38f45dab01ccdf9e6429c7fd372783fe","name":"Damien BULLET","image":{"@type":"ImageObject","inLanguage":"fr-FR","@id":"https:\/\/secure.gravatar.com\/avatar\/0c69813934744fc030932dbda30c96ed63755f50f85910b865b465baec75149c?s=96&d=mm&r=g","url":"https:\/\/secure.gravatar.com\/avatar\/0c69813934744fc030932dbda30c96ed63755f50f85910b865b465baec75149c?s=96&d=mm&r=g","contentUrl":"https:\/\/secure.gravatar.com\/avatar\/0c69813934744fc030932dbda30c96ed63755f50f85910b865b465baec75149c?s=96&d=mm&r=g","caption":"Damien BULLET"},"url":"https:\/\/caen-yacht-club.com\/web\/espace-membre\/?uid=221"}]}},"jetpack_featured_media_url":"https:\/\/i0.wp.com\/caen-yacht-club.com\/web\/wp-content\/uploads\/2019\/02\/100347222_o.jpg?fit=2048%2C1536&ssl=1","jetpack_sharing_enabled":true,"jetpack_shortlink":"https:\/\/wp.me\/p7ppuD-RT","jetpack-related-posts":[{"id":3395,"url":"https:\/\/caen-yacht-club.com\/web\/retour-sur-le-dernier-cafe-maritime\/","url_meta":{"origin":3341,"position":0},"title":"Retour sur le dernier Caf\u00e9 Maritime","author":"Damien BULLET","date":"7 mars 2019","format":false,"excerpt":"Ce jeudi 28 f\u00e9vrier, le Caf\u00e9 Maritime a pris une dimension \u00e9cologique et solidaire en recevant Philippe Bensimon, pr\u00e9sident de l'association \"Tour des deux Am\u00e9riques \u00e0 la voile\". Gageons que la cinquantaine de personnes pr\u00e9sentes ne manquera pas de suivre cette exp\u00e9dition via internet : http:\/\/ameriquesvoilier.canalblog.com Prochain rendez-vous le 28\u2026","rel":"","context":"Dans &quot;Actualit\u00e9&quot;","block_context":{"text":"Actualit\u00e9","link":"https:\/\/caen-yacht-club.com\/web\/category\/actualite\/"},"img":{"alt_text":"","src":"https:\/\/i0.wp.com\/caen-yacht-club.com\/web\/wp-content\/uploads\/2019\/03\/IMG_2159.jpg?fit=1200%2C900&ssl=1&resize=350%2C200","width":350,"height":200,"srcset":"https:\/\/i0.wp.com\/caen-yacht-club.com\/web\/wp-content\/uploads\/2019\/03\/IMG_2159.jpg?fit=1200%2C900&ssl=1&resize=350%2C200 1x, https:\/\/i0.wp.com\/caen-yacht-club.com\/web\/wp-content\/uploads\/2019\/03\/IMG_2159.jpg?fit=1200%2C900&ssl=1&resize=525%2C300 1.5x, https:\/\/i0.wp.com\/caen-yacht-club.com\/web\/wp-content\/uploads\/2019\/03\/IMG_2159.jpg?fit=1200%2C900&ssl=1&resize=700%2C400 2x, https:\/\/i0.wp.com\/caen-yacht-club.com\/web\/wp-content\/uploads\/2019\/03\/IMG_2159.jpg?fit=1200%2C900&ssl=1&resize=1050%2C600 3x"},"classes":[]},{"id":13530,"url":"https:\/\/caen-yacht-club.com\/web\/le-sharpie-voilier-du-nouveau-monde-du-yachting-et-de-limpressionnisme-cafe-maritime-du-jeudi-18-avril-2024\/","url_meta":{"origin":3341,"position":1},"title":"Le sharpie, voilier du Nouveau Monde, figure du Yachting et de l&#8217;impressionnisme. Caf\u00e9 Maritime du jeudi 18 avril 2024","author":"Anne CHIVOT","date":"4 avril 2024","format":false,"excerpt":"Le sharpie est un voilier singulier n\u00e9 au XIXe si\u00e8cle dans le bassin hu\u00eetrier de New Haven (\u00c9tats-Unis). Il a plusieurs vies qui seront pr\u00e9sent\u00e9es jeudi 18 avril lors d\u2019un caf\u00e9 maritime par Patrick F\u00e9ron, officier de marine marchande et docteur en histoire des sciences et des techniques. Une fois\u2026","rel":"","context":"Dans &quot;Caen&quot;","block_context":{"text":"Caen","link":"https:\/\/caen-yacht-club.com\/web\/category\/caen\/"},"img":{"alt_text":"","src":"https:\/\/i0.wp.com\/caen-yacht-club.com\/web\/wp-content\/uploads\/Photo.jpg?fit=865%2C411&ssl=1&resize=350%2C200","width":350,"height":200,"srcset":"https:\/\/i0.wp.com\/caen-yacht-club.com\/web\/wp-content\/uploads\/Photo.jpg?fit=865%2C411&ssl=1&resize=350%2C200 1x, https:\/\/i0.wp.com\/caen-yacht-club.com\/web\/wp-content\/uploads\/Photo.jpg?fit=865%2C411&ssl=1&resize=525%2C300 1.5x, https:\/\/i0.wp.com\/caen-yacht-club.com\/web\/wp-content\/uploads\/Photo.jpg?fit=865%2C411&ssl=1&resize=700%2C400 2x"},"classes":[]},{"id":13952,"url":"https:\/\/caen-yacht-club.com\/web\/vierge-de-lourdes-et-belle-poule-deux-voiliers-de-normandie-cafe-maritime-du-jeudi-27-mars-2025\/","url_meta":{"origin":3341,"position":2},"title":"Vierge de Lourdes et Belle Poule : deux voiliers de Normandie. Caf\u00e9 Maritime du jeudi 27 mars 2025","author":"Anne CHIVOT","date":"17 mars 2025","format":false,"excerpt":"Patrick F\u00e9ron, chercheur en sciences et histoire maritimes nous pr\u00e9sentera deux types de bateaux patrimoniaux normands\u00a0: la ca\u00efque Vierge de Lourdes et deux go\u00e9lettes de la Marine nationale (la Belle Poule et l\u2019\u00c9toile). Tous ont \u00e9t\u00e9 construits dans le pays de Caux pour la p\u00eache mais ont connu deux trajectoires\u2026","rel":"","context":"Dans &quot;Caen&quot;","block_context":{"text":"Caen","link":"https:\/\/caen-yacht-club.com\/web\/category\/caen\/"},"img":{"alt_text":"","src":"https:\/\/i0.wp.com\/caen-yacht-club.com\/web\/wp-content\/uploads\/Affiche-27-mars-2025-1_page-0001.jpg?fit=849%2C1200&ssl=1&resize=350%2C200","width":350,"height":200,"srcset":"https:\/\/i0.wp.com\/caen-yacht-club.com\/web\/wp-content\/uploads\/Affiche-27-mars-2025-1_page-0001.jpg?fit=849%2C1200&ssl=1&resize=350%2C200 1x, https:\/\/i0.wp.com\/caen-yacht-club.com\/web\/wp-content\/uploads\/Affiche-27-mars-2025-1_page-0001.jpg?fit=849%2C1200&ssl=1&resize=525%2C300 1.5x, https:\/\/i0.wp.com\/caen-yacht-club.com\/web\/wp-content\/uploads\/Affiche-27-mars-2025-1_page-0001.jpg?fit=849%2C1200&ssl=1&resize=700%2C400 2x"},"classes":[]},{"id":11448,"url":"https:\/\/caen-yacht-club.com\/web\/bienvenue-sur-les-terres-polaires-de-georgie-du-sud-et-de-lantarctique-au-cafe-maritime-le-30-septembre-2020\/","url_meta":{"origin":3341,"position":3},"title":"Bienvenue sur les terres polaires de G\u00e9orgie du Sud et de l\u2019Antarctique, au &#8220;Caf\u00e9 Maritime&#8221;  le 30 septembre 2020","author":"Jean-Edouard","date":"19 septembre 2021","format":false,"excerpt":"Juliette Hennequin et Dion Poncet viendront partager leur passion des mers du \u00ab\u00a0Grand Sud\u00a0\u00bb \u00e0 l\u2019occasion du prochain \"Caf\u00e9 Maritime\" . Habituellement r\u00e9sidents aux \u00eeles Malouines (Falkland), ils profitent du chantier de leur voilier \u00e0 Ouistreham pour venir vous pr\u00e9senter l\u2019Antarctique et la G\u00e9orgie du Sud. Photographe et skipper professionnelle,\u2026","rel":"","context":"Dans &quot;Actualit\u00e9&quot;","block_context":{"text":"Actualit\u00e9","link":"https:\/\/caen-yacht-club.com\/web\/category\/actualite\/"},"img":{"alt_text":"","src":"","width":0,"height":0},"classes":[]},{"id":3764,"url":"https:\/\/caen-yacht-club.com\/web\/cafe-maritime-jeudi-17-octobre\/","url_meta":{"origin":3341,"position":4},"title":"Caf\u00e9 Maritime jeudi 17 octobre","author":"Damien BULLET","date":"3 octobre 2019","format":false,"excerpt":"C'est la rentr\u00e9e pour le Caf\u00e9 Maritime ! Rendez-vous \u00e0 l'ESITC Caen, 1 rue Pierre et Marie Curie, \u00e0 Epron, jeudi 17 octobre, \u00e0 18h30 pour une d\u00e9couverte exceptionnelle du Canal \u00e0 Houle. Les places \u00e9tant limit\u00e9es la r\u00e9servation est obligatoire \u00e0 l'adresse suivante : cyc.animation@gmail.com ou au 02 31\u2026","rel":"","context":"Dans &quot;Actualit\u00e9&quot;","block_context":{"text":"Actualit\u00e9","link":"https:\/\/caen-yacht-club.com\/web\/category\/actualite\/"},"img":{"alt_text":"","src":"https:\/\/i0.wp.com\/caen-yacht-club.com\/web\/wp-content\/uploads\/2019\/10\/canal-scaled.jpg?fit=1200%2C675&ssl=1&resize=350%2C200","width":350,"height":200,"srcset":"https:\/\/i0.wp.com\/caen-yacht-club.com\/web\/wp-content\/uploads\/2019\/10\/canal-scaled.jpg?fit=1200%2C675&ssl=1&resize=350%2C200 1x, https:\/\/i0.wp.com\/caen-yacht-club.com\/web\/wp-content\/uploads\/2019\/10\/canal-scaled.jpg?fit=1200%2C675&ssl=1&resize=525%2C300 1.5x, https:\/\/i0.wp.com\/caen-yacht-club.com\/web\/wp-content\/uploads\/2019\/10\/canal-scaled.jpg?fit=1200%2C675&ssl=1&resize=700%2C400 2x, https:\/\/i0.wp.com\/caen-yacht-club.com\/web\/wp-content\/uploads\/2019\/10\/canal-scaled.jpg?fit=1200%2C675&ssl=1&resize=1050%2C600 3x"},"classes":[]},{"id":3425,"url":"https:\/\/caen-yacht-club.com\/web\/prochain-cafe-maritime-jeudi-28-mars\/","url_meta":{"origin":3341,"position":5},"title":"Prochain Caf\u00e9 Maritime jeudi 28 mars","author":"Damien BULLET","date":"20 mars 2019","format":false,"excerpt":"Le prochain Caf\u00e9 Maritime du Caen Yacht Club se d\u00e9roulera le jeudi 28 mars 2019, dans la salle de la Ligue de Voile, de 18h30 \u00e0 20h. Nous d\u00e9couvrirons l'h\u00e9ritage maritime des Vikings en Normandie avec \u00c9lisabeth Ridel-Granger, docteure de l'universit\u00e9 de Caen, sp\u00e9cialiste de l'histoire et du langage maritimes.\u2026","rel":"","context":"Dans &quot;Actualit\u00e9&quot;","block_context":{"text":"Actualit\u00e9","link":"https:\/\/caen-yacht-club.com\/web\/category\/actualite\/"},"img":{"alt_text":"","src":"https:\/\/i0.wp.com\/caen-yacht-club.com\/web\/wp-content\/uploads\/2019\/03\/Bayeux-bateau.jpg?fit=1181%2C587&ssl=1&resize=350%2C200","width":350,"height":200,"srcset":"https:\/\/i0.wp.com\/caen-yacht-club.com\/web\/wp-content\/uploads\/2019\/03\/Bayeux-bateau.jpg?fit=1181%2C587&ssl=1&resize=350%2C200 1x, https:\/\/i0.wp.com\/caen-yacht-club.com\/web\/wp-content\/uploads\/2019\/03\/Bayeux-bateau.jpg?fit=1181%2C587&ssl=1&resize=525%2C300 1.5x, https:\/\/i0.wp.com\/caen-yacht-club.com\/web\/wp-content\/uploads\/2019\/03\/Bayeux-bateau.jpg?fit=1181%2C587&ssl=1&resize=700%2C400 2x, https:\/\/i0.wp.com\/caen-yacht-club.com\/web\/wp-content\/uploads\/2019\/03\/Bayeux-bateau.jpg?fit=1181%2C587&ssl=1&resize=1050%2C600 3x"},"classes":[]}],"_links":{"self":[{"href":"https:\/\/caen-yacht-club.com\/web\/wp-json\/wp\/v2\/posts\/3341","targetHints":{"allow":["GET"]}}],"collection":[{"href":"https:\/\/caen-yacht-club.com\/web\/wp-json\/wp\/v2\/posts"}],"about":[{"href":"https:\/\/caen-yacht-club.com\/web\/wp-json\/wp\/v2\/types\/post"}],"author":[{"embeddable":true,"href":"https:\/\/caen-yacht-club.com\/web\/wp-json\/wp\/v2\/users\/221"}],"replies":[{"embeddable":true,"href":"https:\/\/caen-yacht-club.com\/web\/wp-json\/wp\/v2\/comments?post=3341"}],"version-history":[{"count":0,"href":"https:\/\/caen-yacht-club.com\/web\/wp-json\/wp\/v2\/posts\/3341\/revisions"}],"wp:featuredmedia":[{"embeddable":true,"href":"https:\/\/caen-yacht-club.com\/web\/wp-json\/wp\/v2\/media\/3345"}],"wp:attachment":[{"href":"https:\/\/caen-yacht-club.com\/web\/wp-json\/wp\/v2\/media?parent=3341"}],"wp:term":[{"taxonomy":"category","embeddable":true,"href":"https:\/\/caen-yacht-club.com\/web\/wp-json\/wp\/v2\/categories?post=3341"},{"taxonomy":"post_tag","embeddable":true,"href":"https:\/\/caen-yacht-club.com\/web\/wp-json\/wp\/v2\/tags?post=3341"}],"curies":[{"name":"wp","href":"https:\/\/api.w.org\/{rel}","templated":true}]}}