{"id":3454,"date":"2019-03-31T17:41:36","date_gmt":"2019-03-31T16:41:36","guid":{"rendered":"http:\/\/caen-yacht-club.com\/web\/?p=3454"},"modified":"2019-04-01T08:15:25","modified_gmt":"2019-04-01T07:15:25","slug":"affluence-au-cafe-maritime-du-28-mars","status":"publish","type":"post","link":"https:\/\/caen-yacht-club.com\/web\/affluence-au-cafe-maritime-du-28-mars\/","title":{"rendered":"Affluence au Caf\u00e9 Maritime du 28 mars"},"content":{"rendered":"\n<p>Au &#8220;Caf\u00e9 Maritime&#8221; du Caen Yacht Club du 28 mars, \u00c9lisabeth Ridel-Granger a conquis les soixante-six personnes venues l&#8217;\u00e9couter. Ses \u00e9clairages sur la &#8220;transmanche&#8221; de Guillaume et sur l&#8217;origine scandinave de nombreux termes du domaine maritime ont captiv\u00e9 les amateurs d&#8217;histoire, de mer et de navigation.<\/p>\n\n\n\n<p><br> Pour les absents, les ouvrages d\u2019\u00c9lisabeth Ridel, &#8220;Les navires de la Conqu\u00eate&#8221; et &#8220;Paroles de Vikings&#8221;, sont \u00e9dit\u00e9s chez OREP (06 76 43 92 59).<\/p>\n\n\n\n<ul class=\"wp-block-gallery columns-2 is-cropped wp-block-gallery-1 is-layout-flex wp-block-gallery-is-layout-flex\"><li class=\"blocks-gallery-item\"><figure><img data-recalc-dims=\"1\" loading=\"lazy\" decoding=\"async\" width=\"1024\" height=\"768\" data-attachment-id=\"3447\" data-permalink=\"https:\/\/caen-yacht-club.com\/web\/retour-sur-la-soiree-du-rcc\/img_20190328_183924421_burst003\/\" data-orig-file=\"https:\/\/i0.wp.com\/caen-yacht-club.com\/web\/wp-content\/uploads\/2019\/03\/IMG_20190328_183924421_BURST003-scaled.jpg?fit=2560%2C1920&amp;ssl=1\" data-orig-size=\"2560,1920\" data-comments-opened=\"1\" data-image-meta=\"{&quot;aperture&quot;:&quot;2&quot;,&quot;credit&quot;:&quot;&quot;,&quot;camera&quot;:&quot;Moto G (5)&quot;,&quot;caption&quot;:&quot;&quot;,&quot;created_timestamp&quot;:&quot;1553798365&quot;,&quot;copyright&quot;:&quot;&quot;,&quot;focal_length&quot;:&quot;3.59&quot;,&quot;iso&quot;:&quot;320&quot;,&quot;shutter_speed&quot;:&quot;0.03030303030303&quot;,&quot;title&quot;:&quot;&quot;,&quot;orientation&quot;:&quot;0&quot;}\" data-image-title=\"IMG_20190328_183924421_BURST003\" data-image-description=\"\" data-image-caption=\"\" data-large-file=\"https:\/\/i0.wp.com\/caen-yacht-club.com\/web\/wp-content\/uploads\/2019\/03\/IMG_20190328_183924421_BURST003-scaled.jpg?fit=1024%2C768&amp;ssl=1\" src=\"https:\/\/i0.wp.com\/caen-yacht-club.com\/web\/wp-content\/uploads\/2019\/03\/IMG_20190328_183924421_BURST003.jpg?resize=1024%2C768&#038;ssl=1\" alt=\"\" data-id=\"3447\" data-link=\"http:\/\/caen-yacht-club.com\/web\/retour-sur-la-soiree-du-rcc\/img_20190328_183924421_burst003\/\" class=\"wp-image-3447\" srcset=\"https:\/\/i0.wp.com\/caen-yacht-club.com\/web\/wp-content\/uploads\/2019\/03\/IMG_20190328_183924421_BURST003-scaled.jpg?resize=1024%2C768&amp;ssl=1 1024w, https:\/\/i0.wp.com\/caen-yacht-club.com\/web\/wp-content\/uploads\/2019\/03\/IMG_20190328_183924421_BURST003-scaled.jpg?resize=600%2C450&amp;ssl=1 600w, https:\/\/i0.wp.com\/caen-yacht-club.com\/web\/wp-content\/uploads\/2019\/03\/IMG_20190328_183924421_BURST003-scaled.jpg?resize=300%2C225&amp;ssl=1 300w, https:\/\/i0.wp.com\/caen-yacht-club.com\/web\/wp-content\/uploads\/2019\/03\/IMG_20190328_183924421_BURST003-scaled.jpg?resize=768%2C576&amp;ssl=1 768w, https:\/\/i0.wp.com\/caen-yacht-club.com\/web\/wp-content\/uploads\/2019\/03\/IMG_20190328_183924421_BURST003-scaled.jpg?w=2000&amp;ssl=1 2000w\" sizes=\"auto, (max-width: 1000px) 100vw, 1000px\" \/><\/figure><\/li><li class=\"blocks-gallery-item\"><figure><img data-recalc-dims=\"1\" loading=\"lazy\" decoding=\"async\" width=\"1024\" height=\"768\" data-attachment-id=\"3448\" data-permalink=\"https:\/\/caen-yacht-club.com\/web\/retour-sur-la-soiree-du-rcc\/img_20190328_183941404_burst001\/\" data-orig-file=\"https:\/\/i0.wp.com\/caen-yacht-club.com\/web\/wp-content\/uploads\/2019\/03\/IMG_20190328_183941404_BURST001-scaled.jpg?fit=2560%2C1920&amp;ssl=1\" data-orig-size=\"2560,1920\" data-comments-opened=\"1\" data-image-meta=\"{&quot;aperture&quot;:&quot;2&quot;,&quot;credit&quot;:&quot;&quot;,&quot;camera&quot;:&quot;Moto G (5)&quot;,&quot;caption&quot;:&quot;&quot;,&quot;created_timestamp&quot;:&quot;1553798381&quot;,&quot;copyright&quot;:&quot;&quot;,&quot;focal_length&quot;:&quot;3.59&quot;,&quot;iso&quot;:&quot;320&quot;,&quot;shutter_speed&quot;:&quot;0.04&quot;,&quot;title&quot;:&quot;&quot;,&quot;orientation&quot;:&quot;0&quot;}\" data-image-title=\"IMG_20190328_183941404_BURST001\" data-image-description=\"\" data-image-caption=\"\" data-large-file=\"https:\/\/i0.wp.com\/caen-yacht-club.com\/web\/wp-content\/uploads\/2019\/03\/IMG_20190328_183941404_BURST001-scaled.jpg?fit=1024%2C768&amp;ssl=1\" src=\"https:\/\/i0.wp.com\/caen-yacht-club.com\/web\/wp-content\/uploads\/2019\/03\/IMG_20190328_183941404_BURST001.jpg?resize=1024%2C768&#038;ssl=1\" alt=\"\" data-id=\"3448\" data-link=\"http:\/\/caen-yacht-club.com\/web\/retour-sur-la-soiree-du-rcc\/img_20190328_183941404_burst001\/\" class=\"wp-image-3448\" srcset=\"https:\/\/i0.wp.com\/caen-yacht-club.com\/web\/wp-content\/uploads\/2019\/03\/IMG_20190328_183941404_BURST001-scaled.jpg?resize=1024%2C768&amp;ssl=1 1024w, https:\/\/i0.wp.com\/caen-yacht-club.com\/web\/wp-content\/uploads\/2019\/03\/IMG_20190328_183941404_BURST001-scaled.jpg?resize=600%2C450&amp;ssl=1 600w, https:\/\/i0.wp.com\/caen-yacht-club.com\/web\/wp-content\/uploads\/2019\/03\/IMG_20190328_183941404_BURST001-scaled.jpg?resize=300%2C225&amp;ssl=1 300w, https:\/\/i0.wp.com\/caen-yacht-club.com\/web\/wp-content\/uploads\/2019\/03\/IMG_20190328_183941404_BURST001-scaled.jpg?resize=768%2C576&amp;ssl=1 768w, https:\/\/i0.wp.com\/caen-yacht-club.com\/web\/wp-content\/uploads\/2019\/03\/IMG_20190328_183941404_BURST001-scaled.jpg?w=2000&amp;ssl=1 2000w\" sizes=\"auto, (max-width: 1000px) 100vw, 1000px\" \/><\/figure><\/li><\/ul>\n\n\n\n<figure class=\"wp-block-image\"><img data-recalc-dims=\"1\" loading=\"lazy\" decoding=\"async\" width=\"1024\" height=\"768\" data-attachment-id=\"3449\" data-permalink=\"https:\/\/caen-yacht-club.com\/web\/retour-sur-la-soiree-du-rcc\/img_20190328_184017395_burst002\/\" data-orig-file=\"https:\/\/i0.wp.com\/caen-yacht-club.com\/web\/wp-content\/uploads\/2019\/03\/IMG_20190328_184017395_BURST002-scaled.jpg?fit=2560%2C1920&amp;ssl=1\" data-orig-size=\"2560,1920\" data-comments-opened=\"1\" data-image-meta=\"{&quot;aperture&quot;:&quot;2&quot;,&quot;credit&quot;:&quot;&quot;,&quot;camera&quot;:&quot;Moto G (5)&quot;,&quot;caption&quot;:&quot;&quot;,&quot;created_timestamp&quot;:&quot;1553798418&quot;,&quot;copyright&quot;:&quot;&quot;,&quot;focal_length&quot;:&quot;3.59&quot;,&quot;iso&quot;:&quot;400&quot;,&quot;shutter_speed&quot;:&quot;0.04&quot;,&quot;title&quot;:&quot;&quot;,&quot;orientation&quot;:&quot;0&quot;}\" data-image-title=\"IMG_20190328_184017395_BURST002\" data-image-description=\"\" data-image-caption=\"\" data-large-file=\"https:\/\/i0.wp.com\/caen-yacht-club.com\/web\/wp-content\/uploads\/2019\/03\/IMG_20190328_184017395_BURST002-scaled.jpg?fit=1024%2C768&amp;ssl=1\" src=\"https:\/\/i0.wp.com\/caen-yacht-club.com\/web\/wp-content\/uploads\/2019\/03\/IMG_20190328_184017395_BURST002.jpg?resize=1024%2C768&#038;ssl=1\" alt=\"\" class=\"wp-image-3449\" srcset=\"https:\/\/i0.wp.com\/caen-yacht-club.com\/web\/wp-content\/uploads\/2019\/03\/IMG_20190328_184017395_BURST002-scaled.jpg?resize=1024%2C768&amp;ssl=1 1024w, https:\/\/i0.wp.com\/caen-yacht-club.com\/web\/wp-content\/uploads\/2019\/03\/IMG_20190328_184017395_BURST002-scaled.jpg?resize=600%2C450&amp;ssl=1 600w, https:\/\/i0.wp.com\/caen-yacht-club.com\/web\/wp-content\/uploads\/2019\/03\/IMG_20190328_184017395_BURST002-scaled.jpg?resize=300%2C225&amp;ssl=1 300w, https:\/\/i0.wp.com\/caen-yacht-club.com\/web\/wp-content\/uploads\/2019\/03\/IMG_20190328_184017395_BURST002-scaled.jpg?resize=768%2C576&amp;ssl=1 768w, https:\/\/i0.wp.com\/caen-yacht-club.com\/web\/wp-content\/uploads\/2019\/03\/IMG_20190328_184017395_BURST002-scaled.jpg?w=2000&amp;ssl=1 2000w\" sizes=\"auto, (max-width: 1000px) 100vw, 1000px\" \/><\/figure>\n\n\n\n<p> Un sujet plus technique pour le Caf\u00e9 Maritime du jeudi 25 avril : le fonctionnement des ouvrages sur le canal et la gestion des crues pr\u00e9sent\u00e9s par le Directeur des acc\u00e8s et de la maintenance de PNA. <\/p>\n\n\n\n<figure class=\"wp-block-image\"><img data-recalc-dims=\"1\" loading=\"lazy\" decoding=\"async\" width=\"1024\" height=\"576\" data-attachment-id=\"3468\" data-permalink=\"https:\/\/caen-yacht-club.com\/web\/affluence-au-cafe-maritime-du-28-mars\/dsc_0018\/\" data-orig-file=\"https:\/\/i0.wp.com\/caen-yacht-club.com\/web\/wp-content\/uploads\/2019\/03\/DSC_0018-scaled.jpg?fit=2560%2C1440&amp;ssl=1\" data-orig-size=\"2560,1440\" data-comments-opened=\"1\" data-image-meta=\"{&quot;aperture&quot;:&quot;0&quot;,&quot;credit&quot;:&quot;&quot;,&quot;camera&quot;:&quot;D2303&quot;,&quot;caption&quot;:&quot;&quot;,&quot;created_timestamp&quot;:&quot;1553798531&quot;,&quot;copyright&quot;:&quot;&quot;,&quot;focal_length&quot;:&quot;2.87&quot;,&quot;iso&quot;:&quot;400&quot;,&quot;shutter_speed&quot;:&quot;0.033333333333333&quot;,&quot;title&quot;:&quot;&quot;,&quot;orientation&quot;:&quot;1&quot;}\" data-image-title=\"DSC_0018\" data-image-description=\"\" data-image-caption=\"\" data-large-file=\"https:\/\/i0.wp.com\/caen-yacht-club.com\/web\/wp-content\/uploads\/2019\/03\/DSC_0018-scaled.jpg?fit=1024%2C576&amp;ssl=1\" src=\"https:\/\/i0.wp.com\/caen-yacht-club.com\/web\/wp-content\/uploads\/2019\/03\/DSC_0018.jpg?resize=1024%2C576&#038;ssl=1\" alt=\"\" class=\"wp-image-3468\" srcset=\"https:\/\/i0.wp.com\/caen-yacht-club.com\/web\/wp-content\/uploads\/2019\/03\/DSC_0018-scaled.jpg?resize=1024%2C576&amp;ssl=1 1024w, https:\/\/i0.wp.com\/caen-yacht-club.com\/web\/wp-content\/uploads\/2019\/03\/DSC_0018-scaled.jpg?resize=600%2C338&amp;ssl=1 600w, https:\/\/i0.wp.com\/caen-yacht-club.com\/web\/wp-content\/uploads\/2019\/03\/DSC_0018-scaled.jpg?resize=300%2C169&amp;ssl=1 300w, https:\/\/i0.wp.com\/caen-yacht-club.com\/web\/wp-content\/uploads\/2019\/03\/DSC_0018-scaled.jpg?resize=768%2C432&amp;ssl=1 768w, https:\/\/i0.wp.com\/caen-yacht-club.com\/web\/wp-content\/uploads\/2019\/03\/DSC_0018-scaled.jpg?w=2000&amp;ssl=1 2000w\" sizes=\"auto, (max-width: 1000px) 100vw, 1000px\" \/><\/figure>\n","protected":false},"excerpt":{"rendered":"<p>Au &#8220;Caf\u00e9 Maritime&#8221; du Caen Yacht Club du 28 mars, \u00c9lisabeth Ridel-Granger a conquis les soixante-six personnes venues l&#8217;\u00e9couter. Ses \u00e9clairages sur la &#8220;transmanche&#8221; de Guillaume&#8230;<\/p>\n","protected":false},"author":221,"featured_media":3456,"comment_status":"open","ping_status":"open","sticky":false,"template":"","format":"standard","meta":{"_exactmetrics_skip_tracking":false,"_exactmetrics_sitenote_active":false,"_exactmetrics_sitenote_note":"","_exactmetrics_sitenote_category":0,"jetpack_post_was_ever_published":false,"_jetpack_newsletter_access":"","_jetpack_dont_email_post_to_subs":false,"_jetpack_newsletter_tier_id":0,"_jetpack_memberships_contains_paywalled_content":false,"_jetpack_memberships_contains_paid_content":false,"footnotes":""},"categories":[1,17],"tags":[],"class_list":["post-3454","post","type-post","status-publish","format-standard","has-post-thumbnail","hentry","category-actualite","category-cafe-maritime"],"yoast_head":"<!-- This site is optimized with the Yoast SEO plugin v27.5 - https:\/\/yoast.com\/product\/yoast-seo-wordpress\/ -->\n<title>Caen Yacht Club Actualit\u00e9s<\/title>\n<meta name=\"description\" content=\"Les actualit\u00e9s et \u00e9v\u00e8nements du Caen Yacht Club. R\u00e9gates, Cours de voile, Conf\u00e9rences\" \/>\n<meta name=\"robots\" content=\"index, follow, max-snippet:-1, max-image-preview:large, max-video-preview:-1\" \/>\n<link rel=\"canonical\" href=\"https:\/\/caen-yacht-club.com\/web\/affluence-au-cafe-maritime-du-28-mars\/\" \/>\n<meta property=\"og:locale\" content=\"fr_FR\" \/>\n<meta property=\"og:type\" content=\"article\" \/>\n<meta property=\"og:title\" content=\"Caen Yacht Club Actualit\u00e9s\" \/>\n<meta property=\"og:description\" content=\"Les actualit\u00e9s et \u00e9v\u00e8nements du Caen Yacht Club. R\u00e9gates, Cours de voile, Conf\u00e9rences\" \/>\n<meta property=\"og:url\" content=\"https:\/\/caen-yacht-club.com\/web\/affluence-au-cafe-maritime-du-28-mars\/\" \/>\n<meta property=\"og:site_name\" content=\"Caen Yacht Club\" \/>\n<meta property=\"article:published_time\" content=\"2019-03-31T16:41:36+00:00\" \/>\n<meta property=\"article:modified_time\" content=\"2019-04-01T07:15:25+00:00\" \/>\n<meta property=\"og:image\" content=\"https:\/\/i0.wp.com\/caen-yacht-club.com\/web\/wp-content\/uploads\/2019\/03\/DSC_0015-scaled.jpg?fit=2560%2C1440&ssl=1\" \/>\n\t<meta property=\"og:image:width\" content=\"2560\" \/>\n\t<meta property=\"og:image:height\" content=\"1440\" \/>\n\t<meta property=\"og:image:type\" content=\"image\/jpeg\" \/>\n<meta name=\"author\" content=\"Damien BULLET\" \/>\n<meta name=\"twitter:card\" content=\"summary_large_image\" \/>\n<meta name=\"twitter:label1\" content=\"\u00c9crit par\" \/>\n\t<meta name=\"twitter:data1\" content=\"Damien BULLET\" \/>\n\t<meta name=\"twitter:label2\" content=\"Dur\u00e9e de lecture estim\u00e9e\" \/>\n\t<meta name=\"twitter:data2\" content=\"1 minute\" \/>\n<script type=\"application\/ld+json\" class=\"yoast-schema-graph\">{\"@context\":\"https:\\\/\\\/schema.org\",\"@graph\":[{\"@type\":\"NewsArticle\",\"@id\":\"https:\\\/\\\/caen-yacht-club.com\\\/web\\\/affluence-au-cafe-maritime-du-28-mars\\\/#article\",\"isPartOf\":{\"@id\":\"https:\\\/\\\/caen-yacht-club.com\\\/web\\\/affluence-au-cafe-maritime-du-28-mars\\\/\"},\"author\":{\"name\":\"Damien BULLET\",\"@id\":\"https:\\\/\\\/caen-yacht-club.com\\\/web\\\/#\\\/schema\\\/person\\\/38f45dab01ccdf9e6429c7fd372783fe\"},\"headline\":\"Affluence au Caf\u00e9 Maritime du 28 mars\",\"datePublished\":\"2019-03-31T16:41:36+00:00\",\"dateModified\":\"2019-04-01T07:15:25+00:00\",\"mainEntityOfPage\":{\"@id\":\"https:\\\/\\\/caen-yacht-club.com\\\/web\\\/affluence-au-cafe-maritime-du-28-mars\\\/\"},\"wordCount\":113,\"commentCount\":0,\"publisher\":{\"@id\":\"https:\\\/\\\/caen-yacht-club.com\\\/web\\\/#organization\"},\"image\":{\"@id\":\"https:\\\/\\\/caen-yacht-club.com\\\/web\\\/affluence-au-cafe-maritime-du-28-mars\\\/#primaryimage\"},\"thumbnailUrl\":\"https:\\\/\\\/i0.wp.com\\\/caen-yacht-club.com\\\/web\\\/wp-content\\\/uploads\\\/2019\\\/03\\\/DSC_0015-scaled.jpg?fit=2560%2C1440&ssl=1\",\"articleSection\":[\"Actualit\u00e9\",\"Caf\u00e9 Maritime\"],\"inLanguage\":\"fr-FR\",\"potentialAction\":[{\"@type\":\"CommentAction\",\"name\":\"Comment\",\"target\":[\"https:\\\/\\\/caen-yacht-club.com\\\/web\\\/affluence-au-cafe-maritime-du-28-mars\\\/#respond\"]}]},{\"@type\":\"WebPage\",\"@id\":\"https:\\\/\\\/caen-yacht-club.com\\\/web\\\/affluence-au-cafe-maritime-du-28-mars\\\/\",\"url\":\"https:\\\/\\\/caen-yacht-club.com\\\/web\\\/affluence-au-cafe-maritime-du-28-mars\\\/\",\"name\":\"Caen Yacht Club Actualit\u00e9s\",\"isPartOf\":{\"@id\":\"https:\\\/\\\/caen-yacht-club.com\\\/web\\\/#website\"},\"primaryImageOfPage\":{\"@id\":\"https:\\\/\\\/caen-yacht-club.com\\\/web\\\/affluence-au-cafe-maritime-du-28-mars\\\/#primaryimage\"},\"image\":{\"@id\":\"https:\\\/\\\/caen-yacht-club.com\\\/web\\\/affluence-au-cafe-maritime-du-28-mars\\\/#primaryimage\"},\"thumbnailUrl\":\"https:\\\/\\\/i0.wp.com\\\/caen-yacht-club.com\\\/web\\\/wp-content\\\/uploads\\\/2019\\\/03\\\/DSC_0015-scaled.jpg?fit=2560%2C1440&ssl=1\",\"datePublished\":\"2019-03-31T16:41:36+00:00\",\"dateModified\":\"2019-04-01T07:15:25+00:00\",\"description\":\"Les actualit\u00e9s et \u00e9v\u00e8nements du Caen Yacht Club. R\u00e9gates, Cours de voile, Conf\u00e9rences\",\"breadcrumb\":{\"@id\":\"https:\\\/\\\/caen-yacht-club.com\\\/web\\\/affluence-au-cafe-maritime-du-28-mars\\\/#breadcrumb\"},\"inLanguage\":\"fr-FR\",\"potentialAction\":[{\"@type\":\"ReadAction\",\"target\":[\"https:\\\/\\\/caen-yacht-club.com\\\/web\\\/affluence-au-cafe-maritime-du-28-mars\\\/\"]}]},{\"@type\":\"ImageObject\",\"inLanguage\":\"fr-FR\",\"@id\":\"https:\\\/\\\/caen-yacht-club.com\\\/web\\\/affluence-au-cafe-maritime-du-28-mars\\\/#primaryimage\",\"url\":\"https:\\\/\\\/i0.wp.com\\\/caen-yacht-club.com\\\/web\\\/wp-content\\\/uploads\\\/2019\\\/03\\\/DSC_0015-scaled.jpg?fit=2560%2C1440&ssl=1\",\"contentUrl\":\"https:\\\/\\\/i0.wp.com\\\/caen-yacht-club.com\\\/web\\\/wp-content\\\/uploads\\\/2019\\\/03\\\/DSC_0015-scaled.jpg?fit=2560%2C1440&ssl=1\",\"width\":2560,\"height\":1440},{\"@type\":\"BreadcrumbList\",\"@id\":\"https:\\\/\\\/caen-yacht-club.com\\\/web\\\/affluence-au-cafe-maritime-du-28-mars\\\/#breadcrumb\",\"itemListElement\":[{\"@type\":\"ListItem\",\"position\":1,\"name\":\"Accueil\",\"item\":\"https:\\\/\\\/caen-yacht-club.com\\\/web\\\/\"},{\"@type\":\"ListItem\",\"position\":2,\"name\":\"Affluence au Caf\u00e9 Maritime du 28 mars\"}]},{\"@type\":\"WebSite\",\"@id\":\"https:\\\/\\\/caen-yacht-club.com\\\/web\\\/#website\",\"url\":\"https:\\\/\\\/caen-yacht-club.com\\\/web\\\/\",\"name\":\"Caen Yacht Club\",\"description\":\"Naviguez en ville\",\"publisher\":{\"@id\":\"https:\\\/\\\/caen-yacht-club.com\\\/web\\\/#organization\"},\"potentialAction\":[{\"@type\":\"SearchAction\",\"target\":{\"@type\":\"EntryPoint\",\"urlTemplate\":\"https:\\\/\\\/caen-yacht-club.com\\\/web\\\/?s={search_term_string}\"},\"query-input\":{\"@type\":\"PropertyValueSpecification\",\"valueRequired\":true,\"valueName\":\"search_term_string\"}}],\"inLanguage\":\"fr-FR\"},{\"@type\":\"Organization\",\"@id\":\"https:\\\/\\\/caen-yacht-club.com\\\/web\\\/#organization\",\"name\":\"Caen Yacht Club\",\"url\":\"https:\\\/\\\/caen-yacht-club.com\\\/web\\\/\",\"logo\":{\"@type\":\"ImageObject\",\"inLanguage\":\"fr-FR\",\"@id\":\"https:\\\/\\\/caen-yacht-club.com\\\/web\\\/#\\\/schema\\\/logo\\\/image\\\/\",\"url\":\"https:\\\/\\\/i0.wp.com\\\/caen-yacht-club.com\\\/web\\\/wp-content\\\/uploads\\\/2020\\\/03\\\/Logo_CYC_20170104-e1585662025871.png?fit=500%2C472&ssl=1\",\"contentUrl\":\"https:\\\/\\\/i0.wp.com\\\/caen-yacht-club.com\\\/web\\\/wp-content\\\/uploads\\\/2020\\\/03\\\/Logo_CYC_20170104-e1585662025871.png?fit=500%2C472&ssl=1\",\"width\":500,\"height\":472,\"caption\":\"Caen Yacht Club\"},\"image\":{\"@id\":\"https:\\\/\\\/caen-yacht-club.com\\\/web\\\/#\\\/schema\\\/logo\\\/image\\\/\"}},{\"@type\":\"Person\",\"@id\":\"https:\\\/\\\/caen-yacht-club.com\\\/web\\\/#\\\/schema\\\/person\\\/38f45dab01ccdf9e6429c7fd372783fe\",\"name\":\"Damien BULLET\",\"image\":{\"@type\":\"ImageObject\",\"inLanguage\":\"fr-FR\",\"@id\":\"https:\\\/\\\/secure.gravatar.com\\\/avatar\\\/0c69813934744fc030932dbda30c96ed63755f50f85910b865b465baec75149c?s=96&d=mm&r=g\",\"url\":\"https:\\\/\\\/secure.gravatar.com\\\/avatar\\\/0c69813934744fc030932dbda30c96ed63755f50f85910b865b465baec75149c?s=96&d=mm&r=g\",\"contentUrl\":\"https:\\\/\\\/secure.gravatar.com\\\/avatar\\\/0c69813934744fc030932dbda30c96ed63755f50f85910b865b465baec75149c?s=96&d=mm&r=g\",\"caption\":\"Damien BULLET\"},\"url\":\"https:\\\/\\\/caen-yacht-club.com\\\/web\\\/espace-membre\\\/?uid=221\"}]}<\/script>\n<!-- \/ Yoast SEO plugin. -->","yoast_head_json":{"title":"Caen Yacht Club Actualit\u00e9s","description":"Les actualit\u00e9s et \u00e9v\u00e8nements du Caen Yacht Club. R\u00e9gates, Cours de voile, Conf\u00e9rences","robots":{"index":"index","follow":"follow","max-snippet":"max-snippet:-1","max-image-preview":"max-image-preview:large","max-video-preview":"max-video-preview:-1"},"canonical":"https:\/\/caen-yacht-club.com\/web\/affluence-au-cafe-maritime-du-28-mars\/","og_locale":"fr_FR","og_type":"article","og_title":"Caen Yacht Club Actualit\u00e9s","og_description":"Les actualit\u00e9s et \u00e9v\u00e8nements du Caen Yacht Club. R\u00e9gates, Cours de voile, Conf\u00e9rences","og_url":"https:\/\/caen-yacht-club.com\/web\/affluence-au-cafe-maritime-du-28-mars\/","og_site_name":"Caen Yacht Club","article_published_time":"2019-03-31T16:41:36+00:00","article_modified_time":"2019-04-01T07:15:25+00:00","og_image":[{"width":2560,"height":1440,"url":"https:\/\/i0.wp.com\/caen-yacht-club.com\/web\/wp-content\/uploads\/2019\/03\/DSC_0015-scaled.jpg?fit=2560%2C1440&ssl=1","type":"image\/jpeg"}],"author":"Damien BULLET","twitter_card":"summary_large_image","twitter_misc":{"\u00c9crit par":"Damien BULLET","Dur\u00e9e de lecture estim\u00e9e":"1 minute"},"schema":{"@context":"https:\/\/schema.org","@graph":[{"@type":"NewsArticle","@id":"https:\/\/caen-yacht-club.com\/web\/affluence-au-cafe-maritime-du-28-mars\/#article","isPartOf":{"@id":"https:\/\/caen-yacht-club.com\/web\/affluence-au-cafe-maritime-du-28-mars\/"},"author":{"name":"Damien BULLET","@id":"https:\/\/caen-yacht-club.com\/web\/#\/schema\/person\/38f45dab01ccdf9e6429c7fd372783fe"},"headline":"Affluence au Caf\u00e9 Maritime du 28 mars","datePublished":"2019-03-31T16:41:36+00:00","dateModified":"2019-04-01T07:15:25+00:00","mainEntityOfPage":{"@id":"https:\/\/caen-yacht-club.com\/web\/affluence-au-cafe-maritime-du-28-mars\/"},"wordCount":113,"commentCount":0,"publisher":{"@id":"https:\/\/caen-yacht-club.com\/web\/#organization"},"image":{"@id":"https:\/\/caen-yacht-club.com\/web\/affluence-au-cafe-maritime-du-28-mars\/#primaryimage"},"thumbnailUrl":"https:\/\/i0.wp.com\/caen-yacht-club.com\/web\/wp-content\/uploads\/2019\/03\/DSC_0015-scaled.jpg?fit=2560%2C1440&ssl=1","articleSection":["Actualit\u00e9","Caf\u00e9 Maritime"],"inLanguage":"fr-FR","potentialAction":[{"@type":"CommentAction","name":"Comment","target":["https:\/\/caen-yacht-club.com\/web\/affluence-au-cafe-maritime-du-28-mars\/#respond"]}]},{"@type":"WebPage","@id":"https:\/\/caen-yacht-club.com\/web\/affluence-au-cafe-maritime-du-28-mars\/","url":"https:\/\/caen-yacht-club.com\/web\/affluence-au-cafe-maritime-du-28-mars\/","name":"Caen Yacht Club Actualit\u00e9s","isPartOf":{"@id":"https:\/\/caen-yacht-club.com\/web\/#website"},"primaryImageOfPage":{"@id":"https:\/\/caen-yacht-club.com\/web\/affluence-au-cafe-maritime-du-28-mars\/#primaryimage"},"image":{"@id":"https:\/\/caen-yacht-club.com\/web\/affluence-au-cafe-maritime-du-28-mars\/#primaryimage"},"thumbnailUrl":"https:\/\/i0.wp.com\/caen-yacht-club.com\/web\/wp-content\/uploads\/2019\/03\/DSC_0015-scaled.jpg?fit=2560%2C1440&ssl=1","datePublished":"2019-03-31T16:41:36+00:00","dateModified":"2019-04-01T07:15:25+00:00","description":"Les actualit\u00e9s et \u00e9v\u00e8nements du Caen Yacht Club. R\u00e9gates, Cours de voile, Conf\u00e9rences","breadcrumb":{"@id":"https:\/\/caen-yacht-club.com\/web\/affluence-au-cafe-maritime-du-28-mars\/#breadcrumb"},"inLanguage":"fr-FR","potentialAction":[{"@type":"ReadAction","target":["https:\/\/caen-yacht-club.com\/web\/affluence-au-cafe-maritime-du-28-mars\/"]}]},{"@type":"ImageObject","inLanguage":"fr-FR","@id":"https:\/\/caen-yacht-club.com\/web\/affluence-au-cafe-maritime-du-28-mars\/#primaryimage","url":"https:\/\/i0.wp.com\/caen-yacht-club.com\/web\/wp-content\/uploads\/2019\/03\/DSC_0015-scaled.jpg?fit=2560%2C1440&ssl=1","contentUrl":"https:\/\/i0.wp.com\/caen-yacht-club.com\/web\/wp-content\/uploads\/2019\/03\/DSC_0015-scaled.jpg?fit=2560%2C1440&ssl=1","width":2560,"height":1440},{"@type":"BreadcrumbList","@id":"https:\/\/caen-yacht-club.com\/web\/affluence-au-cafe-maritime-du-28-mars\/#breadcrumb","itemListElement":[{"@type":"ListItem","position":1,"name":"Accueil","item":"https:\/\/caen-yacht-club.com\/web\/"},{"@type":"ListItem","position":2,"name":"Affluence au Caf\u00e9 Maritime du 28 mars"}]},{"@type":"WebSite","@id":"https:\/\/caen-yacht-club.com\/web\/#website","url":"https:\/\/caen-yacht-club.com\/web\/","name":"Caen Yacht Club","description":"Naviguez en ville","publisher":{"@id":"https:\/\/caen-yacht-club.com\/web\/#organization"},"potentialAction":[{"@type":"SearchAction","target":{"@type":"EntryPoint","urlTemplate":"https:\/\/caen-yacht-club.com\/web\/?s={search_term_string}"},"query-input":{"@type":"PropertyValueSpecification","valueRequired":true,"valueName":"search_term_string"}}],"inLanguage":"fr-FR"},{"@type":"Organization","@id":"https:\/\/caen-yacht-club.com\/web\/#organization","name":"Caen Yacht Club","url":"https:\/\/caen-yacht-club.com\/web\/","logo":{"@type":"ImageObject","inLanguage":"fr-FR","@id":"https:\/\/caen-yacht-club.com\/web\/#\/schema\/logo\/image\/","url":"https:\/\/i0.wp.com\/caen-yacht-club.com\/web\/wp-content\/uploads\/2020\/03\/Logo_CYC_20170104-e1585662025871.png?fit=500%2C472&ssl=1","contentUrl":"https:\/\/i0.wp.com\/caen-yacht-club.com\/web\/wp-content\/uploads\/2020\/03\/Logo_CYC_20170104-e1585662025871.png?fit=500%2C472&ssl=1","width":500,"height":472,"caption":"Caen Yacht Club"},"image":{"@id":"https:\/\/caen-yacht-club.com\/web\/#\/schema\/logo\/image\/"}},{"@type":"Person","@id":"https:\/\/caen-yacht-club.com\/web\/#\/schema\/person\/38f45dab01ccdf9e6429c7fd372783fe","name":"Damien BULLET","image":{"@type":"ImageObject","inLanguage":"fr-FR","@id":"https:\/\/secure.gravatar.com\/avatar\/0c69813934744fc030932dbda30c96ed63755f50f85910b865b465baec75149c?s=96&d=mm&r=g","url":"https:\/\/secure.gravatar.com\/avatar\/0c69813934744fc030932dbda30c96ed63755f50f85910b865b465baec75149c?s=96&d=mm&r=g","contentUrl":"https:\/\/secure.gravatar.com\/avatar\/0c69813934744fc030932dbda30c96ed63755f50f85910b865b465baec75149c?s=96&d=mm&r=g","caption":"Damien BULLET"},"url":"https:\/\/caen-yacht-club.com\/web\/espace-membre\/?uid=221"}]}},"jetpack_featured_media_url":"https:\/\/i0.wp.com\/caen-yacht-club.com\/web\/wp-content\/uploads\/2019\/03\/DSC_0015-scaled.jpg?fit=2560%2C1440&ssl=1","jetpack_sharing_enabled":true,"jetpack_shortlink":"https:\/\/wp.me\/p7ppuD-TI","jetpack-related-posts":[{"id":3425,"url":"https:\/\/caen-yacht-club.com\/web\/prochain-cafe-maritime-jeudi-28-mars\/","url_meta":{"origin":3454,"position":0},"title":"Prochain Caf\u00e9 Maritime jeudi 28 mars","author":"Damien BULLET","date":"20 mars 2019","format":false,"excerpt":"Le prochain Caf\u00e9 Maritime du Caen Yacht Club se d\u00e9roulera le jeudi 28 mars 2019, dans la salle de la Ligue de Voile, de 18h30 \u00e0 20h. Nous d\u00e9couvrirons l'h\u00e9ritage maritime des Vikings en Normandie avec \u00c9lisabeth Ridel-Granger, docteure de l'universit\u00e9 de Caen, sp\u00e9cialiste de l'histoire et du langage maritimes.\u2026","rel":"","context":"Dans &quot;Actualit\u00e9&quot;","block_context":{"text":"Actualit\u00e9","link":"https:\/\/caen-yacht-club.com\/web\/category\/actualite\/"},"img":{"alt_text":"","src":"https:\/\/i0.wp.com\/caen-yacht-club.com\/web\/wp-content\/uploads\/2019\/03\/Bayeux-bateau.jpg?fit=1181%2C587&ssl=1&resize=350%2C200","width":350,"height":200,"srcset":"https:\/\/i0.wp.com\/caen-yacht-club.com\/web\/wp-content\/uploads\/2019\/03\/Bayeux-bateau.jpg?fit=1181%2C587&ssl=1&resize=350%2C200 1x, https:\/\/i0.wp.com\/caen-yacht-club.com\/web\/wp-content\/uploads\/2019\/03\/Bayeux-bateau.jpg?fit=1181%2C587&ssl=1&resize=525%2C300 1.5x, https:\/\/i0.wp.com\/caen-yacht-club.com\/web\/wp-content\/uploads\/2019\/03\/Bayeux-bateau.jpg?fit=1181%2C587&ssl=1&resize=700%2C400 2x, https:\/\/i0.wp.com\/caen-yacht-club.com\/web\/wp-content\/uploads\/2019\/03\/Bayeux-bateau.jpg?fit=1181%2C587&ssl=1&resize=1050%2C600 3x"},"classes":[]},{"id":3395,"url":"https:\/\/caen-yacht-club.com\/web\/retour-sur-le-dernier-cafe-maritime\/","url_meta":{"origin":3454,"position":1},"title":"Retour sur le dernier Caf\u00e9 Maritime","author":"Damien BULLET","date":"7 mars 2019","format":false,"excerpt":"Ce jeudi 28 f\u00e9vrier, le Caf\u00e9 Maritime a pris une dimension \u00e9cologique et solidaire en recevant Philippe Bensimon, pr\u00e9sident de l'association \"Tour des deux Am\u00e9riques \u00e0 la voile\". Gageons que la cinquantaine de personnes pr\u00e9sentes ne manquera pas de suivre cette exp\u00e9dition via internet : http:\/\/ameriquesvoilier.canalblog.com Prochain rendez-vous le 28\u2026","rel":"","context":"Dans &quot;Actualit\u00e9&quot;","block_context":{"text":"Actualit\u00e9","link":"https:\/\/caen-yacht-club.com\/web\/category\/actualite\/"},"img":{"alt_text":"","src":"https:\/\/i0.wp.com\/caen-yacht-club.com\/web\/wp-content\/uploads\/2019\/03\/IMG_2159.jpg?fit=1200%2C900&ssl=1&resize=350%2C200","width":350,"height":200,"srcset":"https:\/\/i0.wp.com\/caen-yacht-club.com\/web\/wp-content\/uploads\/2019\/03\/IMG_2159.jpg?fit=1200%2C900&ssl=1&resize=350%2C200 1x, https:\/\/i0.wp.com\/caen-yacht-club.com\/web\/wp-content\/uploads\/2019\/03\/IMG_2159.jpg?fit=1200%2C900&ssl=1&resize=525%2C300 1.5x, https:\/\/i0.wp.com\/caen-yacht-club.com\/web\/wp-content\/uploads\/2019\/03\/IMG_2159.jpg?fit=1200%2C900&ssl=1&resize=700%2C400 2x, https:\/\/i0.wp.com\/caen-yacht-club.com\/web\/wp-content\/uploads\/2019\/03\/IMG_2159.jpg?fit=1200%2C900&ssl=1&resize=1050%2C600 3x"},"classes":[]},{"id":13511,"url":"https:\/\/caen-yacht-club.com\/web\/les-ports-du-calvados-cafe-maritime-du-jeudi-28-mars-2024\/","url_meta":{"origin":3454,"position":2},"title":"Les ports du Calvados. Caf\u00e9 Maritime du jeudi 28 mars 2024","author":"Anne CHIVOT","date":"19 mars 2024","format":false,"excerpt":"Pr\u00e9sentation de l\u2019organisation portuaire \u00e0 l\u2019\u00e9chelle de la fa\u00e7ade d\u00e9partementale. Antoine de Gouville, directeur des \u00c9quipements Portuaires de la CCI Caen Normandie et directeur G\u00e9n\u00e9ral de Ports du Calvados exposera la richesse des ports du Calvados lors d\u2019un caf\u00e9 maritime du Caen Yacht Club. Il d\u00e9crira leur diversit\u00e9 d\u2019Isigny-sur-Mer \u00e0\u2026","rel":"","context":"Dans &quot;Caen&quot;","block_context":{"text":"Caen","link":"https:\/\/caen-yacht-club.com\/web\/category\/caen\/"},"img":{"alt_text":"","src":"https:\/\/i0.wp.com\/caen-yacht-club.com\/web\/wp-content\/uploads\/CafMar.jpg?fit=1200%2C729&ssl=1&resize=350%2C200","width":350,"height":200,"srcset":"https:\/\/i0.wp.com\/caen-yacht-club.com\/web\/wp-content\/uploads\/CafMar.jpg?fit=1200%2C729&ssl=1&resize=350%2C200 1x, https:\/\/i0.wp.com\/caen-yacht-club.com\/web\/wp-content\/uploads\/CafMar.jpg?fit=1200%2C729&ssl=1&resize=525%2C300 1.5x, https:\/\/i0.wp.com\/caen-yacht-club.com\/web\/wp-content\/uploads\/CafMar.jpg?fit=1200%2C729&ssl=1&resize=700%2C400 2x, https:\/\/i0.wp.com\/caen-yacht-club.com\/web\/wp-content\/uploads\/CafMar.jpg?fit=1200%2C729&ssl=1&resize=1050%2C600 3x"},"classes":[]},{"id":11720,"url":"https:\/\/caen-yacht-club.com\/web\/espace-manche-un-monde-en-europe-cafe-maritime-du-31-mars-2022\/","url_meta":{"origin":3454,"position":3},"title":"Espace Manche, un monde en Europe.                                           &#8220;Caf\u00e9 Maritime&#8221; du 31 mars 2022.","author":"Anne CHIVOT","date":"10 mars 2022","format":false,"excerpt":"Conf\u00e9rence anim\u00e9e par Fr\u00e9d\u00e9rique Loew-Turbout, g\u00e9ographe et ing\u00e9nieur de recherche \u00e0 la Maison de la Recherche en Sciences Humaines qui r\u00e9pondra \u00e0 vos questions apr\u00e8s sa pr\u00e9sentation. La mer de la Manche est l'un des premiers couloirs de circulation maritime au monde. Les mouvements et \u00e9changes y sont permanents et\u2026","rel":"","context":"Dans &quot;Actualit\u00e9&quot;","block_context":{"text":"Actualit\u00e9","link":"https:\/\/caen-yacht-club.com\/web\/category\/actualite\/"},"img":{"alt_text":"","src":"https:\/\/i0.wp.com\/caen-yacht-club.com\/web\/wp-content\/uploads\/CafMar31032022-scaled.jpg?fit=1200%2C780&ssl=1&resize=350%2C200","width":350,"height":200,"srcset":"https:\/\/i0.wp.com\/caen-yacht-club.com\/web\/wp-content\/uploads\/CafMar31032022-scaled.jpg?fit=1200%2C780&ssl=1&resize=350%2C200 1x, https:\/\/i0.wp.com\/caen-yacht-club.com\/web\/wp-content\/uploads\/CafMar31032022-scaled.jpg?fit=1200%2C780&ssl=1&resize=525%2C300 1.5x, https:\/\/i0.wp.com\/caen-yacht-club.com\/web\/wp-content\/uploads\/CafMar31032022-scaled.jpg?fit=1200%2C780&ssl=1&resize=700%2C400 2x, https:\/\/i0.wp.com\/caen-yacht-club.com\/web\/wp-content\/uploads\/CafMar31032022-scaled.jpg?fit=1200%2C780&ssl=1&resize=1050%2C600 3x"},"classes":[]},{"id":11176,"url":"https:\/\/caen-yacht-club.com\/web\/cafe-maritime-de-mars-2021\/","url_meta":{"origin":3454,"position":4},"title":"Caf\u00e9 Maritime &#8211; Jeudi 25 Mars 2021","author":"Jean-Edouard","date":"19 mars 2021","format":false,"excerpt":"Le port de Cherbourg de 1900 \u00e0 nos jours - gloires et d\u00e9boires d'un port normand Justin Lecarpentier, historien et r\u00e9alisateur de documentaires bravera la Covid pour nous pr\u00e9senter le port de Cherbourg par vid\u00e9o-conf\u00e9rence. Il reviendra sur le d\u00e9veloppement de la ville et de son port et se concentrera\u2026","rel":"","context":"Dans &quot;Actualit\u00e9&quot;","block_context":{"text":"Actualit\u00e9","link":"https:\/\/caen-yacht-club.com\/web\/category\/actualite\/"},"img":{"alt_text":"","src":"https:\/\/i0.wp.com\/caen-yacht-club.com\/web\/wp-content\/uploads\/Queen_Elizabeth00-scaled.jpg?fit=1200%2C806&ssl=1&resize=350%2C200","width":350,"height":200,"srcset":"https:\/\/i0.wp.com\/caen-yacht-club.com\/web\/wp-content\/uploads\/Queen_Elizabeth00-scaled.jpg?fit=1200%2C806&ssl=1&resize=350%2C200 1x, https:\/\/i0.wp.com\/caen-yacht-club.com\/web\/wp-content\/uploads\/Queen_Elizabeth00-scaled.jpg?fit=1200%2C806&ssl=1&resize=525%2C300 1.5x, https:\/\/i0.wp.com\/caen-yacht-club.com\/web\/wp-content\/uploads\/Queen_Elizabeth00-scaled.jpg?fit=1200%2C806&ssl=1&resize=700%2C400 2x, https:\/\/i0.wp.com\/caen-yacht-club.com\/web\/wp-content\/uploads\/Queen_Elizabeth00-scaled.jpg?fit=1200%2C806&ssl=1&resize=1050%2C600 3x"},"classes":[]},{"id":14538,"url":"https:\/\/caen-yacht-club.com\/web\/especes-exotiques-et-salissuresbiologiques-dans-les-ports-normands\/","url_meta":{"origin":3454,"position":5},"title":"Esp\u00e8ces exotiques et \u00ab salissures biologiques \u00bb dans les ports normands","author":"Anke Hedrich","date":"20 mars 2026","format":false,"excerpt":"JEUDI 26 MARS 2026 18h30 - 20h Quai de la Londe \u00e0 Caen Conf\u00e9rence anim\u00e9e par Katherine Costil Chercheure en \u00e9cologie et \u00e9cotoxicologie marines, membre du laboratoire MERSEA (Marine Ecosystems and oRganisms reSEArch Lab) Les ports normands peuvent \u00eatre colonis\u00e9s par des esp\u00e8ce exotiques (c\u2019est-\u00e0-dire introduites), susceptibles de devenir invasives\u2026","rel":"","context":"Dans &quot;Actualit\u00e9&quot;","block_context":{"text":"Actualit\u00e9","link":"https:\/\/caen-yacht-club.com\/web\/category\/actualite\/"},"img":{"alt_text":"","src":"https:\/\/i0.wp.com\/caen-yacht-club.com\/web\/wp-content\/uploads\/Bildschirmfoto-2026-03-20-um-16.00.00.png?resize=350%2C200&ssl=1","width":350,"height":200,"srcset":"https:\/\/i0.wp.com\/caen-yacht-club.com\/web\/wp-content\/uploads\/Bildschirmfoto-2026-03-20-um-16.00.00.png?resize=350%2C200&ssl=1 1x, https:\/\/i0.wp.com\/caen-yacht-club.com\/web\/wp-content\/uploads\/Bildschirmfoto-2026-03-20-um-16.00.00.png?resize=525%2C300&ssl=1 1.5x, https:\/\/i0.wp.com\/caen-yacht-club.com\/web\/wp-content\/uploads\/Bildschirmfoto-2026-03-20-um-16.00.00.png?resize=700%2C400&ssl=1 2x, https:\/\/i0.wp.com\/caen-yacht-club.com\/web\/wp-content\/uploads\/Bildschirmfoto-2026-03-20-um-16.00.00.png?resize=1050%2C600&ssl=1 3x"},"classes":[]}],"_links":{"self":[{"href":"https:\/\/caen-yacht-club.com\/web\/wp-json\/wp\/v2\/posts\/3454","targetHints":{"allow":["GET"]}}],"collection":[{"href":"https:\/\/caen-yacht-club.com\/web\/wp-json\/wp\/v2\/posts"}],"about":[{"href":"https:\/\/caen-yacht-club.com\/web\/wp-json\/wp\/v2\/types\/post"}],"author":[{"embeddable":true,"href":"https:\/\/caen-yacht-club.com\/web\/wp-json\/wp\/v2\/users\/221"}],"replies":[{"embeddable":true,"href":"https:\/\/caen-yacht-club.com\/web\/wp-json\/wp\/v2\/comments?post=3454"}],"version-history":[{"count":0,"href":"https:\/\/caen-yacht-club.com\/web\/wp-json\/wp\/v2\/posts\/3454\/revisions"}],"wp:featuredmedia":[{"embeddable":true,"href":"https:\/\/caen-yacht-club.com\/web\/wp-json\/wp\/v2\/media\/3456"}],"wp:attachment":[{"href":"https:\/\/caen-yacht-club.com\/web\/wp-json\/wp\/v2\/media?parent=3454"}],"wp:term":[{"taxonomy":"category","embeddable":true,"href":"https:\/\/caen-yacht-club.com\/web\/wp-json\/wp\/v2\/categories?post=3454"},{"taxonomy":"post_tag","embeddable":true,"href":"https:\/\/caen-yacht-club.com\/web\/wp-json\/wp\/v2\/tags?post=3454"}],"curies":[{"name":"wp","href":"https:\/\/api.w.org\/{rel}","templated":true}]}}