{"id":3639,"date":"2019-06-28T13:38:28","date_gmt":"2019-06-28T12:38:28","guid":{"rendered":"http:\/\/caen-yacht-club.com\/web\/?p=3639"},"modified":"2019-06-28T13:41:01","modified_gmt":"2019-06-28T12:41:01","slug":"semaine-en-mer-du-15-au-20-juillet","status":"publish","type":"post","link":"https:\/\/caen-yacht-club.com\/web\/semaine-en-mer-du-15-au-20-juillet\/","title":{"rendered":"Semaine en mer du 15 au 20 juillet"},"content":{"rendered":"\n<p><b>Du 15 au 20 juillet, l\u2019\u00e9cole de voile organise une semaine de sortie en mer ouverte \u00e0 tous les membres du Caen Yacht Club titulaires d\u2019un passeport voile ou d\u2019une licence.\u2028<\/b><\/p>\u2028<\/br>\n<p>Les quatre J80 du club pourront \u00eatre utilis\u00e9s, sous r\u00e9serve qu\u2019il y ait 2 skippers (canal ou mer) sur chaque bateau avec un maximum de 4 personnes par bateau et l\u2019obligation de participer \u00e0 la semaine enti\u00e8re. Le tarif est de 80\u20ac\/personne pour toute la semaine.<\/p>\n\n\n\n<\/br>\n<p><span style=\"text-decoration: underline;\">Planning provisoire et horaires approximatifs<\/span><\/p>\n<ul>\n<li><i>Week-end du 14 juillet : Convoyage en autonomie sur le canal<\/i><\/li>\n<li><i>Lundi 15 : Ouistreham \u2013 Dives 8h \u00e0 14h<\/i><\/li>\n<li><i>Mardi 16 : Navigation au large de Dives 9h \u00e0 14h<\/i><\/li>\n<li><i>Mercredi 17 : Navigation au large de Dives 9h \u00e0 15h<\/i><\/li>\n<li><i>Jeudi 18 : Navigation au large de Dives 10h \u00e0 16h<\/i><\/li>\n<li><i>Vendredi 19 : Dives \u2013 Ouistreham 10h \u00e0 16h<\/i><\/li>\n<li><i>Samedi 20 : Convoyage canal 9h \u00e0 midi<\/i><\/li>\n<\/ul>\n\n\n\n<p><b>Renseignement et information aupr\u00e8s de David Le Malet : 07 83 92 94 03<\/b><\/p>\u2028<\/br>\n<p><b>Inscription en ligne \u00e0 cette adresse : <a href=\"http:\/\/il8x.mjt.lu\/lnk\/AMAAAD_JT1gAAcfbfTQAAGiMRiMAARrrDF8AG7hMAAhSHwBdBIlhw2j2BhouQGOKDSCbj6ErCQAH6QI\/2\/1zVkZBNLVIxsNndBYRgbHQ\/aHR0cHM6Ly9kb29kbGUuY29tL3BvbGwvNTVjMndidmk1eDZ4cWZnYw\" target=\"_blank\" rel=\"noopener noreferrer\">https:\/\/doodle.com\/poll\/55c2wbvi5x6xqfgc<\/a><\/b><\/p>\n","protected":false},"excerpt":{"rendered":"<p>Du 15 au 20 juillet, l\u2019\u00e9cole de voile organise une semaine de sortie en mer ouverte \u00e0 tous les membres du Caen Yacht Club titulaires d\u2019un&#8230;<\/p>\n","protected":false},"author":221,"featured_media":3640,"comment_status":"open","ping_status":"open","sticky":false,"template":"","format":"standard","meta":{"_exactmetrics_skip_tracking":false,"_exactmetrics_sitenote_active":false,"_exactmetrics_sitenote_note":"","_exactmetrics_sitenote_category":0,"jetpack_post_was_ever_published":false,"_jetpack_newsletter_access":"","_jetpack_dont_email_post_to_subs":false,"_jetpack_newsletter_tier_id":0,"_jetpack_memberships_contains_paywalled_content":false,"_jetpack_memberships_contains_paid_content":false,"footnotes":""},"categories":[1,9],"tags":[],"class_list":["post-3639","post","type-post","status-publish","format-standard","has-post-thumbnail","hentry","category-actualite","category-ecole-j80"],"yoast_head":"<!-- This site is optimized with the Yoast SEO plugin v27.5 - https:\/\/yoast.com\/product\/yoast-seo-wordpress\/ -->\n<title>Caen Yacht Club Actualit\u00e9s<\/title>\n<meta name=\"description\" content=\"Les actualit\u00e9s et \u00e9v\u00e8nements du Caen Yacht Club. R\u00e9gates, Cours de voile, Conf\u00e9rences\" \/>\n<meta name=\"robots\" content=\"index, follow, max-snippet:-1, max-image-preview:large, max-video-preview:-1\" \/>\n<link rel=\"canonical\" href=\"https:\/\/caen-yacht-club.com\/web\/semaine-en-mer-du-15-au-20-juillet\/\" \/>\n<meta property=\"og:locale\" content=\"fr_FR\" \/>\n<meta property=\"og:type\" content=\"article\" \/>\n<meta property=\"og:title\" content=\"Caen Yacht Club Actualit\u00e9s\" \/>\n<meta property=\"og:description\" content=\"Les actualit\u00e9s et \u00e9v\u00e8nements du Caen Yacht Club. R\u00e9gates, Cours de voile, Conf\u00e9rences\" \/>\n<meta property=\"og:url\" content=\"https:\/\/caen-yacht-club.com\/web\/semaine-en-mer-du-15-au-20-juillet\/\" \/>\n<meta property=\"og:site_name\" content=\"Caen Yacht Club\" \/>\n<meta property=\"article:published_time\" content=\"2019-06-28T12:38:28+00:00\" \/>\n<meta property=\"article:modified_time\" content=\"2019-06-28T12:41:01+00:00\" \/>\n<meta property=\"og:image\" content=\"https:\/\/i0.wp.com\/caen-yacht-club.com\/web\/wp-content\/uploads\/2019\/06\/v3m3v.jpeg?fit=300%2C298&ssl=1\" \/>\n\t<meta property=\"og:image:width\" content=\"300\" \/>\n\t<meta property=\"og:image:height\" content=\"298\" \/>\n\t<meta property=\"og:image:type\" content=\"image\/jpeg\" \/>\n<meta name=\"author\" content=\"Damien BULLET\" \/>\n<meta name=\"twitter:card\" content=\"summary_large_image\" \/>\n<meta name=\"twitter:label1\" content=\"\u00c9crit par\" \/>\n\t<meta name=\"twitter:data1\" content=\"Damien BULLET\" \/>\n\t<meta name=\"twitter:label2\" content=\"Dur\u00e9e de lecture estim\u00e9e\" \/>\n\t<meta name=\"twitter:data2\" content=\"1 minute\" \/>\n<script type=\"application\/ld+json\" class=\"yoast-schema-graph\">{\"@context\":\"https:\\\/\\\/schema.org\",\"@graph\":[{\"@type\":\"NewsArticle\",\"@id\":\"https:\\\/\\\/caen-yacht-club.com\\\/web\\\/semaine-en-mer-du-15-au-20-juillet\\\/#article\",\"isPartOf\":{\"@id\":\"https:\\\/\\\/caen-yacht-club.com\\\/web\\\/semaine-en-mer-du-15-au-20-juillet\\\/\"},\"author\":{\"name\":\"Damien BULLET\",\"@id\":\"https:\\\/\\\/caen-yacht-club.com\\\/web\\\/#\\\/schema\\\/person\\\/38f45dab01ccdf9e6429c7fd372783fe\"},\"headline\":\"Semaine en mer du 15 au 20 juillet\",\"datePublished\":\"2019-06-28T12:38:28+00:00\",\"dateModified\":\"2019-06-28T12:41:01+00:00\",\"mainEntityOfPage\":{\"@id\":\"https:\\\/\\\/caen-yacht-club.com\\\/web\\\/semaine-en-mer-du-15-au-20-juillet\\\/\"},\"wordCount\":160,\"commentCount\":0,\"publisher\":{\"@id\":\"https:\\\/\\\/caen-yacht-club.com\\\/web\\\/#organization\"},\"image\":{\"@id\":\"https:\\\/\\\/caen-yacht-club.com\\\/web\\\/semaine-en-mer-du-15-au-20-juillet\\\/#primaryimage\"},\"thumbnailUrl\":\"https:\\\/\\\/i0.wp.com\\\/caen-yacht-club.com\\\/web\\\/wp-content\\\/uploads\\\/2019\\\/06\\\/v3m3v.jpeg?fit=300%2C298&ssl=1\",\"articleSection\":[\"Actualit\u00e9\",\"Ecole J80\"],\"inLanguage\":\"fr-FR\",\"potentialAction\":[{\"@type\":\"CommentAction\",\"name\":\"Comment\",\"target\":[\"https:\\\/\\\/caen-yacht-club.com\\\/web\\\/semaine-en-mer-du-15-au-20-juillet\\\/#respond\"]}]},{\"@type\":\"WebPage\",\"@id\":\"https:\\\/\\\/caen-yacht-club.com\\\/web\\\/semaine-en-mer-du-15-au-20-juillet\\\/\",\"url\":\"https:\\\/\\\/caen-yacht-club.com\\\/web\\\/semaine-en-mer-du-15-au-20-juillet\\\/\",\"name\":\"Caen Yacht Club Actualit\u00e9s\",\"isPartOf\":{\"@id\":\"https:\\\/\\\/caen-yacht-club.com\\\/web\\\/#website\"},\"primaryImageOfPage\":{\"@id\":\"https:\\\/\\\/caen-yacht-club.com\\\/web\\\/semaine-en-mer-du-15-au-20-juillet\\\/#primaryimage\"},\"image\":{\"@id\":\"https:\\\/\\\/caen-yacht-club.com\\\/web\\\/semaine-en-mer-du-15-au-20-juillet\\\/#primaryimage\"},\"thumbnailUrl\":\"https:\\\/\\\/i0.wp.com\\\/caen-yacht-club.com\\\/web\\\/wp-content\\\/uploads\\\/2019\\\/06\\\/v3m3v.jpeg?fit=300%2C298&ssl=1\",\"datePublished\":\"2019-06-28T12:38:28+00:00\",\"dateModified\":\"2019-06-28T12:41:01+00:00\",\"description\":\"Les actualit\u00e9s et \u00e9v\u00e8nements du Caen Yacht Club. R\u00e9gates, Cours de voile, Conf\u00e9rences\",\"breadcrumb\":{\"@id\":\"https:\\\/\\\/caen-yacht-club.com\\\/web\\\/semaine-en-mer-du-15-au-20-juillet\\\/#breadcrumb\"},\"inLanguage\":\"fr-FR\",\"potentialAction\":[{\"@type\":\"ReadAction\",\"target\":[\"https:\\\/\\\/caen-yacht-club.com\\\/web\\\/semaine-en-mer-du-15-au-20-juillet\\\/\"]}]},{\"@type\":\"ImageObject\",\"inLanguage\":\"fr-FR\",\"@id\":\"https:\\\/\\\/caen-yacht-club.com\\\/web\\\/semaine-en-mer-du-15-au-20-juillet\\\/#primaryimage\",\"url\":\"https:\\\/\\\/i0.wp.com\\\/caen-yacht-club.com\\\/web\\\/wp-content\\\/uploads\\\/2019\\\/06\\\/v3m3v.jpeg?fit=300%2C298&ssl=1\",\"contentUrl\":\"https:\\\/\\\/i0.wp.com\\\/caen-yacht-club.com\\\/web\\\/wp-content\\\/uploads\\\/2019\\\/06\\\/v3m3v.jpeg?fit=300%2C298&ssl=1\",\"width\":300,\"height\":298},{\"@type\":\"BreadcrumbList\",\"@id\":\"https:\\\/\\\/caen-yacht-club.com\\\/web\\\/semaine-en-mer-du-15-au-20-juillet\\\/#breadcrumb\",\"itemListElement\":[{\"@type\":\"ListItem\",\"position\":1,\"name\":\"Accueil\",\"item\":\"https:\\\/\\\/caen-yacht-club.com\\\/web\\\/\"},{\"@type\":\"ListItem\",\"position\":2,\"name\":\"Semaine en mer du 15 au 20 juillet\"}]},{\"@type\":\"WebSite\",\"@id\":\"https:\\\/\\\/caen-yacht-club.com\\\/web\\\/#website\",\"url\":\"https:\\\/\\\/caen-yacht-club.com\\\/web\\\/\",\"name\":\"Caen Yacht Club\",\"description\":\"Naviguez en ville\",\"publisher\":{\"@id\":\"https:\\\/\\\/caen-yacht-club.com\\\/web\\\/#organization\"},\"potentialAction\":[{\"@type\":\"SearchAction\",\"target\":{\"@type\":\"EntryPoint\",\"urlTemplate\":\"https:\\\/\\\/caen-yacht-club.com\\\/web\\\/?s={search_term_string}\"},\"query-input\":{\"@type\":\"PropertyValueSpecification\",\"valueRequired\":true,\"valueName\":\"search_term_string\"}}],\"inLanguage\":\"fr-FR\"},{\"@type\":\"Organization\",\"@id\":\"https:\\\/\\\/caen-yacht-club.com\\\/web\\\/#organization\",\"name\":\"Caen Yacht Club\",\"url\":\"https:\\\/\\\/caen-yacht-club.com\\\/web\\\/\",\"logo\":{\"@type\":\"ImageObject\",\"inLanguage\":\"fr-FR\",\"@id\":\"https:\\\/\\\/caen-yacht-club.com\\\/web\\\/#\\\/schema\\\/logo\\\/image\\\/\",\"url\":\"https:\\\/\\\/i0.wp.com\\\/caen-yacht-club.com\\\/web\\\/wp-content\\\/uploads\\\/2020\\\/03\\\/Logo_CYC_20170104-e1585662025871.png?fit=500%2C472&ssl=1\",\"contentUrl\":\"https:\\\/\\\/i0.wp.com\\\/caen-yacht-club.com\\\/web\\\/wp-content\\\/uploads\\\/2020\\\/03\\\/Logo_CYC_20170104-e1585662025871.png?fit=500%2C472&ssl=1\",\"width\":500,\"height\":472,\"caption\":\"Caen Yacht Club\"},\"image\":{\"@id\":\"https:\\\/\\\/caen-yacht-club.com\\\/web\\\/#\\\/schema\\\/logo\\\/image\\\/\"}},{\"@type\":\"Person\",\"@id\":\"https:\\\/\\\/caen-yacht-club.com\\\/web\\\/#\\\/schema\\\/person\\\/38f45dab01ccdf9e6429c7fd372783fe\",\"name\":\"Damien BULLET\",\"image\":{\"@type\":\"ImageObject\",\"inLanguage\":\"fr-FR\",\"@id\":\"https:\\\/\\\/secure.gravatar.com\\\/avatar\\\/0c69813934744fc030932dbda30c96ed63755f50f85910b865b465baec75149c?s=96&d=mm&r=g\",\"url\":\"https:\\\/\\\/secure.gravatar.com\\\/avatar\\\/0c69813934744fc030932dbda30c96ed63755f50f85910b865b465baec75149c?s=96&d=mm&r=g\",\"contentUrl\":\"https:\\\/\\\/secure.gravatar.com\\\/avatar\\\/0c69813934744fc030932dbda30c96ed63755f50f85910b865b465baec75149c?s=96&d=mm&r=g\",\"caption\":\"Damien BULLET\"},\"url\":\"https:\\\/\\\/caen-yacht-club.com\\\/web\\\/espace-membre\\\/?uid=221\"}]}<\/script>\n<!-- \/ Yoast SEO plugin. -->","yoast_head_json":{"title":"Caen Yacht Club Actualit\u00e9s","description":"Les actualit\u00e9s et \u00e9v\u00e8nements du Caen Yacht Club. R\u00e9gates, Cours de voile, Conf\u00e9rences","robots":{"index":"index","follow":"follow","max-snippet":"max-snippet:-1","max-image-preview":"max-image-preview:large","max-video-preview":"max-video-preview:-1"},"canonical":"https:\/\/caen-yacht-club.com\/web\/semaine-en-mer-du-15-au-20-juillet\/","og_locale":"fr_FR","og_type":"article","og_title":"Caen Yacht Club Actualit\u00e9s","og_description":"Les actualit\u00e9s et \u00e9v\u00e8nements du Caen Yacht Club. R\u00e9gates, Cours de voile, Conf\u00e9rences","og_url":"https:\/\/caen-yacht-club.com\/web\/semaine-en-mer-du-15-au-20-juillet\/","og_site_name":"Caen Yacht Club","article_published_time":"2019-06-28T12:38:28+00:00","article_modified_time":"2019-06-28T12:41:01+00:00","og_image":[{"width":300,"height":298,"url":"https:\/\/i0.wp.com\/caen-yacht-club.com\/web\/wp-content\/uploads\/2019\/06\/v3m3v.jpeg?fit=300%2C298&ssl=1","type":"image\/jpeg"}],"author":"Damien BULLET","twitter_card":"summary_large_image","twitter_misc":{"\u00c9crit par":"Damien BULLET","Dur\u00e9e de lecture estim\u00e9e":"1 minute"},"schema":{"@context":"https:\/\/schema.org","@graph":[{"@type":"NewsArticle","@id":"https:\/\/caen-yacht-club.com\/web\/semaine-en-mer-du-15-au-20-juillet\/#article","isPartOf":{"@id":"https:\/\/caen-yacht-club.com\/web\/semaine-en-mer-du-15-au-20-juillet\/"},"author":{"name":"Damien BULLET","@id":"https:\/\/caen-yacht-club.com\/web\/#\/schema\/person\/38f45dab01ccdf9e6429c7fd372783fe"},"headline":"Semaine en mer du 15 au 20 juillet","datePublished":"2019-06-28T12:38:28+00:00","dateModified":"2019-06-28T12:41:01+00:00","mainEntityOfPage":{"@id":"https:\/\/caen-yacht-club.com\/web\/semaine-en-mer-du-15-au-20-juillet\/"},"wordCount":160,"commentCount":0,"publisher":{"@id":"https:\/\/caen-yacht-club.com\/web\/#organization"},"image":{"@id":"https:\/\/caen-yacht-club.com\/web\/semaine-en-mer-du-15-au-20-juillet\/#primaryimage"},"thumbnailUrl":"https:\/\/i0.wp.com\/caen-yacht-club.com\/web\/wp-content\/uploads\/2019\/06\/v3m3v.jpeg?fit=300%2C298&ssl=1","articleSection":["Actualit\u00e9","Ecole J80"],"inLanguage":"fr-FR","potentialAction":[{"@type":"CommentAction","name":"Comment","target":["https:\/\/caen-yacht-club.com\/web\/semaine-en-mer-du-15-au-20-juillet\/#respond"]}]},{"@type":"WebPage","@id":"https:\/\/caen-yacht-club.com\/web\/semaine-en-mer-du-15-au-20-juillet\/","url":"https:\/\/caen-yacht-club.com\/web\/semaine-en-mer-du-15-au-20-juillet\/","name":"Caen Yacht Club Actualit\u00e9s","isPartOf":{"@id":"https:\/\/caen-yacht-club.com\/web\/#website"},"primaryImageOfPage":{"@id":"https:\/\/caen-yacht-club.com\/web\/semaine-en-mer-du-15-au-20-juillet\/#primaryimage"},"image":{"@id":"https:\/\/caen-yacht-club.com\/web\/semaine-en-mer-du-15-au-20-juillet\/#primaryimage"},"thumbnailUrl":"https:\/\/i0.wp.com\/caen-yacht-club.com\/web\/wp-content\/uploads\/2019\/06\/v3m3v.jpeg?fit=300%2C298&ssl=1","datePublished":"2019-06-28T12:38:28+00:00","dateModified":"2019-06-28T12:41:01+00:00","description":"Les actualit\u00e9s et \u00e9v\u00e8nements du Caen Yacht Club. R\u00e9gates, Cours de voile, Conf\u00e9rences","breadcrumb":{"@id":"https:\/\/caen-yacht-club.com\/web\/semaine-en-mer-du-15-au-20-juillet\/#breadcrumb"},"inLanguage":"fr-FR","potentialAction":[{"@type":"ReadAction","target":["https:\/\/caen-yacht-club.com\/web\/semaine-en-mer-du-15-au-20-juillet\/"]}]},{"@type":"ImageObject","inLanguage":"fr-FR","@id":"https:\/\/caen-yacht-club.com\/web\/semaine-en-mer-du-15-au-20-juillet\/#primaryimage","url":"https:\/\/i0.wp.com\/caen-yacht-club.com\/web\/wp-content\/uploads\/2019\/06\/v3m3v.jpeg?fit=300%2C298&ssl=1","contentUrl":"https:\/\/i0.wp.com\/caen-yacht-club.com\/web\/wp-content\/uploads\/2019\/06\/v3m3v.jpeg?fit=300%2C298&ssl=1","width":300,"height":298},{"@type":"BreadcrumbList","@id":"https:\/\/caen-yacht-club.com\/web\/semaine-en-mer-du-15-au-20-juillet\/#breadcrumb","itemListElement":[{"@type":"ListItem","position":1,"name":"Accueil","item":"https:\/\/caen-yacht-club.com\/web\/"},{"@type":"ListItem","position":2,"name":"Semaine en mer du 15 au 20 juillet"}]},{"@type":"WebSite","@id":"https:\/\/caen-yacht-club.com\/web\/#website","url":"https:\/\/caen-yacht-club.com\/web\/","name":"Caen Yacht Club","description":"Naviguez en ville","publisher":{"@id":"https:\/\/caen-yacht-club.com\/web\/#organization"},"potentialAction":[{"@type":"SearchAction","target":{"@type":"EntryPoint","urlTemplate":"https:\/\/caen-yacht-club.com\/web\/?s={search_term_string}"},"query-input":{"@type":"PropertyValueSpecification","valueRequired":true,"valueName":"search_term_string"}}],"inLanguage":"fr-FR"},{"@type":"Organization","@id":"https:\/\/caen-yacht-club.com\/web\/#organization","name":"Caen Yacht Club","url":"https:\/\/caen-yacht-club.com\/web\/","logo":{"@type":"ImageObject","inLanguage":"fr-FR","@id":"https:\/\/caen-yacht-club.com\/web\/#\/schema\/logo\/image\/","url":"https:\/\/i0.wp.com\/caen-yacht-club.com\/web\/wp-content\/uploads\/2020\/03\/Logo_CYC_20170104-e1585662025871.png?fit=500%2C472&ssl=1","contentUrl":"https:\/\/i0.wp.com\/caen-yacht-club.com\/web\/wp-content\/uploads\/2020\/03\/Logo_CYC_20170104-e1585662025871.png?fit=500%2C472&ssl=1","width":500,"height":472,"caption":"Caen Yacht Club"},"image":{"@id":"https:\/\/caen-yacht-club.com\/web\/#\/schema\/logo\/image\/"}},{"@type":"Person","@id":"https:\/\/caen-yacht-club.com\/web\/#\/schema\/person\/38f45dab01ccdf9e6429c7fd372783fe","name":"Damien BULLET","image":{"@type":"ImageObject","inLanguage":"fr-FR","@id":"https:\/\/secure.gravatar.com\/avatar\/0c69813934744fc030932dbda30c96ed63755f50f85910b865b465baec75149c?s=96&d=mm&r=g","url":"https:\/\/secure.gravatar.com\/avatar\/0c69813934744fc030932dbda30c96ed63755f50f85910b865b465baec75149c?s=96&d=mm&r=g","contentUrl":"https:\/\/secure.gravatar.com\/avatar\/0c69813934744fc030932dbda30c96ed63755f50f85910b865b465baec75149c?s=96&d=mm&r=g","caption":"Damien BULLET"},"url":"https:\/\/caen-yacht-club.com\/web\/espace-membre\/?uid=221"}]}},"jetpack_featured_media_url":"https:\/\/i0.wp.com\/caen-yacht-club.com\/web\/wp-content\/uploads\/2019\/06\/v3m3v.jpeg?fit=300%2C298&ssl=1","jetpack_sharing_enabled":true,"jetpack_shortlink":"https:\/\/wp.me\/p7ppuD-WH","jetpack-related-posts":[{"id":11803,"url":"https:\/\/caen-yacht-club.com\/web\/stages-dete-2022\/","url_meta":{"origin":3639,"position":0},"title":"Stages d&#8217;\u00e9t\u00e9 2022 &#8211; du 11 juillet au 12 ao\u00fbt","author":"Anne CHIVOT","date":"9 mai 2022","format":false,"excerpt":"L'\u00e9cole de voile du Caen Yacht Club prend ses quartiers d'\u00e9t\u00e9 du 11 juillet au 12 ao\u00fbt et propose des stages de voile sur J80 : 230 \u20ac assurance comprise A partir de 16 ans Prise en main sur le canal avant de partir en mer Encadrement avec un moniteur\u2026","rel":"","context":"Dans &quot;Actualit\u00e9&quot;","block_context":{"text":"Actualit\u00e9","link":"https:\/\/caen-yacht-club.com\/web\/category\/actualite\/"},"img":{"alt_text":"","src":"https:\/\/i0.wp.com\/caen-yacht-club.com\/web\/wp-content\/uploads\/Sans-titre1.jpg?fit=869%2C491&ssl=1&resize=350%2C200","width":350,"height":200,"srcset":"https:\/\/i0.wp.com\/caen-yacht-club.com\/web\/wp-content\/uploads\/Sans-titre1.jpg?fit=869%2C491&ssl=1&resize=350%2C200 1x, https:\/\/i0.wp.com\/caen-yacht-club.com\/web\/wp-content\/uploads\/Sans-titre1.jpg?fit=869%2C491&ssl=1&resize=525%2C300 1.5x, https:\/\/i0.wp.com\/caen-yacht-club.com\/web\/wp-content\/uploads\/Sans-titre1.jpg?fit=869%2C491&ssl=1&resize=700%2C400 2x"},"classes":[]},{"id":12638,"url":"https:\/\/caen-yacht-club.com\/web\/stagesvoile2023\/","url_meta":{"origin":3639,"position":1},"title":"Stages d&#8217;\u00e9t\u00e9 2023 &#8211; du 17 juillet au 4 ao\u00fbt","author":"Anne CHIVOT","date":"11 mai 2023","format":false,"excerpt":"L'\u00e9cole de voile du Caen Yacht Club prend ses quartiers d'\u00e9t\u00e9 du 17 juillet au 4 ao\u00fbt et propose des stages de voile sur J80 : 250 \u20ac assurance comprise A partir de 16 ans Prise en main sur le canal avant de partir en mer Encadrement avec un moniteur\u2026","rel":"","context":"Dans &quot;Actualit\u00e9&quot;","block_context":{"text":"Actualit\u00e9","link":"https:\/\/caen-yacht-club.com\/web\/category\/actualite\/"},"img":{"alt_text":"","src":"https:\/\/i0.wp.com\/caen-yacht-club.com\/web\/wp-content\/uploads\/Sans-titre1.jpg?fit=869%2C491&ssl=1&resize=350%2C200","width":350,"height":200,"srcset":"https:\/\/i0.wp.com\/caen-yacht-club.com\/web\/wp-content\/uploads\/Sans-titre1.jpg?fit=869%2C491&ssl=1&resize=350%2C200 1x, https:\/\/i0.wp.com\/caen-yacht-club.com\/web\/wp-content\/uploads\/Sans-titre1.jpg?fit=869%2C491&ssl=1&resize=525%2C300 1.5x, https:\/\/i0.wp.com\/caen-yacht-club.com\/web\/wp-content\/uploads\/Sans-titre1.jpg?fit=869%2C491&ssl=1&resize=700%2C400 2x"},"classes":[]},{"id":13546,"url":"https:\/\/caen-yacht-club.com\/web\/sorties-mer-du-22-au-25-avril\/","url_meta":{"origin":3639,"position":2},"title":"Sorties mer du 22 au 25 avril","author":"Anne CHIVOT","date":"12 avril 2024","format":false,"excerpt":"Nous mettons en place un stage en mer en J80 la 1\u00e8re semaine des vacances de Printemps pour nos adh\u00e9rents de l'\u00e9cole de voile. Nous vous demandons de vous inscrire \u00e0 2 s\u00e9ances maximum (dans un premier temps).\u00a0 Merci de r\u00e9gler vos sorties en passant au bureau ou en ligne\u2026","rel":"","context":"Dans &quot;Ecole J80&quot;","block_context":{"text":"Ecole J80","link":"https:\/\/caen-yacht-club.com\/web\/category\/ecole-j80\/"},"img":{"alt_text":"","src":"https:\/\/i0.wp.com\/caen-yacht-club.com\/web\/wp-content\/uploads\/Design-sans-titre.jpg?fit=1200%2C729&ssl=1&resize=350%2C200","width":350,"height":200,"srcset":"https:\/\/i0.wp.com\/caen-yacht-club.com\/web\/wp-content\/uploads\/Design-sans-titre.jpg?fit=1200%2C729&ssl=1&resize=350%2C200 1x, https:\/\/i0.wp.com\/caen-yacht-club.com\/web\/wp-content\/uploads\/Design-sans-titre.jpg?fit=1200%2C729&ssl=1&resize=525%2C300 1.5x, https:\/\/i0.wp.com\/caen-yacht-club.com\/web\/wp-content\/uploads\/Design-sans-titre.jpg?fit=1200%2C729&ssl=1&resize=700%2C400 2x, https:\/\/i0.wp.com\/caen-yacht-club.com\/web\/wp-content\/uploads\/Design-sans-titre.jpg?fit=1200%2C729&ssl=1&resize=1050%2C600 3x"},"classes":[]},{"id":13043,"url":"https:\/\/caen-yacht-club.com\/web\/sorties-mer-du-23-au-26-octobre-2023\/","url_meta":{"origin":3639,"position":3},"title":"Sorties mer du 23 au 26 octobre 2023","author":"Anne CHIVOT","date":"22 septembre 2023","format":false,"excerpt":"Comme l\u2019ann\u00e9e derni\u00e8re, nous mettons en place un stage en mer en J80 la 1\u00e8re semaine des vacances de la Toussaint pour nos adh\u00e9rents de l'\u00e9cole de voile. Ce stage se d\u00e9roulera \u00e0 Ouistreham du lundi 23 au jeudi 26 octobre 2023. Les inscriptions se font \u00e0 la journ\u00e9e, 15\u2026","rel":"","context":"Dans &quot;Actualit\u00e9&quot;","block_context":{"text":"Actualit\u00e9","link":"https:\/\/caen-yacht-club.com\/web\/category\/actualite\/"},"img":{"alt_text":"","src":"https:\/\/i0.wp.com\/caen-yacht-club.com\/web\/wp-content\/uploads\/Design-sans-titre.jpg?fit=1200%2C729&ssl=1&resize=350%2C200","width":350,"height":200,"srcset":"https:\/\/i0.wp.com\/caen-yacht-club.com\/web\/wp-content\/uploads\/Design-sans-titre.jpg?fit=1200%2C729&ssl=1&resize=350%2C200 1x, https:\/\/i0.wp.com\/caen-yacht-club.com\/web\/wp-content\/uploads\/Design-sans-titre.jpg?fit=1200%2C729&ssl=1&resize=525%2C300 1.5x, https:\/\/i0.wp.com\/caen-yacht-club.com\/web\/wp-content\/uploads\/Design-sans-titre.jpg?fit=1200%2C729&ssl=1&resize=700%2C400 2x, https:\/\/i0.wp.com\/caen-yacht-club.com\/web\/wp-content\/uploads\/Design-sans-titre.jpg?fit=1200%2C729&ssl=1&resize=1050%2C600 3x"},"classes":[]},{"id":13579,"url":"https:\/\/caen-yacht-club.com\/web\/convoyages-deauville\/","url_meta":{"origin":3639,"position":4},"title":"Convoyages Deauville","author":"Anne CHIVOT","date":"2 mai 2024","format":false,"excerpt":"Comme annonc\u00e9 depuis quelques semaines, nous allons convoyer nos 6 J80 vers Deauville pour un \u00e9v\u00e9nement organis\u00e9 par le Deauville Yacht Club qui a lieu le 28 mai. Convoyage Canal Caen - Ouistreham : \u00a0 \u21d2 Aller : Vendredi 24 mai : Convoyage des bateaux CAEN\/OUISTREHAM \u00b7 RDV \u00e0 la\u2026","rel":"","context":"Dans &quot;Ecole J80&quot;","block_context":{"text":"Ecole J80","link":"https:\/\/caen-yacht-club.com\/web\/category\/ecole-j80\/"},"img":{"alt_text":"","src":"https:\/\/i0.wp.com\/caen-yacht-club.com\/web\/wp-content\/uploads\/Sorties-en-mer-en-J801.jpg?fit=1200%2C729&ssl=1&resize=350%2C200","width":350,"height":200,"srcset":"https:\/\/i0.wp.com\/caen-yacht-club.com\/web\/wp-content\/uploads\/Sorties-en-mer-en-J801.jpg?fit=1200%2C729&ssl=1&resize=350%2C200 1x, https:\/\/i0.wp.com\/caen-yacht-club.com\/web\/wp-content\/uploads\/Sorties-en-mer-en-J801.jpg?fit=1200%2C729&ssl=1&resize=525%2C300 1.5x, https:\/\/i0.wp.com\/caen-yacht-club.com\/web\/wp-content\/uploads\/Sorties-en-mer-en-J801.jpg?fit=1200%2C729&ssl=1&resize=700%2C400 2x, https:\/\/i0.wp.com\/caen-yacht-club.com\/web\/wp-content\/uploads\/Sorties-en-mer-en-J801.jpg?fit=1200%2C729&ssl=1&resize=1050%2C600 3x"},"classes":[]},{"id":11838,"url":"https:\/\/caen-yacht-club.com\/web\/10e-rallye-croisiere-du-calvados\/","url_meta":{"origin":3639,"position":5},"title":"10e Rallye Croisi\u00e8re du Calvados &#8211; Voguons sur les traces de Guillaume Le Conqu\u00e9rant du 15 au 18 septembre 2022","author":"Anne CHIVOT","date":"10 mai 2022","format":false,"excerpt":"Jeudi 15 septembre 14h -Rassemblement des bateaux \u00e0 Ouistreham en tenue d'apparat. Souriez, vous \u00eates film\u00e9s !! Challenge N\u00b01 *. 16h - Jeux m\u00e9di\u00e9vaux 18h - Ap\u00e9ritif \u00e0 la SRCO avec les chanteurs du Caen Yacht Club. Hymne du Caen Yacht Club : La Complainte du Bassin St-Pierre. Repas traiteur\u2026","rel":"","context":"Dans &quot;Actualit\u00e9&quot;","block_context":{"text":"Actualit\u00e9","link":"https:\/\/caen-yacht-club.com\/web\/category\/actualite\/"},"img":{"alt_text":"","src":"https:\/\/i0.wp.com\/caen-yacht-club.com\/web\/wp-content\/uploads\/RCC-2022-petit.jpg?fit=604%2C861&ssl=1&resize=350%2C200","width":350,"height":200,"srcset":"https:\/\/i0.wp.com\/caen-yacht-club.com\/web\/wp-content\/uploads\/RCC-2022-petit.jpg?fit=604%2C861&ssl=1&resize=350%2C200 1x, https:\/\/i0.wp.com\/caen-yacht-club.com\/web\/wp-content\/uploads\/RCC-2022-petit.jpg?fit=604%2C861&ssl=1&resize=525%2C300 1.5x"},"classes":[]}],"_links":{"self":[{"href":"https:\/\/caen-yacht-club.com\/web\/wp-json\/wp\/v2\/posts\/3639","targetHints":{"allow":["GET"]}}],"collection":[{"href":"https:\/\/caen-yacht-club.com\/web\/wp-json\/wp\/v2\/posts"}],"about":[{"href":"https:\/\/caen-yacht-club.com\/web\/wp-json\/wp\/v2\/types\/post"}],"author":[{"embeddable":true,"href":"https:\/\/caen-yacht-club.com\/web\/wp-json\/wp\/v2\/users\/221"}],"replies":[{"embeddable":true,"href":"https:\/\/caen-yacht-club.com\/web\/wp-json\/wp\/v2\/comments?post=3639"}],"version-history":[{"count":0,"href":"https:\/\/caen-yacht-club.com\/web\/wp-json\/wp\/v2\/posts\/3639\/revisions"}],"wp:featuredmedia":[{"embeddable":true,"href":"https:\/\/caen-yacht-club.com\/web\/wp-json\/wp\/v2\/media\/3640"}],"wp:attachment":[{"href":"https:\/\/caen-yacht-club.com\/web\/wp-json\/wp\/v2\/media?parent=3639"}],"wp:term":[{"taxonomy":"category","embeddable":true,"href":"https:\/\/caen-yacht-club.com\/web\/wp-json\/wp\/v2\/categories?post=3639"},{"taxonomy":"post_tag","embeddable":true,"href":"https:\/\/caen-yacht-club.com\/web\/wp-json\/wp\/v2\/tags?post=3639"}],"curies":[{"name":"wp","href":"https:\/\/api.w.org\/{rel}","templated":true}]}}